{"id":6713,"date":"2022-06-01T07:45:06","date_gmt":"2022-06-01T06:45:06","guid":{"rendered":"http:\/\/spbielsk.pl\/?p=6713"},"modified":"2022-06-01T07:45:27","modified_gmt":"2022-06-01T06:45:27","slug":"xviii-regionalny-konkurs-historyczny-polska-jagiellonow-wyniki-pierwszego-etapu","status":"publish","type":"post","link":"https:\/\/spbielsk.pl\/?p=6713","title":{"rendered":"XVIII REGIONALNY KONKURS HISTORYCZNY &#8222;POLSKA JAGIELLON\u00d3W&#8221; &#8211; WYNIKI PIERWSZEGO ETAPU"},"content":{"rendered":"\n<div dir=\"auto\" style=\"text-align: center;\"><img decoding=\"async\" class=\"aligncenter size-medium wp-image-6714\" src=\"http:\/\/spbielsk.pl\/wp-content\/uploads\/2022\/06\/285146881_4903453159762965_6394012292439844216_n-300x131.jpg\" alt=\"\" width=\"300\" height=\"131\" srcset=\"https:\/\/spbielsk.pl\/wp-content\/uploads\/2022\/06\/285146881_4903453159762965_6394012292439844216_n-300x131.jpg 300w, https:\/\/spbielsk.pl\/wp-content\/uploads\/2022\/06\/285146881_4903453159762965_6394012292439844216_n.jpg 727w\" sizes=\"(max-width: 300px) 100vw, 300px\" \/><\/div>\n<div dir=\"auto\" style=\"text-align: center;\">\u00a0<\/div>\n<p><!--more--><\/p>\n<div class=\"cxmmr5t8 oygrvhab hcukyx3x c1et5uql o9v6fnle ii04i59q\" style=\"text-align: justify;\">\n<div dir=\"auto\" style=\"text-align: justify;\">W dniu 30. maja odby\u0142 si\u0119 pierwszy etap regionalnego konkursu historycznego &#8222;Polska Jagiellon\u00f3w&#8221; organizowanego przez Liceum Og\u00f3lnokszta\u0142c\u0105ce im. W\u0142adys\u0142awa Jagie\u0142\u0142y w P\u0142ocku.<\/div>\n<div dir=\"auto\" style=\"text-align: justify;\">Uczniowie ze szk\u00f3\u0142 podstawowych z P\u0142ocka i powiatu p\u0142ockiego mierzyli si\u0119 z testem wiedzy, stanowi\u0105cym eliminacje do fina\u0142u konkursu.<\/div>\n<div dir=\"auto\" style=\"text-align: justify;\">W pierwszym etapie zwyci\u0119\u017cy\u0142 Przemys\u0142aw Michalski z klasy 4a kt\u00f3ry uzyska\u0142 \u0142\u0105cznie 40 punkt\u00f3w.<\/div>\n<div dir=\"auto\" style=\"text-align: justify;\">Niewielk\u0105 strat\u0119 punktow\u0105 do zwyci\u0119zcy zanotowali uczniowie ze SP nr 6 w P\u0142ocku, a stawk\u0119 finalist\u00f3w uzupe\u0142nia jako czwarta r\u00f3wnie\u017c Nasza uczennica Milena Turbacz z klasy 8a.<\/div>\n<div dir=\"auto\" style=\"text-align: justify;\">Niezwykle wyr\u00f3wnane wyniki w trudnym, pierwszym etapie konkursu zapowiadaj\u0105 pasjonuj\u0105cy fina\u0142 wymienionej czw\u00f3rki, kt\u00f3ry odb\u0119dzie si\u0119 ju\u017c w najbli\u017cszy czwartek 2 czerwca.<\/div>\n<\/div>\n<div class=\"cxmmr5t8 oygrvhab hcukyx3x c1et5uql o9v6fnle ii04i59q\">\n<div dir=\"auto\" style=\"text-align: justify;\">Trzymamy kciuki za Naszych reprezentant\u00f3w w finale konkursu.<\/div>\n<div dir=\"auto\" style=\"text-align: justify;\"><span style=\"color: initial;\">Uczniowie do konkursu przygotowuj\u0105 si\u0119 pod kierunkiem pana \u0141ukasza J\u0119drzejewskiego.<\/span><\/div>\n<\/div>\n<div class=\"cxmmr5t8 oygrvhab hcukyx3x c1et5uql o9v6fnle ii04i59q\">\n<div dir=\"auto\">Zdj\u0119cie pochodzi ze strony: <a class=\"oajrlxb2 g5ia77u1 qu0x051f esr5mh6w e9989ue4 r7d6kgcz rq0escxv nhd2j8a9 nc684nl6 p7hjln8o kvgmc6g5 cxmmr5t8 oygrvhab hcukyx3x jb3vyjys rz4wbd8a qt6c0cv9 a8nywdso i1ao9s8h esuyzwwr f1sip0of lzcic4wl gpro0wi8 py34i1dx\" tabindex=\"0\" role=\"link\" href=\"http:\/\/jagiellonka.edupage.org\/?fbclid=IwAR0kCJakzCsC9lEAt-NZ40gvE3NsKTjv-R197lfdcgg1iwth4xh1q0oenmc\" target=\"_blank\" rel=\"nofollow noopener\">jagiellonka.edupage.org<\/a><\/div>\n<\/div>\n","protected":false},"excerpt":{"rendered":"<p>\u00a0<\/p>\n","protected":false},"author":1,"featured_media":0,"comment_status":"closed","ping_status":"closed","sticky":false,"template":"","format":"standard","meta":{"footnotes":""},"categories":[5],"tags":[],"class_list":["post-6713","post","type-post","status-publish","format-standard","hentry","category-s-p-bielsk"],"_links":{"self":[{"href":"https:\/\/spbielsk.pl\/index.php?rest_route=\/wp\/v2\/posts\/6713","targetHints":{"allow":["GET"]}}],"collection":[{"href":"https:\/\/spbielsk.pl\/index.php?rest_route=\/wp\/v2\/posts"}],"about":[{"href":"https:\/\/spbielsk.pl\/index.php?rest_route=\/wp\/v2\/types\/post"}],"author":[{"embeddable":true,"href":"https:\/\/spbielsk.pl\/index.php?rest_route=\/wp\/v2\/users\/1"}],"replies":[{"embeddable":true,"href":"https:\/\/spbielsk.pl\/index.php?rest_route=%2Fwp%2Fv2%2Fcomments&post=6713"}],"version-history":[{"count":2,"href":"https:\/\/spbielsk.pl\/index.php?rest_route=\/wp\/v2\/posts\/6713\/revisions"}],"predecessor-version":[{"id":6716,"href":"https:\/\/spbielsk.pl\/index.php?rest_route=\/wp\/v2\/posts\/6713\/revisions\/6716"}],"wp:attachment":[{"href":"https:\/\/spbielsk.pl\/index.php?rest_route=%2Fwp%2Fv2%2Fmedia&parent=6713"}],"wp:term":[{"taxonomy":"category","embeddable":true,"href":"https:\/\/spbielsk.pl\/index.php?rest_route=%2Fwp%2Fv2%2Fcategories&post=6713"},{"taxonomy":"post_tag","embeddable":true,"href":"https:\/\/spbielsk.pl\/index.php?rest_route=%2Fwp%2Fv2%2Ftags&post=6713"}],"curies":[{"name":"wp","href":"https:\/\/api.w.org\/{rel}","templated":true}]}}