{"id":6710,"date":"2022-06-01T05:40:00","date_gmt":"2022-06-01T04:40:00","guid":{"rendered":"http:\/\/spbielsk.pl\/?p=6710"},"modified":"2022-06-01T11:42:54","modified_gmt":"2022-06-01T10:42:54","slug":"dzien-mamy-i-taty-w-klasie-2a","status":"publish","type":"post","link":"https:\/\/spbielsk.pl\/?p=6710","title":{"rendered":"Dzie\u0144 Mamy i Taty w klasie 2a"},"content":{"rendered":"\n<p style=\"text-align: center;\"><img fetchpriority=\"high\" decoding=\"async\" class=\"aligncenter size-medium wp-image-6711\" src=\"http:\/\/spbielsk.pl\/wp-content\/uploads\/2022\/06\/285406174_3113568875532801_7145358794908399206_n-300x225.jpg\" alt=\"\" width=\"300\" height=\"225\" srcset=\"https:\/\/spbielsk.pl\/wp-content\/uploads\/2022\/06\/285406174_3113568875532801_7145358794908399206_n-300x225.jpg 300w, https:\/\/spbielsk.pl\/wp-content\/uploads\/2022\/06\/285406174_3113568875532801_7145358794908399206_n-768x576.jpg 768w, https:\/\/spbielsk.pl\/wp-content\/uploads\/2022\/06\/285406174_3113568875532801_7145358794908399206_n.jpg 960w\" sizes=\"(max-width: 300px) 100vw, 300px\" \/><\/p>\n<p style=\"text-align: center;\"><!--more--><\/p>\n<p style=\"text-align: justify;\">Dnia 27 maja 2022 roku klasa 2a zorganizowa\u0142a obchody Dnia Mamy i Taty. Spotkanie rozpocz\u0105\u0142 monta\u017c s\u0142owno- muzyczny w wykonaniu uczni\u00f3w. Aby ta uroczysto\u015b\u0107 by\u0142a dniem dobrej zabawy rodzice pi\u0119knie ta\u0144czyli tango za, kt\u00f3re otrzymali od dzieci ogromne brawa. Maluchy r\u00f3wnie\u017c podskakiwa\u0142y w tanecznych rytmach. Rodzice zostali obdarowani laurkami. Obfita go\u015bcina sprawi\u0142a, \u017ce wszyscy ze sob\u0105 mile konwersowali. By\u0142o du\u017co rado\u015bci. Ci\u0119\u017cko by\u0142o si\u0119 rozsta\u0107. To by\u0142 pi\u0119kny, rodzinny dzie\u0144.<\/p>\n<p style=\"text-align: center;\">\r\n<div class=\"ngg-galleryoverview\" id=\"ngg-gallery-683-6710\">\r\n\r\n\t<!-- Slideshow link -->\r\n\t<div class=\"slideshowlink\">\r\n\t\t<a class=\"slideshowlink\" href=\"https:\/\/spbielsk.pl\/?p=6710&amp;show=slide\">\r\n\t\t\t[Show slideshow]\t\t<\/a>\r\n\t<\/div>\r\n\r\n\t\r\n\t<!-- Thumbnails -->\r\n\t\t\r\n\t<div id=\"ngg-image-17889\" class=\"ngg-gallery-thumbnail-box\"  >\r\n\t\t<div class=\"ngg-gallery-thumbnail\" >\r\n\t\t\t<a href=\"https:\/\/spbielsk.pl\/wp-content\/gallery\/dzien-taty-i-mamy-skomorska-maj-2022\/284204741_482833313593869_1074758885399424473_n.jpg\" title=\" \"   rel=\"lightbox[6710]\">\r\n\t\t\t\t\t\t\t\t<img decoding=\"async\" title=\"284204741_482833313593869_1074758885399424473_n\" alt=\"284204741_482833313593869_1074758885399424473_n\" src=\"https:\/\/spbielsk.pl\/wp-content\/gallery\/dzien-taty-i-mamy-skomorska-maj-2022\/thumbs\/thumbs_284204741_482833313593869_1074758885399424473_n.jpg\" width=\"120\" height=\"90\" \/>\r\n\t\t\t\t\t\t\t<\/a>\r\n\t\t<\/div>\r\n\t<\/div>\r\n\t\r\n\t\t\r\n \t\t\r\n\t<div id=\"ngg-image-17894\" class=\"ngg-gallery-thumbnail-box\"  >\r\n\t\t<div class=\"ngg-gallery-thumbnail\" >\r\n\t\t\t<a href=\"https:\/\/spbielsk.pl\/wp-content\/gallery\/dzien-taty-i-mamy-skomorska-maj-2022\/285019678_412167604170736_189796423500970771_n.jpg\" title=\" \"   rel=\"lightbox[6710]\">\r\n\t\t\t\t\t\t\t\t<img decoding=\"async\" title=\"285019678_412167604170736_189796423500970771_n\" alt=\"285019678_412167604170736_189796423500970771_n\" src=\"https:\/\/spbielsk.pl\/wp-content\/gallery\/dzien-taty-i-mamy-skomorska-maj-2022\/thumbs\/thumbs_285019678_412167604170736_189796423500970771_n.jpg\" width=\"120\" height=\"90\" \/>\r\n\t\t\t\t\t\t\t<\/a>\r\n\t\t<\/div>\r\n\t<\/div>\r\n\t\r\n\t\t\r\n \t\t\r\n\t<div id=\"ngg-image-17897\" class=\"ngg-gallery-thumbnail-box\"  >\r\n\t\t<div class=\"ngg-gallery-thumbnail\" >\r\n\t\t\t<a href=\"https:\/\/spbielsk.pl\/wp-content\/gallery\/dzien-taty-i-mamy-skomorska-maj-2022\/285253801_356373416562939_5790254465706897592_n.jpg\" title=\" \"   rel=\"lightbox[6710]\">\r\n\t\t\t\t\t\t\t\t<img loading=\"lazy\" decoding=\"async\" title=\"285253801_356373416562939_5790254465706897592_n\" alt=\"285253801_356373416562939_5790254465706897592_n\" src=\"https:\/\/spbielsk.pl\/wp-content\/gallery\/dzien-taty-i-mamy-skomorska-maj-2022\/thumbs\/thumbs_285253801_356373416562939_5790254465706897592_n.jpg\" width=\"120\" height=\"90\" \/>\r\n\t\t\t\t\t\t\t<\/a>\r\n\t\t<\/div>\r\n\t<\/div>\r\n\t\r\n\t\t\r\n \t\t\r\n\t<div id=\"ngg-image-17898\" class=\"ngg-gallery-thumbnail-box\"  >\r\n\t\t<div class=\"ngg-gallery-thumbnail\" >\r\n\t\t\t<a href=\"https:\/\/spbielsk.pl\/wp-content\/gallery\/dzien-taty-i-mamy-skomorska-maj-2022\/285406174_3113568875532801_7145358794908399206_n.jpg\" title=\" \"   rel=\"lightbox[6710]\">\r\n\t\t\t\t\t\t\t\t<img loading=\"lazy\" decoding=\"async\" title=\"285406174_3113568875532801_7145358794908399206_n\" alt=\"285406174_3113568875532801_7145358794908399206_n\" src=\"https:\/\/spbielsk.pl\/wp-content\/gallery\/dzien-taty-i-mamy-skomorska-maj-2022\/thumbs\/thumbs_285406174_3113568875532801_7145358794908399206_n.jpg\" width=\"120\" height=\"90\" \/>\r\n\t\t\t\t\t\t\t<\/a>\r\n\t\t<\/div>\r\n\t<\/div>\r\n\t\r\n\t\t\r\n \t \t\r\n\t<!-- Pagination -->\r\n \t<div class='ngg-clear'><\/div>\n \t\r\n<\/div>\r\n\r\n<\/p>\n","protected":false},"excerpt":{"rendered":"","protected":false},"author":1,"featured_media":0,"comment_status":"closed","ping_status":"closed","sticky":false,"template":"","format":"standard","meta":{"footnotes":""},"categories":[5],"tags":[],"class_list":["post-6710","post","type-post","status-publish","format-standard","hentry","category-s-p-bielsk"],"_links":{"self":[{"href":"https:\/\/spbielsk.pl\/index.php?rest_route=\/wp\/v2\/posts\/6710","targetHints":{"allow":["GET"]}}],"collection":[{"href":"https:\/\/spbielsk.pl\/index.php?rest_route=\/wp\/v2\/posts"}],"about":[{"href":"https:\/\/spbielsk.pl\/index.php?rest_route=\/wp\/v2\/types\/post"}],"author":[{"embeddable":true,"href":"https:\/\/spbielsk.pl\/index.php?rest_route=\/wp\/v2\/users\/1"}],"replies":[{"embeddable":true,"href":"https:\/\/spbielsk.pl\/index.php?rest_route=%2Fwp%2Fv2%2Fcomments&post=6710"}],"version-history":[{"count":1,"href":"https:\/\/spbielsk.pl\/index.php?rest_route=\/wp\/v2\/posts\/6710\/revisions"}],"predecessor-version":[{"id":6712,"href":"https:\/\/spbielsk.pl\/index.php?rest_route=\/wp\/v2\/posts\/6710\/revisions\/6712"}],"wp:attachment":[{"href":"https:\/\/spbielsk.pl\/index.php?rest_route=%2Fwp%2Fv2%2Fmedia&parent=6710"}],"wp:term":[{"taxonomy":"category","embeddable":true,"href":"https:\/\/spbielsk.pl\/index.php?rest_route=%2Fwp%2Fv2%2Fcategories&post=6710"},{"taxonomy":"post_tag","embeddable":true,"href":"https:\/\/spbielsk.pl\/index.php?rest_route=%2Fwp%2Fv2%2Ftags&post=6710"}],"curies":[{"name":"wp","href":"https:\/\/api.w.org\/{rel}","templated":true}]}}