{"id":6699,"date":"2022-05-23T10:53:41","date_gmt":"2022-05-23T09:53:41","guid":{"rendered":"http:\/\/spbielsk.pl\/?p=6699"},"modified":"2022-05-23T10:54:16","modified_gmt":"2022-05-23T09:54:16","slug":"180-rocznica-urodzin-marii-konopnickiej","status":"publish","type":"post","link":"https:\/\/spbielsk.pl\/?p=6699","title":{"rendered":"180. rocznica urodzin Marii Konopnickiej"},"content":{"rendered":"\n<p style=\"text-align: center;\"><img fetchpriority=\"high\" decoding=\"async\" class=\"aligncenter size-medium wp-image-6700\" src=\"http:\/\/spbielsk.pl\/wp-content\/uploads\/2022\/05\/Konopnicka-300x180.png\" alt=\"\" width=\"300\" height=\"180\" srcset=\"https:\/\/spbielsk.pl\/wp-content\/uploads\/2022\/05\/Konopnicka-300x180.png 300w, https:\/\/spbielsk.pl\/wp-content\/uploads\/2022\/05\/Konopnicka.png 605w\" sizes=\"(max-width: 300px) 100vw, 300px\" \/><\/p>\n<p style=\"text-align: justify;\">Ucze\u0144 naszej szko\u0142y wzi\u0105\u0142 udzia\u0142 w Og\u00f3lnopolskim Wyzwaniu Kreatywnym \u2013 Kartka urodzinowa dla Marii Konopnickiej z okazji 180-tych urodzin. Piotr Wojtunik przygotowa\u0142 w wybranej przez siebie aplikacji kartk\u0119 urodzinow\u0105, kt\u00f3r\u0105 przes\u0142ali\u015bmy do SP nr 22 <br \/>z Oddzia\u0142ami Mistrzostwa Sportowego w Bia\u0142ymstoku. Wszystkie prace mo\u017cna obejrze\u0107 <br \/>w galerii.<!--more--><a style=\"font-size: revert;\" href=\"https:\/\/tiny.pl\/963xn\">https:\/\/tiny.pl\/963xn<\/a><\/p>\n","protected":false},"excerpt":{"rendered":"<p>Ucze\u0144 naszej szko\u0142y wzi\u0105\u0142 udzia\u0142 w Og\u00f3lnopolskim Wyzwaniu Kreatywnym \u2013 Kartka urodzinowa dla Marii Konopnickiej z okazji 180-tych urodzin. Piotr Wojtunik przygotowa\u0142 w wybranej przez siebie aplikacji kartk\u0119 urodzinow\u0105, kt\u00f3r\u0105 przes\u0142ali\u015bmy do SP nr 22 z Oddzia\u0142ami Mistrzostwa Sportowego w Bia\u0142ymstoku. Wszystkie prace mo\u017cna obejrze\u0107 w galerii.<\/p>\n","protected":false},"author":1,"featured_media":0,"comment_status":"closed","ping_status":"closed","sticky":false,"template":"","format":"standard","meta":{"footnotes":""},"categories":[5],"tags":[],"class_list":["post-6699","post","type-post","status-publish","format-standard","hentry","category-s-p-bielsk"],"_links":{"self":[{"href":"https:\/\/spbielsk.pl\/index.php?rest_route=\/wp\/v2\/posts\/6699","targetHints":{"allow":["GET"]}}],"collection":[{"href":"https:\/\/spbielsk.pl\/index.php?rest_route=\/wp\/v2\/posts"}],"about":[{"href":"https:\/\/spbielsk.pl\/index.php?rest_route=\/wp\/v2\/types\/post"}],"author":[{"embeddable":true,"href":"https:\/\/spbielsk.pl\/index.php?rest_route=\/wp\/v2\/users\/1"}],"replies":[{"embeddable":true,"href":"https:\/\/spbielsk.pl\/index.php?rest_route=%2Fwp%2Fv2%2Fcomments&post=6699"}],"version-history":[{"count":2,"href":"https:\/\/spbielsk.pl\/index.php?rest_route=\/wp\/v2\/posts\/6699\/revisions"}],"predecessor-version":[{"id":6702,"href":"https:\/\/spbielsk.pl\/index.php?rest_route=\/wp\/v2\/posts\/6699\/revisions\/6702"}],"wp:attachment":[{"href":"https:\/\/spbielsk.pl\/index.php?rest_route=%2Fwp%2Fv2%2Fmedia&parent=6699"}],"wp:term":[{"taxonomy":"category","embeddable":true,"href":"https:\/\/spbielsk.pl\/index.php?rest_route=%2Fwp%2Fv2%2Fcategories&post=6699"},{"taxonomy":"post_tag","embeddable":true,"href":"https:\/\/spbielsk.pl\/index.php?rest_route=%2Fwp%2Fv2%2Ftags&post=6699"}],"curies":[{"name":"wp","href":"https:\/\/api.w.org\/{rel}","templated":true}]}}