{"id":6672,"date":"2022-05-19T05:39:20","date_gmt":"2022-05-19T04:39:20","guid":{"rendered":"http:\/\/spbielsk.pl\/?p=6672"},"modified":"2022-05-19T05:40:23","modified_gmt":"2022-05-19T04:40:23","slug":"spotkanie-z-lesnikiem","status":"publish","type":"post","link":"https:\/\/spbielsk.pl\/?p=6672","title":{"rendered":"SPOTKANIE Z LE\u015aNIKIEM"},"content":{"rendered":"\n<div class=\"cxmmr5t8 oygrvhab hcukyx3x c1et5uql o9v6fnle ii04i59q\">\n<div dir=\"auto\" style=\"text-align: justify;\">Dnia 6 maja 2022 roku w naszej szkole odby\u0142o si\u0119 spotkanie uczni\u00f3w klas I &#8211; III z le\u015bnikiem &#8211; panem Markiem Olszewskim.<\/div>\n<div dir=\"auto\" style=\"text-align: justify;\">Uczniowie poszerzyli swoj\u0105 wiedz\u0119 na temat lasu, jego zasob\u00f3w i funkcji, jak\u0105 odgrywa w \u017cyciu cz\u0142owieka<span class=\"pq6dq46d tbxw36s4 knj5qynh kvgmc6g5 ditlmg2l oygrvhab nvdbi5me sf5mxxl7 gl3lb2sf hhz5lgdu\">.<\/span><\/div>\n<\/div>\n<div class=\"cxmmr5t8 oygrvhab hcukyx3x c1et5uql o9v6fnle ii04i59q\">\n<div dir=\"auto\" style=\"text-align: justify;\">Dzieci dowiedzia\u0142y si\u0119 czym zajmuje si\u0119 le\u015bnik i jak wygl\u0105da jego praca. Spotkanie wzbogaci\u0142y pi\u0119kne zdj\u0119cia zwierz\u0105t wyst\u0119puj\u0105cych w naszej okolicy, kt\u00f3re zosta\u0142y wykonane przez pana Olszewskiego.<\/div>\n<\/div>\n<p><!--more--><\/p>\n<div class=\"cxmmr5t8 oygrvhab hcukyx3x c1et5uql o9v6fnle ii04i59q\">\n<div dir=\"auto\" style=\"text-align: center;\">\r\n<div class=\"ngg-galleryoverview\" id=\"ngg-gallery-676-6672\">\r\n\r\n\t<!-- Slideshow link -->\r\n\t<div class=\"slideshowlink\">\r\n\t\t<a class=\"slideshowlink\" href=\"https:\/\/spbielsk.pl\/?p=6672&amp;show=slide\">\r\n\t\t\t[Show slideshow]\t\t<\/a>\r\n\t<\/div>\r\n\r\n\t\r\n\t<!-- Thumbnails -->\r\n\t\t\r\n\t<div id=\"ngg-image-17786\" class=\"ngg-gallery-thumbnail-box\"  >\r\n\t\t<div class=\"ngg-gallery-thumbnail\" >\r\n\t\t\t<a href=\"https:\/\/spbielsk.pl\/wp-content\/gallery\/spotkanie-z-lesnikiem-maj-2022\/281818678_4867218026719812_3275198985166672292_n.jpg\" title=\" \"   rel=\"lightbox[6672]\">\r\n\t\t\t\t\t\t\t\t<img decoding=\"async\" title=\"281818678_4867218026719812_3275198985166672292_n\" alt=\"281818678_4867218026719812_3275198985166672292_n\" src=\"https:\/\/spbielsk.pl\/wp-content\/gallery\/spotkanie-z-lesnikiem-maj-2022\/thumbs\/thumbs_281818678_4867218026719812_3275198985166672292_n.jpg\" width=\"120\" height=\"90\" \/>\r\n\t\t\t\t\t\t\t<\/a>\r\n\t\t<\/div>\r\n\t<\/div>\r\n\t\r\n\t\t\r\n \t\t\r\n\t<div id=\"ngg-image-17787\" class=\"ngg-gallery-thumbnail-box\"  >\r\n\t\t<div class=\"ngg-gallery-thumbnail\" >\r\n\t\t\t<a href=\"https:\/\/spbielsk.pl\/wp-content\/gallery\/spotkanie-z-lesnikiem-maj-2022\/281832542_4867218053386476_3509270332159572386_n.jpg\" title=\" \"   rel=\"lightbox[6672]\">\r\n\t\t\t\t\t\t\t\t<img decoding=\"async\" title=\"281832542_4867218053386476_3509270332159572386_n\" alt=\"281832542_4867218053386476_3509270332159572386_n\" src=\"https:\/\/spbielsk.pl\/wp-content\/gallery\/spotkanie-z-lesnikiem-maj-2022\/thumbs\/thumbs_281832542_4867218053386476_3509270332159572386_n.jpg\" width=\"120\" height=\"90\" \/>\r\n\t\t\t\t\t\t\t<\/a>\r\n\t\t<\/div>\r\n\t<\/div>\r\n\t\r\n\t\t\r\n \t\t\r\n\t<div id=\"ngg-image-17788\" class=\"ngg-gallery-thumbnail-box\"  >\r\n\t\t<div class=\"ngg-gallery-thumbnail\" >\r\n\t\t\t<a href=\"https:\/\/spbielsk.pl\/wp-content\/gallery\/spotkanie-z-lesnikiem-maj-2022\/281854147_4867217506719864_6648963077364395547_n.jpg\" title=\" \"   rel=\"lightbox[6672]\">\r\n\t\t\t\t\t\t\t\t<img decoding=\"async\" title=\"281854147_4867217506719864_6648963077364395547_n\" alt=\"281854147_4867217506719864_6648963077364395547_n\" src=\"https:\/\/spbielsk.pl\/wp-content\/gallery\/spotkanie-z-lesnikiem-maj-2022\/thumbs\/thumbs_281854147_4867217506719864_6648963077364395547_n.jpg\" width=\"120\" height=\"90\" \/>\r\n\t\t\t\t\t\t\t<\/a>\r\n\t\t<\/div>\r\n\t<\/div>\r\n\t\r\n\t\t\r\n \t\t\r\n\t<div id=\"ngg-image-17789\" class=\"ngg-gallery-thumbnail-box\"  >\r\n\t\t<div class=\"ngg-gallery-thumbnail\" >\r\n\t\t\t<a href=\"https:\/\/spbielsk.pl\/wp-content\/gallery\/spotkanie-z-lesnikiem-maj-2022\/281906041_4867217053386576_1197841116443064186_n.jpg\" title=\" \"   rel=\"lightbox[6672]\">\r\n\t\t\t\t\t\t\t\t<img loading=\"lazy\" decoding=\"async\" title=\"281906041_4867217053386576_1197841116443064186_n\" alt=\"281906041_4867217053386576_1197841116443064186_n\" src=\"https:\/\/spbielsk.pl\/wp-content\/gallery\/spotkanie-z-lesnikiem-maj-2022\/thumbs\/thumbs_281906041_4867217053386576_1197841116443064186_n.jpg\" width=\"120\" height=\"90\" \/>\r\n\t\t\t\t\t\t\t<\/a>\r\n\t\t<\/div>\r\n\t<\/div>\r\n\t\r\n\t\t\r\n \t\t\r\n\t<div id=\"ngg-image-17790\" class=\"ngg-gallery-thumbnail-box\"  >\r\n\t\t<div class=\"ngg-gallery-thumbnail\" >\r\n\t\t\t<a href=\"https:\/\/spbielsk.pl\/wp-content\/gallery\/spotkanie-z-lesnikiem-maj-2022\/281999051_4867216623386619_8763922480789375221_n.jpg\" title=\" \"   rel=\"lightbox[6672]\">\r\n\t\t\t\t\t\t\t\t<img loading=\"lazy\" decoding=\"async\" title=\"281999051_4867216623386619_8763922480789375221_n\" alt=\"281999051_4867216623386619_8763922480789375221_n\" src=\"https:\/\/spbielsk.pl\/wp-content\/gallery\/spotkanie-z-lesnikiem-maj-2022\/thumbs\/thumbs_281999051_4867216623386619_8763922480789375221_n.jpg\" width=\"120\" height=\"90\" \/>\r\n\t\t\t\t\t\t\t<\/a>\r\n\t\t<\/div>\r\n\t<\/div>\r\n\t\r\n\t\t\r\n \t\t\r\n\t<div id=\"ngg-image-17791\" class=\"ngg-gallery-thumbnail-box\"  >\r\n\t\t<div class=\"ngg-gallery-thumbnail\" >\r\n\t\t\t<a href=\"https:\/\/spbielsk.pl\/wp-content\/gallery\/spotkanie-z-lesnikiem-maj-2022\/282024924_4867216943386587_3984497176075564919_n.jpg\" title=\" \"   rel=\"lightbox[6672]\">\r\n\t\t\t\t\t\t\t\t<img loading=\"lazy\" decoding=\"async\" title=\"282024924_4867216943386587_3984497176075564919_n\" alt=\"282024924_4867216943386587_3984497176075564919_n\" src=\"https:\/\/spbielsk.pl\/wp-content\/gallery\/spotkanie-z-lesnikiem-maj-2022\/thumbs\/thumbs_282024924_4867216943386587_3984497176075564919_n.jpg\" width=\"120\" height=\"90\" \/>\r\n\t\t\t\t\t\t\t<\/a>\r\n\t\t<\/div>\r\n\t<\/div>\r\n\t\r\n\t\t\r\n \t\t\r\n\t<div id=\"ngg-image-17792\" class=\"ngg-gallery-thumbnail-box\"  >\r\n\t\t<div class=\"ngg-gallery-thumbnail\" >\r\n\t\t\t<a href=\"https:\/\/spbielsk.pl\/wp-content\/gallery\/spotkanie-z-lesnikiem-maj-2022\/282026229_4867217306719884_1224591561130198443_n.jpg\" title=\" \"   rel=\"lightbox[6672]\">\r\n\t\t\t\t\t\t\t\t<img loading=\"lazy\" decoding=\"async\" title=\"282026229_4867217306719884_1224591561130198443_n\" alt=\"282026229_4867217306719884_1224591561130198443_n\" src=\"https:\/\/spbielsk.pl\/wp-content\/gallery\/spotkanie-z-lesnikiem-maj-2022\/thumbs\/thumbs_282026229_4867217306719884_1224591561130198443_n.jpg\" width=\"120\" height=\"90\" \/>\r\n\t\t\t\t\t\t\t<\/a>\r\n\t\t<\/div>\r\n\t<\/div>\r\n\t\r\n\t\t\r\n \t\t\r\n\t<div id=\"ngg-image-17793\" class=\"ngg-gallery-thumbnail-box\"  >\r\n\t\t<div class=\"ngg-gallery-thumbnail\" >\r\n\t\t\t<a href=\"https:\/\/spbielsk.pl\/wp-content\/gallery\/spotkanie-z-lesnikiem-maj-2022\/282052404_4867217740053174_4170640070081611811_n.jpg\" title=\" \"   rel=\"lightbox[6672]\">\r\n\t\t\t\t\t\t\t\t<img loading=\"lazy\" decoding=\"async\" title=\"282052404_4867217740053174_4170640070081611811_n\" alt=\"282052404_4867217740053174_4170640070081611811_n\" src=\"https:\/\/spbielsk.pl\/wp-content\/gallery\/spotkanie-z-lesnikiem-maj-2022\/thumbs\/thumbs_282052404_4867217740053174_4170640070081611811_n.jpg\" width=\"120\" height=\"90\" \/>\r\n\t\t\t\t\t\t\t<\/a>\r\n\t\t<\/div>\r\n\t<\/div>\r\n\t\r\n\t\t\r\n \t \t\r\n\t<!-- Pagination -->\r\n \t<div class='ngg-clear'><\/div>\n \t\r\n<\/div>\r\n\r\n<\/div>\n<\/div>\n","protected":false},"excerpt":{"rendered":"<p>Dnia 6 maja 2022 roku w naszej szkole odby\u0142o si\u0119 spotkanie uczni\u00f3w klas I &#8211; III z le\u015bnikiem &#8211; panem Markiem Olszewskim. Uczniowie poszerzyli swoj\u0105 wiedz\u0119 na temat lasu, jego zasob\u00f3w i funkcji, jak\u0105 odgrywa w \u017cyciu cz\u0142owieka. Dzieci dowiedzia\u0142y si\u0119 czym zajmuje si\u0119 le\u015bnik i jak wygl\u0105da jego praca. Spotkanie wzbogaci\u0142y pi\u0119kne zdj\u0119cia zwierz\u0105t [&hellip;]<\/p>\n","protected":false},"author":1,"featured_media":6673,"comment_status":"closed","ping_status":"closed","sticky":false,"template":"","format":"standard","meta":{"footnotes":""},"categories":[5],"tags":[],"class_list":["post-6672","post","type-post","status-publish","format-standard","has-post-thumbnail","hentry","category-s-p-bielsk"],"_links":{"self":[{"href":"https:\/\/spbielsk.pl\/index.php?rest_route=\/wp\/v2\/posts\/6672","targetHints":{"allow":["GET"]}}],"collection":[{"href":"https:\/\/spbielsk.pl\/index.php?rest_route=\/wp\/v2\/posts"}],"about":[{"href":"https:\/\/spbielsk.pl\/index.php?rest_route=\/wp\/v2\/types\/post"}],"author":[{"embeddable":true,"href":"https:\/\/spbielsk.pl\/index.php?rest_route=\/wp\/v2\/users\/1"}],"replies":[{"embeddable":true,"href":"https:\/\/spbielsk.pl\/index.php?rest_route=%2Fwp%2Fv2%2Fcomments&post=6672"}],"version-history":[{"count":2,"href":"https:\/\/spbielsk.pl\/index.php?rest_route=\/wp\/v2\/posts\/6672\/revisions"}],"predecessor-version":[{"id":6675,"href":"https:\/\/spbielsk.pl\/index.php?rest_route=\/wp\/v2\/posts\/6672\/revisions\/6675"}],"wp:featuredmedia":[{"embeddable":true,"href":"https:\/\/spbielsk.pl\/index.php?rest_route=\/wp\/v2\/media\/6673"}],"wp:attachment":[{"href":"https:\/\/spbielsk.pl\/index.php?rest_route=%2Fwp%2Fv2%2Fmedia&parent=6672"}],"wp:term":[{"taxonomy":"category","embeddable":true,"href":"https:\/\/spbielsk.pl\/index.php?rest_route=%2Fwp%2Fv2%2Fcategories&post=6672"},{"taxonomy":"post_tag","embeddable":true,"href":"https:\/\/spbielsk.pl\/index.php?rest_route=%2Fwp%2Fv2%2Ftags&post=6672"}],"curies":[{"name":"wp","href":"https:\/\/api.w.org\/{rel}","templated":true}]}}