{"id":6661,"date":"2022-05-18T05:42:27","date_gmt":"2022-05-18T04:42:27","guid":{"rendered":"http:\/\/spbielsk.pl\/?p=6661"},"modified":"2022-05-18T05:42:29","modified_gmt":"2022-05-18T04:42:29","slug":"sukces-absolwenta-w-xlv-edycji-ogolnopolskiego-turnieju-wiedzy-pozarniczej-mlodziez-zapobiega-pozarom","status":"publish","type":"post","link":"https:\/\/spbielsk.pl\/?p=6661","title":{"rendered":"SUKCES ABSOLWENTA W XLV EDYCJI OG\u00d3LNOPOLSKIEGO TURNIEJU WIEDZY PO\u017bARNICZEJ &#8222;M\u0141ODZIE\u017b ZAPOBIEGA PO\u017bAROM&#8221;"},"content":{"rendered":"\n<div class=\"cxmmr5t8 oygrvhab hcukyx3x c1et5uql o9v6fnle ii04i59q\">\n<div dir=\"auto\" style=\"text-align: justify;\">W dniu 14 maja w ZS nr 1 w P\u0142o\u0144sku odby\u0142y si\u0119 eliminacje wojew\u00f3dzkie OTWP do etapu krajowego. Uczniowie z ca\u0142ego wojew\u00f3dztwa Mazowieckiego rozwi\u0105zywali test, a nast\u0119pnie odpowiadali na pytania i wykonywali zadania praktyczne z zakresu wiedzy po\u017carniczej<span class=\"pq6dq46d tbxw36s4 knj5qynh kvgmc6g5 ditlmg2l oygrvhab nvdbi5me sf5mxxl7 gl3lb2sf hhz5lgdu\">.<\/span><\/div>\n<\/div>\n<div class=\"cxmmr5t8 oygrvhab hcukyx3x c1et5uql o9v6fnle ii04i59q\">\n<div dir=\"auto\" style=\"text-align: justify;\">Powiat p\u0142ocki w najstarszej grupie uczestnik\u00f3w, czyli uczni\u00f3w szk\u00f3\u0142 \u015brednich reprezentowa\u0142 nasz absolwent Adam Racki &#8211; obecnie ucze\u0144 III LO w P\u0142ocku. Adam wraz z pozosta\u0142ymi uczniami powiatu p\u0142ockiego zaprezentowa\u0142 si\u0119 bardzo dobrze i awansu do \u015bcis\u0142ego fina\u0142u, czyli ewentualnego udzia\u0142u w etapie krajowym pozbawi\u0142 go brak zaledwie jednego punktu. Jeste\u015bmy pod ogromnym wra\u017ceniem wiedzy Adama, kt\u00f3ry w poprzednich latach reprentowa\u0142 nasz\u0105 szko\u0142\u0119 na etapach powiatowych ostatnich czterech edycji konkursu. Wierzymy, \u017ce w kolejnej edycji konkursu Adam zrobi ten kolejny krok i awansuje do upragnionego, ostatniego etapu turnieju<span class=\"pq6dq46d tbxw36s4 knj5qynh kvgmc6g5 ditlmg2l oygrvhab nvdbi5me sf5mxxl7 gl3lb2sf hhz5lgdu\">.<\/span><\/div>\n<div dir=\"auto\" style=\"text-align: center;\">\u00a0<\/div>\n<\/div>\n<p><!--more--><\/p>\n<div class=\"cxmmr5t8 oygrvhab hcukyx3x c1et5uql o9v6fnle ii04i59q\">\n<div dir=\"auto\" style=\"text-align: right;\">Serdecznie gratulujemy wspania\u0142ego osi\u0105gni\u0119cia!<\/div>\n<div dir=\"auto\" style=\"text-align: justify;\">Adama w przygotowaniach merytorycznych i praktycznych wspiera\u0142 druh opiekun \u0141ukasz J\u0119drzejewski oraz druhowie zOSP Bielsk.<\/div>\n<\/div>\n<div class=\"cxmmr5t8 oygrvhab hcukyx3x c1et5uql o9v6fnle ii04i59q\" style=\"text-align: right;\">\n<div dir=\"auto\" style=\"text-align: left;\">Relacja w Kurierze Mazowieckim od 9:17<span class=\"pq6dq46d tbxw36s4 knj5qynh kvgmc6g5 ditlmg2l oygrvhab nvdbi5me sf5mxxl7 gl3lb2sf hhz5lgdu\">.<\/span><\/div>\n<\/div>\n<div class=\"cxmmr5t8 oygrvhab hcukyx3x c1et5uql o9v6fnle ii04i59q\">\n<div dir=\"auto\" style=\"text-align: left;\"><a class=\"oajrlxb2 g5ia77u1 qu0x051f esr5mh6w e9989ue4 r7d6kgcz rq0escxv nhd2j8a9 nc684nl6 p7hjln8o kvgmc6g5 cxmmr5t8 oygrvhab hcukyx3x jb3vyjys rz4wbd8a qt6c0cv9 a8nywdso i1ao9s8h esuyzwwr f1sip0of lzcic4wl gpro0wi8 py34i1dx\" tabindex=\"0\" role=\"link\" href=\"https:\/\/warszawa.tvp.pl\/60182167\/14052022?fbclid=IwAR1astvsLirbveZhtnrM34k8cdUW4rsKizD_kzzPaGLvenmY05wsuT0j-iI\" target=\"_blank\" rel=\"nofollow noopener\">https:\/\/warszawa.tvp.pl\/60182167\/14052022<\/a><\/div>\n<div dir=\"auto\" style=\"text-align: center;\">\r\n<div class=\"ngg-galleryoverview\" id=\"ngg-gallery-673-6661\">\r\n\r\n\t<!-- Slideshow link -->\r\n\t<div class=\"slideshowlink\">\r\n\t\t<a class=\"slideshowlink\" href=\"https:\/\/spbielsk.pl\/?p=6661&amp;show=slide\">\r\n\t\t\t[Show slideshow]\t\t<\/a>\r\n\t<\/div>\r\n\r\n\t\r\n\t<!-- Thumbnails -->\r\n\t\t\r\n\t<div id=\"ngg-image-17764\" class=\"ngg-gallery-thumbnail-box\"  >\r\n\t\t<div class=\"ngg-gallery-thumbnail\" >\r\n\t\t\t<a href=\"https:\/\/spbielsk.pl\/wp-content\/gallery\/pozarniczy-racki-maj-2022\/281486613_4864878410287107_7425073389918793303_n.jpg\" title=\" \"   rel=\"lightbox[6661]\">\r\n\t\t\t\t\t\t\t\t<img decoding=\"async\" title=\"281486613_4864878410287107_7425073389918793303_n\" alt=\"281486613_4864878410287107_7425073389918793303_n\" src=\"https:\/\/spbielsk.pl\/wp-content\/gallery\/pozarniczy-racki-maj-2022\/thumbs\/thumbs_281486613_4864878410287107_7425073389918793303_n.jpg\" width=\"120\" height=\"90\" \/>\r\n\t\t\t\t\t\t\t<\/a>\r\n\t\t<\/div>\r\n\t<\/div>\r\n\t\r\n\t\t\r\n \t\t\r\n\t<div id=\"ngg-image-17765\" class=\"ngg-gallery-thumbnail-box\"  >\r\n\t\t<div class=\"ngg-gallery-thumbnail\" >\r\n\t\t\t<a href=\"https:\/\/spbielsk.pl\/wp-content\/gallery\/pozarniczy-racki-maj-2022\/281532652_4864878210287127_3833797048974117109_n.jpg\" title=\" \"   rel=\"lightbox[6661]\">\r\n\t\t\t\t\t\t\t\t<img decoding=\"async\" title=\"281532652_4864878210287127_3833797048974117109_n\" alt=\"281532652_4864878210287127_3833797048974117109_n\" src=\"https:\/\/spbielsk.pl\/wp-content\/gallery\/pozarniczy-racki-maj-2022\/thumbs\/thumbs_281532652_4864878210287127_3833797048974117109_n.jpg\" width=\"120\" height=\"90\" \/>\r\n\t\t\t\t\t\t\t<\/a>\r\n\t\t<\/div>\r\n\t<\/div>\r\n\t\r\n\t\t\r\n \t\t\r\n\t<div id=\"ngg-image-17766\" class=\"ngg-gallery-thumbnail-box\"  >\r\n\t\t<div class=\"ngg-gallery-thumbnail\" >\r\n\t\t\t<a href=\"https:\/\/spbielsk.pl\/wp-content\/gallery\/pozarniczy-racki-maj-2022\/281569890_4864875966954018_5739409078411903366_n.jpg\" title=\" \"   rel=\"lightbox[6661]\">\r\n\t\t\t\t\t\t\t\t<img decoding=\"async\" title=\"281569890_4864875966954018_5739409078411903366_n\" alt=\"281569890_4864875966954018_5739409078411903366_n\" src=\"https:\/\/spbielsk.pl\/wp-content\/gallery\/pozarniczy-racki-maj-2022\/thumbs\/thumbs_281569890_4864875966954018_5739409078411903366_n.jpg\" width=\"120\" height=\"90\" \/>\r\n\t\t\t\t\t\t\t<\/a>\r\n\t\t<\/div>\r\n\t<\/div>\r\n\t\r\n\t\t\r\n \t\t\r\n\t<div id=\"ngg-image-17767\" class=\"ngg-gallery-thumbnail-box\"  >\r\n\t\t<div class=\"ngg-gallery-thumbnail\" >\r\n\t\t\t<a href=\"https:\/\/spbielsk.pl\/wp-content\/gallery\/pozarniczy-racki-maj-2022\/281697198_4864877580287190_5723027508083704592_n.jpg\" title=\" \"   rel=\"lightbox[6661]\">\r\n\t\t\t\t\t\t\t\t<img loading=\"lazy\" decoding=\"async\" title=\"281697198_4864877580287190_5723027508083704592_n\" alt=\"281697198_4864877580287190_5723027508083704592_n\" src=\"https:\/\/spbielsk.pl\/wp-content\/gallery\/pozarniczy-racki-maj-2022\/thumbs\/thumbs_281697198_4864877580287190_5723027508083704592_n.jpg\" width=\"120\" height=\"90\" \/>\r\n\t\t\t\t\t\t\t<\/a>\r\n\t\t<\/div>\r\n\t<\/div>\r\n\t\r\n\t\t\r\n \t\t\r\n\t<div id=\"ngg-image-17768\" class=\"ngg-gallery-thumbnail-box\"  >\r\n\t\t<div class=\"ngg-gallery-thumbnail\" >\r\n\t\t\t<a href=\"https:\/\/spbielsk.pl\/wp-content\/gallery\/pozarniczy-racki-maj-2022\/282007877_4864884403619841_5739648752455968846_n.jpg\" title=\" \"   rel=\"lightbox[6661]\">\r\n\t\t\t\t\t\t\t\t<img loading=\"lazy\" decoding=\"async\" title=\"282007877_4864884403619841_5739648752455968846_n\" alt=\"282007877_4864884403619841_5739648752455968846_n\" src=\"https:\/\/spbielsk.pl\/wp-content\/gallery\/pozarniczy-racki-maj-2022\/thumbs\/thumbs_282007877_4864884403619841_5739648752455968846_n.jpg\" width=\"120\" height=\"90\" \/>\r\n\t\t\t\t\t\t\t<\/a>\r\n\t\t<\/div>\r\n\t<\/div>\r\n\t\r\n\t\t\r\n \t\t\r\n\t<div id=\"ngg-image-17769\" class=\"ngg-gallery-thumbnail-box\"  >\r\n\t\t<div class=\"ngg-gallery-thumbnail\" >\r\n\t\t\t<a href=\"https:\/\/spbielsk.pl\/wp-content\/gallery\/pozarniczy-racki-maj-2022\/282047860_4864876100287338_4096292653823915880_n.jpg\" title=\" \"   rel=\"lightbox[6661]\">\r\n\t\t\t\t\t\t\t\t<img loading=\"lazy\" decoding=\"async\" title=\"282047860_4864876100287338_4096292653823915880_n\" alt=\"282047860_4864876100287338_4096292653823915880_n\" src=\"https:\/\/spbielsk.pl\/wp-content\/gallery\/pozarniczy-racki-maj-2022\/thumbs\/thumbs_282047860_4864876100287338_4096292653823915880_n.jpg\" width=\"120\" height=\"90\" \/>\r\n\t\t\t\t\t\t\t<\/a>\r\n\t\t<\/div>\r\n\t<\/div>\r\n\t\r\n\t\t\r\n \t \t\r\n\t<!-- Pagination -->\r\n \t<div class='ngg-clear'><\/div>\n \t\r\n<\/div>\r\n\r\n<\/div>\n<\/div>\n","protected":false},"excerpt":{"rendered":"<p>W dniu 14 maja w ZS nr 1 w P\u0142o\u0144sku odby\u0142y si\u0119 eliminacje wojew\u00f3dzkie OTWP do etapu krajowego. Uczniowie z ca\u0142ego wojew\u00f3dztwa Mazowieckiego rozwi\u0105zywali test, a nast\u0119pnie odpowiadali na pytania i wykonywali zadania praktyczne z zakresu wiedzy po\u017carniczej. Powiat p\u0142ocki w najstarszej grupie uczestnik\u00f3w, czyli uczni\u00f3w szk\u00f3\u0142 \u015brednich reprezentowa\u0142 nasz absolwent Adam Racki &#8211; obecnie [&hellip;]<\/p>\n","protected":false},"author":1,"featured_media":4967,"comment_status":"closed","ping_status":"closed","sticky":false,"template":"","format":"standard","meta":{"footnotes":""},"categories":[5],"tags":[],"class_list":["post-6661","post","type-post","status-publish","format-standard","has-post-thumbnail","hentry","category-s-p-bielsk"],"_links":{"self":[{"href":"https:\/\/spbielsk.pl\/index.php?rest_route=\/wp\/v2\/posts\/6661","targetHints":{"allow":["GET"]}}],"collection":[{"href":"https:\/\/spbielsk.pl\/index.php?rest_route=\/wp\/v2\/posts"}],"about":[{"href":"https:\/\/spbielsk.pl\/index.php?rest_route=\/wp\/v2\/types\/post"}],"author":[{"embeddable":true,"href":"https:\/\/spbielsk.pl\/index.php?rest_route=\/wp\/v2\/users\/1"}],"replies":[{"embeddable":true,"href":"https:\/\/spbielsk.pl\/index.php?rest_route=%2Fwp%2Fv2%2Fcomments&post=6661"}],"version-history":[{"count":1,"href":"https:\/\/spbielsk.pl\/index.php?rest_route=\/wp\/v2\/posts\/6661\/revisions"}],"predecessor-version":[{"id":6662,"href":"https:\/\/spbielsk.pl\/index.php?rest_route=\/wp\/v2\/posts\/6661\/revisions\/6662"}],"wp:featuredmedia":[{"embeddable":true,"href":"https:\/\/spbielsk.pl\/index.php?rest_route=\/wp\/v2\/media\/4967"}],"wp:attachment":[{"href":"https:\/\/spbielsk.pl\/index.php?rest_route=%2Fwp%2Fv2%2Fmedia&parent=6661"}],"wp:term":[{"taxonomy":"category","embeddable":true,"href":"https:\/\/spbielsk.pl\/index.php?rest_route=%2Fwp%2Fv2%2Fcategories&post=6661"},{"taxonomy":"post_tag","embeddable":true,"href":"https:\/\/spbielsk.pl\/index.php?rest_route=%2Fwp%2Fv2%2Ftags&post=6661"}],"curies":[{"name":"wp","href":"https:\/\/api.w.org\/{rel}","templated":true}]}}