{"id":6653,"date":"2022-05-11T11:08:17","date_gmt":"2022-05-11T10:08:17","guid":{"rendered":"http:\/\/spbielsk.pl\/?p=6653"},"modified":"2022-05-11T11:08:18","modified_gmt":"2022-05-11T10:08:18","slug":"konkurs-plastyczny-z-okazji-swiatowego-dnia-ziemi","status":"publish","type":"post","link":"https:\/\/spbielsk.pl\/?p=6653","title":{"rendered":"Konkurs plastyczny z okazji \u015awiatowego Dnia Ziemi"},"content":{"rendered":"\n<p style=\"text-align: center;\"><a href=\"http:\/\/spbielsk.pl\/wp-content\/uploads\/2022\/05\/279560383_621833096272869_5193932239022107339_n-Copy.jpg\" rel=\"lightbox[6653]\"><img fetchpriority=\"high\" decoding=\"async\" class=\"aligncenter wp-image-6654 size-medium\" src=\"http:\/\/spbielsk.pl\/wp-content\/uploads\/2022\/05\/279560383_621833096272869_5193932239022107339_n-Copy-300x225.jpg\" alt=\"\" width=\"300\" height=\"225\" srcset=\"https:\/\/spbielsk.pl\/wp-content\/uploads\/2022\/05\/279560383_621833096272869_5193932239022107339_n-Copy-300x225.jpg 300w, https:\/\/spbielsk.pl\/wp-content\/uploads\/2022\/05\/279560383_621833096272869_5193932239022107339_n-Copy-768x576.jpg 768w, https:\/\/spbielsk.pl\/wp-content\/uploads\/2022\/05\/279560383_621833096272869_5193932239022107339_n-Copy.jpg 1024w\" sizes=\"(max-width: 300px) 100vw, 300px\" \/><\/a><\/p>\n<p style=\"text-align: justify;\">W konkursie plastycznym, zorganizowanym z okazji \u015awiatowego Dnia Ziemi I miejsce zaj\u0105\u0142 Oliwier Boruch z klasy 8 a, II miejsce zaj\u0119\u0142a Julia Cichocka z klasy 4 b, III miejsce uzyska\u0142a Gabrysia Marczewska z klasy 4 b.<\/p>\n<p style=\"text-align: justify;\">Wyr\u00f3\u017cnienia otrzymali: Rados\u0142aw Sulkowski &#8211; klasa 4 c, Wiktor Borowski &#8211; klasa 4 a<\/p>\n<p style=\"text-align: right;\">Gratulujemy!<\/p>\n","protected":false},"excerpt":{"rendered":"<p>W konkursie plastycznym, zorganizowanym z okazji \u015awiatowego Dnia Ziemi I miejsce zaj\u0105\u0142 Oliwier Boruch z klasy 8 a, II miejsce zaj\u0119\u0142a Julia Cichocka z klasy 4 b, III miejsce uzyska\u0142a Gabrysia Marczewska z klasy 4 b. Wyr\u00f3\u017cnienia otrzymali: Rados\u0142aw Sulkowski &#8211; klasa 4 c, Wiktor Borowski &#8211; klasa 4 a Gratulujemy!<\/p>\n","protected":false},"author":1,"featured_media":0,"comment_status":"closed","ping_status":"closed","sticky":false,"template":"","format":"standard","meta":{"footnotes":""},"categories":[5],"tags":[],"class_list":["post-6653","post","type-post","status-publish","format-standard","hentry","category-s-p-bielsk"],"_links":{"self":[{"href":"https:\/\/spbielsk.pl\/index.php?rest_route=\/wp\/v2\/posts\/6653","targetHints":{"allow":["GET"]}}],"collection":[{"href":"https:\/\/spbielsk.pl\/index.php?rest_route=\/wp\/v2\/posts"}],"about":[{"href":"https:\/\/spbielsk.pl\/index.php?rest_route=\/wp\/v2\/types\/post"}],"author":[{"embeddable":true,"href":"https:\/\/spbielsk.pl\/index.php?rest_route=\/wp\/v2\/users\/1"}],"replies":[{"embeddable":true,"href":"https:\/\/spbielsk.pl\/index.php?rest_route=%2Fwp%2Fv2%2Fcomments&post=6653"}],"version-history":[{"count":1,"href":"https:\/\/spbielsk.pl\/index.php?rest_route=\/wp\/v2\/posts\/6653\/revisions"}],"predecessor-version":[{"id":6655,"href":"https:\/\/spbielsk.pl\/index.php?rest_route=\/wp\/v2\/posts\/6653\/revisions\/6655"}],"wp:attachment":[{"href":"https:\/\/spbielsk.pl\/index.php?rest_route=%2Fwp%2Fv2%2Fmedia&parent=6653"}],"wp:term":[{"taxonomy":"category","embeddable":true,"href":"https:\/\/spbielsk.pl\/index.php?rest_route=%2Fwp%2Fv2%2Fcategories&post=6653"},{"taxonomy":"post_tag","embeddable":true,"href":"https:\/\/spbielsk.pl\/index.php?rest_route=%2Fwp%2Fv2%2Ftags&post=6653"}],"curies":[{"name":"wp","href":"https:\/\/api.w.org\/{rel}","templated":true}]}}