{"id":6647,"date":"2022-05-10T11:57:09","date_gmt":"2022-05-10T10:57:09","guid":{"rendered":"http:\/\/spbielsk.pl\/?p=6647"},"modified":"2022-05-10T11:57:10","modified_gmt":"2022-05-10T10:57:10","slug":"narodowy-program-rozwoju-czytelnictwa-2-0","status":"publish","type":"post","link":"https:\/\/spbielsk.pl\/?p=6647","title":{"rendered":"Narodowy Program Rozwoju Czytelnictwa 2.0"},"content":{"rendered":"\n<p style=\"text-align: center;\"><img fetchpriority=\"high\" decoding=\"async\" class=\"aligncenter  wp-image-6648\" src=\"http:\/\/spbielsk.pl\/wp-content\/uploads\/2022\/05\/a-300x171.png\" alt=\"\" width=\"333\" height=\"190\" srcset=\"https:\/\/spbielsk.pl\/wp-content\/uploads\/2022\/05\/a-300x171.png 300w, https:\/\/spbielsk.pl\/wp-content\/uploads\/2022\/05\/a.png 609w\" sizes=\"(max-width: 333px) 100vw, 333px\" \/><\/p>\n<p style=\"text-align: justify;\">Nasza szko\u0142a otrzyma\u0142a dofinansowanie w ramach realizacji Narodowego Programu Rozwoju Czytelnictwa 2,0 na lata 2021-2025.<br \/>G\u0142\u00f3wnym celem przedsi\u0119wzi\u0119cia jest uatrakcyjnienie zbior\u00f3w bibliotecznych poprzez zakup nowo\u015bci czytelniczych i element\u00f3w wyposa\u017cenia biblioteki.\u00a0 Otrzymali\u015bmy 15 tysi\u0119cy z\u0142otych, za kt\u00f3re\u00a0 b\u0119dziemy mogli kupi\u0107 wiele ciekawych ksi\u0105\u017cek, co z pewno\u015bci\u0105 jeszcze bardziej przyci\u0105gnie do biblioteki m\u0142odych czytelnik\u00f3w.<\/p>\n<p>Jeste\u015bmy zadowoleni, \u017ce uda\u0142o si\u0119 uzyska\u0107 dotacj\u0119\u00a0 i powi\u0119kszymy\u00a0 w ten spos\u00f3b nasz ksi\u0119gozbi\u00f3r.<\/p>\n<p style=\"text-align: center;\"><!--more--><\/p>\n<p style=\"text-align: center;\"><img decoding=\"async\" class=\"aligncenter  wp-image-6649\" src=\"http:\/\/spbielsk.pl\/wp-content\/uploads\/2022\/05\/Bez-tytulu-300x112.png\" alt=\"\" width=\"346\" height=\"129\" srcset=\"https:\/\/spbielsk.pl\/wp-content\/uploads\/2022\/05\/Bez-tytulu-300x112.png 300w, https:\/\/spbielsk.pl\/wp-content\/uploads\/2022\/05\/Bez-tytulu.png 609w\" sizes=\"(max-width: 346px) 100vw, 346px\" \/><\/p>\n","protected":false},"excerpt":{"rendered":"<p>Nasza szko\u0142a otrzyma\u0142a dofinansowanie w ramach realizacji Narodowego Programu Rozwoju Czytelnictwa 2,0 na lata 2021-2025.G\u0142\u00f3wnym celem przedsi\u0119wzi\u0119cia jest uatrakcyjnienie zbior\u00f3w bibliotecznych poprzez zakup nowo\u015bci czytelniczych i element\u00f3w wyposa\u017cenia biblioteki.\u00a0 Otrzymali\u015bmy 15 tysi\u0119cy z\u0142otych, za kt\u00f3re\u00a0 b\u0119dziemy mogli kupi\u0107 wiele ciekawych ksi\u0105\u017cek, co z pewno\u015bci\u0105 jeszcze bardziej przyci\u0105gnie do biblioteki m\u0142odych czytelnik\u00f3w. Jeste\u015bmy zadowoleni, \u017ce uda\u0142o [&hellip;]<\/p>\n","protected":false},"author":1,"featured_media":0,"comment_status":"closed","ping_status":"closed","sticky":false,"template":"","format":"standard","meta":{"footnotes":""},"categories":[5],"tags":[],"class_list":["post-6647","post","type-post","status-publish","format-standard","hentry","category-s-p-bielsk"],"_links":{"self":[{"href":"https:\/\/spbielsk.pl\/index.php?rest_route=\/wp\/v2\/posts\/6647","targetHints":{"allow":["GET"]}}],"collection":[{"href":"https:\/\/spbielsk.pl\/index.php?rest_route=\/wp\/v2\/posts"}],"about":[{"href":"https:\/\/spbielsk.pl\/index.php?rest_route=\/wp\/v2\/types\/post"}],"author":[{"embeddable":true,"href":"https:\/\/spbielsk.pl\/index.php?rest_route=\/wp\/v2\/users\/1"}],"replies":[{"embeddable":true,"href":"https:\/\/spbielsk.pl\/index.php?rest_route=%2Fwp%2Fv2%2Fcomments&post=6647"}],"version-history":[{"count":1,"href":"https:\/\/spbielsk.pl\/index.php?rest_route=\/wp\/v2\/posts\/6647\/revisions"}],"predecessor-version":[{"id":6652,"href":"https:\/\/spbielsk.pl\/index.php?rest_route=\/wp\/v2\/posts\/6647\/revisions\/6652"}],"wp:attachment":[{"href":"https:\/\/spbielsk.pl\/index.php?rest_route=%2Fwp%2Fv2%2Fmedia&parent=6647"}],"wp:term":[{"taxonomy":"category","embeddable":true,"href":"https:\/\/spbielsk.pl\/index.php?rest_route=%2Fwp%2Fv2%2Fcategories&post=6647"},{"taxonomy":"post_tag","embeddable":true,"href":"https:\/\/spbielsk.pl\/index.php?rest_route=%2Fwp%2Fv2%2Ftags&post=6647"}],"curies":[{"name":"wp","href":"https:\/\/api.w.org\/{rel}","templated":true}]}}