{"id":6640,"date":"2022-05-10T07:29:26","date_gmt":"2022-05-10T06:29:26","guid":{"rendered":"http:\/\/spbielsk.pl\/?p=6640"},"modified":"2022-05-10T07:38:25","modified_gmt":"2022-05-10T06:38:25","slug":"konkurs-przyroda-twoj-przyjaciel-2","status":"publish","type":"post","link":"https:\/\/spbielsk.pl\/?p=6640","title":{"rendered":"Konkurs \u201ePrzyroda Tw\u00f3j przyjaciel\u201d"},"content":{"rendered":"\n<p style=\"text-align: justify;\">Nasi uczniowie brali udzia\u0142 w konkursie \u201ePrzyroda \u2013 Tw\u00f3j przyjaciel\u201d organizowanym przez\u00a0 Okr\u0119g LOP w P\u0142ocku przy wsp\u00f3\u0142pracy Okr\u0119gu Mazowieckiego Polskiego Zwi\u0105zku W\u0119dkarskiego w Warszawie oraz Miejskiego Ogrodu Zoologicznego w P\u0142ocku. Tematem wiod\u0105cym XLIV edycji 2021 by\u0142: \u00a0\u201ePrzyroda w czterech porach roku\u201d.<br \/>G\u0142\u00f3wnym celem konkursu by\u0142o promowanie walor\u00f3w przyrodniczych i krajobrazowych Polski, rozbudzenie w\u015br\u00f3d m\u0142odzie\u017cy zainteresowania przyrod\u0105 w\u0142asnego regionu, rozwijanie wra\u017cliwo\u015bci artystycznej i zwr\u00f3cenie uwagi na pi\u0119kno otaczaj\u0105cej nas natury oraz potrzeb\u0119 jej ochrony.<\/p>\n<p style=\"text-align: center;\"><!--more--><\/p>\n<p style=\"text-align: justify;\">W kategorii klas IV \u2013 VIII \u2013 II miejsce zaj\u0119\u0142a uczennica klasy IV c <strong>Adrianna Chroboci\u0144ska<\/strong>, za\u015b w\u015br\u00f3d uczni\u00f3w klas VII \u2013 VIII \u2013 II miejsce &#8211; \u00a0uczennica klasy VII a \u2013 <strong>Oliwia Kaczmarska.<\/strong><\/p>\n<p style=\"text-align: justify;\">Dziewczynki uczestniczy\u0142y w uroczystym podsumowaniu\u00a0 w Starostwie Powiatowym w P\u0142ocku, gdzie zosta\u0142y wr\u0119czone dyplomy oraz upominki.<\/p>\n<p style=\"text-align: right;\">Gratulujemy i zach\u0119camy wszystkich do udzia\u0142u w konkurach przyrodniczych!<\/p>\n<p style=\"text-align: center;\"><a href=\"http:\/\/spbielsk.pl\/wp-content\/uploads\/2022\/05\/279292517_576131630348878_6930406595074231394_n-Copy.jpg\" rel=\"lightbox[6640]\"><img fetchpriority=\"high\" decoding=\"async\" class=\"aligncenter wp-image-6641 size-medium\" src=\"http:\/\/spbielsk.pl\/wp-content\/uploads\/2022\/05\/279292517_576131630348878_6930406595074231394_n-Copy-225x300.jpg\" alt=\"\" width=\"225\" height=\"300\" srcset=\"https:\/\/spbielsk.pl\/wp-content\/uploads\/2022\/05\/279292517_576131630348878_6930406595074231394_n-Copy-225x300.jpg 225w, https:\/\/spbielsk.pl\/wp-content\/uploads\/2022\/05\/279292517_576131630348878_6930406595074231394_n-Copy-768x1024.jpg 768w, https:\/\/spbielsk.pl\/wp-content\/uploads\/2022\/05\/279292517_576131630348878_6930406595074231394_n-Copy.jpg 825w\" sizes=\"(max-width: 225px) 100vw, 225px\" \/><\/a><\/p>\n<p style=\"text-align: center;\"><a href=\"http:\/\/spbielsk.pl\/wp-content\/uploads\/2022\/05\/1111111111111.png\" rel=\"lightbox[6640]\"><img decoding=\"async\" class=\"aligncenter wp-image-6643 size-medium\" src=\"http:\/\/spbielsk.pl\/wp-content\/uploads\/2022\/05\/1111111111111-210x300.png\" alt=\"\" width=\"210\" height=\"300\" srcset=\"https:\/\/spbielsk.pl\/wp-content\/uploads\/2022\/05\/1111111111111-210x300.png 210w, https:\/\/spbielsk.pl\/wp-content\/uploads\/2022\/05\/1111111111111-716x1024.png 716w, https:\/\/spbielsk.pl\/wp-content\/uploads\/2022\/05\/1111111111111-768x1099.png 768w, https:\/\/spbielsk.pl\/wp-content\/uploads\/2022\/05\/1111111111111.png 815w\" sizes=\"(max-width: 210px) 100vw, 210px\" \/><\/a><\/p>\n","protected":false},"excerpt":{"rendered":"<p>Nasi uczniowie brali udzia\u0142 w konkursie \u201ePrzyroda \u2013 Tw\u00f3j przyjaciel\u201d organizowanym przez\u00a0 Okr\u0119g LOP w P\u0142ocku przy wsp\u00f3\u0142pracy Okr\u0119gu Mazowieckiego Polskiego Zwi\u0105zku W\u0119dkarskiego w Warszawie oraz Miejskiego Ogrodu Zoologicznego w P\u0142ocku. Tematem wiod\u0105cym XLIV edycji 2021 by\u0142: \u00a0\u201ePrzyroda w czterech porach roku\u201d.G\u0142\u00f3wnym celem konkursu by\u0142o promowanie walor\u00f3w przyrodniczych i krajobrazowych Polski, rozbudzenie w\u015br\u00f3d m\u0142odzie\u017cy zainteresowania [&hellip;]<\/p>\n","protected":false},"author":1,"featured_media":6601,"comment_status":"closed","ping_status":"closed","sticky":false,"template":"","format":"standard","meta":{"footnotes":""},"categories":[5],"tags":[],"class_list":["post-6640","post","type-post","status-publish","format-standard","has-post-thumbnail","hentry","category-s-p-bielsk"],"_links":{"self":[{"href":"https:\/\/spbielsk.pl\/index.php?rest_route=\/wp\/v2\/posts\/6640","targetHints":{"allow":["GET"]}}],"collection":[{"href":"https:\/\/spbielsk.pl\/index.php?rest_route=\/wp\/v2\/posts"}],"about":[{"href":"https:\/\/spbielsk.pl\/index.php?rest_route=\/wp\/v2\/types\/post"}],"author":[{"embeddable":true,"href":"https:\/\/spbielsk.pl\/index.php?rest_route=\/wp\/v2\/users\/1"}],"replies":[{"embeddable":true,"href":"https:\/\/spbielsk.pl\/index.php?rest_route=%2Fwp%2Fv2%2Fcomments&post=6640"}],"version-history":[{"count":1,"href":"https:\/\/spbielsk.pl\/index.php?rest_route=\/wp\/v2\/posts\/6640\/revisions"}],"predecessor-version":[{"id":6644,"href":"https:\/\/spbielsk.pl\/index.php?rest_route=\/wp\/v2\/posts\/6640\/revisions\/6644"}],"wp:featuredmedia":[{"embeddable":true,"href":"https:\/\/spbielsk.pl\/index.php?rest_route=\/wp\/v2\/media\/6601"}],"wp:attachment":[{"href":"https:\/\/spbielsk.pl\/index.php?rest_route=%2Fwp%2Fv2%2Fmedia&parent=6640"}],"wp:term":[{"taxonomy":"category","embeddable":true,"href":"https:\/\/spbielsk.pl\/index.php?rest_route=%2Fwp%2Fv2%2Fcategories&post=6640"},{"taxonomy":"post_tag","embeddable":true,"href":"https:\/\/spbielsk.pl\/index.php?rest_route=%2Fwp%2Fv2%2Ftags&post=6640"}],"curies":[{"name":"wp","href":"https:\/\/api.w.org\/{rel}","templated":true}]}}