{"id":6449,"date":"2022-03-01T06:43:05","date_gmt":"2022-03-01T05:43:05","guid":{"rendered":"http:\/\/spbielsk.pl\/?p=6449"},"modified":"2022-03-01T06:46:53","modified_gmt":"2022-03-01T05:46:53","slug":"jak-rozmawiac-z-dziecmi-w-obliczu-wojny-na-ukrainie","status":"publish","type":"post","link":"https:\/\/spbielsk.pl\/?p=6449","title":{"rendered":"JAK ROZMAWIA\u0106 Z DZIE\u0106MI W OBLICZU WOJNY NA UKRAINIE"},"content":{"rendered":"\n<div class=\"cxmmr5t8 oygrvhab hcukyx3x c1et5uql o9v6fnle ii04i59q\">\n<div dir=\"auto\" style=\"text-align: center;\"><a href=\"http:\/\/spbielsk.pl\/wp-content\/uploads\/2022\/03\/Ukraina.png\" rel=\"lightbox[6449]\"><img fetchpriority=\"high\" decoding=\"async\" class=\"aligncenter wp-image-6454 size-medium\" src=\"http:\/\/spbielsk.pl\/wp-content\/uploads\/2022\/03\/Ukraina-300x213.png\" alt=\"\" width=\"300\" height=\"213\" srcset=\"https:\/\/spbielsk.pl\/wp-content\/uploads\/2022\/03\/Ukraina-300x213.png 300w, https:\/\/spbielsk.pl\/wp-content\/uploads\/2022\/03\/Ukraina-768x545.png 768w, https:\/\/spbielsk.pl\/wp-content\/uploads\/2022\/03\/Ukraina.png 1024w\" sizes=\"(max-width: 300px) 100vw, 300px\" \/><\/a><\/div>\n<div dir=\"auto\" style=\"text-align: left;\">Polecamy artyku\u0142y i webinaria:<\/div>\n<\/div>\n<div class=\"cxmmr5t8 oygrvhab hcukyx3x c1et5uql o9v6fnle ii04i59q\">\n<div dir=\"auto\">Artyku\u0142y:<\/div>\n<\/div>\n<div class=\"cxmmr5t8 oygrvhab hcukyx3x c1et5uql o9v6fnle ii04i59q\">\n<div dir=\"auto\">1. w Ukrainie &#8211; jak si\u0119 nie da\u0107 panice? Dla wra\u017cliwych os\u00f3b jest to straszliwy dzie\u0144- rozmowa z Pani\u0105 dr psychologii Ew\u0105 Woydy\u0142\u0142o-Osiaty\u0144sk\u0105:<\/div>\n<div dir=\"auto\"><a class=\"oajrlxb2 g5ia77u1 qu0x051f esr5mh6w e9989ue4 r7d6kgcz rq0escxv nhd2j8a9 nc684nl6 p7hjln8o kvgmc6g5 cxmmr5t8 oygrvhab hcukyx3x jb3vyjys rz4wbd8a qt6c0cv9 a8nywdso i1ao9s8h esuyzwwr f1sip0of lzcic4wl gpro0wi8 py34i1dx\" tabindex=\"0\" role=\"link\" href=\"https:\/\/weekend.gazeta.pl\/weekend\/7,183331,28151661,wojna-w-ukrainie-jak-sie-nie-dac-panice-dla-wrazliwych-osob.html?fbclid=IwAR0bRbQmoRYv_WYl847CxmLA94FVO_e-nsUijaG5ElHNVoduS7MrPjhvBvU\" target=\"_blank\" rel=\"nofollow noopener\"><strong>https:\/\/weekend.gazeta.pl\/&#8230;\/7,183331,28151661,wojna-w&#8230;<\/strong><\/a><\/div>\n<\/div>\n<div class=\"cxmmr5t8 oygrvhab hcukyx3x c1et5uql o9v6fnle ii04i59q\">\n<div dir=\"auto\">2. Jak rozmawia\u0107 z dzie\u0107mi o wojnie w Ukrainie? Joanna Czeczott:<\/div>\n<div dir=\"auto\"><a class=\"oajrlxb2 g5ia77u1 qu0x051f esr5mh6w e9989ue4 r7d6kgcz rq0escxv nhd2j8a9 nc684nl6 p7hjln8o kvgmc6g5 cxmmr5t8 oygrvhab hcukyx3x jb3vyjys rz4wbd8a qt6c0cv9 a8nywdso i1ao9s8h esuyzwwr f1sip0of lzcic4wl gpro0wi8 py34i1dx\" tabindex=\"0\" role=\"link\" href=\"https:\/\/kosmosdladoroslych.pl\/ale-temat\/jak-rozmawiac-z-dziecmi-o-wojnie-w-ukrainie\/?fbclid=IwAR2zK8jN-4BWDc2TjOFmoQZL41R6k-DMylcMtsIC_q9-t1CUs_13OP4JlIY\" target=\"_blank\" rel=\"nofollow noopener\"><strong>https:\/\/kosmosdladoroslych.pl\/&#8230;\/jak-rozmawiac-z&#8230;\/<\/strong><\/a><\/div>\n<\/div>\n<div class=\"cxmmr5t8 oygrvhab hcukyx3x c1et5uql o9v6fnle ii04i59q\">\n<div dir=\"auto\">3. Jak rozmawia\u0107 z dzie\u0107mi o wojnie i przemocy &#8211; rozmowa z W.Eichelbergerem:<\/div>\n<div dir=\"auto\"><a class=\"oajrlxb2 g5ia77u1 qu0x051f esr5mh6w e9989ue4 r7d6kgcz rq0escxv nhd2j8a9 nc684nl6 p7hjln8o kvgmc6g5 cxmmr5t8 oygrvhab hcukyx3x jb3vyjys rz4wbd8a qt6c0cv9 a8nywdso i1ao9s8h esuyzwwr f1sip0of lzcic4wl gpro0wi8 py34i1dx\" tabindex=\"0\" role=\"link\" href=\"http:\/\/miastodzieci.pl\/czytelnia\/mamo-tato-co-to-jest-wojna\/?fbclid=IwAR368C62I3pUcjG96P62bU-t5WiPMRGUfhaKolS1BPznm4D77yWW17ArwuA\" target=\"_blank\" rel=\"nofollow noopener\"><strong>miastodzieci.pl\/czytelnia\/mamo-tato-co-to-jest-wojna\/<\/strong><\/a><\/div>\n<\/div>\n<div class=\"cxmmr5t8 oygrvhab hcukyx3x c1et5uql o9v6fnle ii04i59q\">\n<div dir=\"auto\">4. Jak wspiera\u0107 i (czy) rozmawia\u0107 z dzie\u0107mi o wojnie w Ukrainie? Paulina Jarecka &#8211; psycholog dzieci\u0119cy i certyfikowany psychoterapeuta poznawczo-behawioralny:<\/div>\n<div dir=\"auto\"><a class=\"oajrlxb2 g5ia77u1 qu0x051f esr5mh6w e9989ue4 r7d6kgcz rq0escxv nhd2j8a9 nc684nl6 p7hjln8o kvgmc6g5 cxmmr5t8 oygrvhab hcukyx3x jb3vyjys rz4wbd8a qt6c0cv9 a8nywdso i1ao9s8h esuyzwwr f1sip0of lzcic4wl gpro0wi8 py34i1dx\" tabindex=\"0\" role=\"link\" href=\"https:\/\/dzieciecapsychologia.pl\/jak-wspierac-i-czy-rozmawiac-z-dziecmi-o-wojnie-w-ukrainie\/?fbclid=IwAR2YhGk-Yqq5x-YbHNjDadmPT3nmpUmolf6MIk0cIfNlKjdyhkCHDIzqZtE\" target=\"_blank\" rel=\"nofollow noopener\"><strong>https:\/\/dzieciecapsychologia.pl\/jak-wspierac-i-czy&#8230;\/<\/strong><\/a><\/div>\n<\/div>\n<p><!--more--><\/p>\n<div class=\"cxmmr5t8 oygrvhab hcukyx3x c1et5uql o9v6fnle ii04i59q\">\n<div dir=\"auto\">Webinaria:<\/div>\n<\/div>\n<div class=\"cxmmr5t8 oygrvhab hcukyx3x c1et5uql o9v6fnle ii04i59q\">\n<div dir=\"auto\">1. Centrum Terapii Dialog:<\/div>\n<div dir=\"auto\"><a class=\"oajrlxb2 g5ia77u1 qu0x051f esr5mh6w e9989ue4 r7d6kgcz rq0escxv nhd2j8a9 nc684nl6 p7hjln8o kvgmc6g5 cxmmr5t8 oygrvhab hcukyx3x jb3vyjys rz4wbd8a qt6c0cv9 a8nywdso i1ao9s8h esuyzwwr f1sip0of lzcic4wl gpro0wi8 py34i1dx\" tabindex=\"0\" role=\"link\" href=\"https:\/\/www.youtube.com\/watch?v=w9vRMmCg1OU&amp;fbclid=IwAR38xHk34rNlSuU6CVLHpykaa5IZZGg02VK3zLj0roAaBXPZjCPh60iqSe8\" target=\"_blank\" rel=\"nofollow noopener\"><strong>https:\/\/www.youtube.com\/watch?v=w9vRMmCg1OU<\/strong><\/a><\/div>\n<\/div>\n<div class=\"cxmmr5t8 oygrvhab hcukyx3x c1et5uql o9v6fnle ii04i59q\">\n<div dir=\"auto\">2. 2 marca Rzecznik Praw Dziecka Miko\u0142aj Pawlak organizuje otwarte dla nauczycieli, pedagog\u00f3w, opiekun\u00f3w i rodzic\u00f3w dzieci internetowe szkolenie:<\/div>\n<div dir=\"auto\"><a class=\"oajrlxb2 g5ia77u1 qu0x051f esr5mh6w e9989ue4 r7d6kgcz rq0escxv nhd2j8a9 nc684nl6 p7hjln8o kvgmc6g5 cxmmr5t8 oygrvhab hcukyx3x jb3vyjys rz4wbd8a qt6c0cv9 a8nywdso i1ao9s8h esuyzwwr f1sip0of lzcic4wl gpro0wi8 py34i1dx\" tabindex=\"0\" role=\"link\" href=\"https:\/\/l.facebook.com\/l.php?u=https%3A%2F%2Fbrpd.gov.pl%2F2022%2F02%2F24%2Fszkolenie-jak-rozmawiac-z-dziecmi-o-wojnie%2F%3Ffbclid%3DIwAR2NFg4-jeTwJsSHSW3UKpxGohfJuSEs-V1tC7E1CmjHgL4ttWVyX4kppjo&amp;h=AT1khu3pc69CoLA4W4lbD-Ol2d3XXnM2jzSuLF7G7UEwyN8VACFHIdzqB5Ijm9fsLfaed2H_3R8aFtYMr21tVEQ808JNVhiCLOAPZmFOaMOVstPRCLKSIpMwf8cPMYxm1xVb&amp;__tn__=-UK-R&amp;c[0]=AT3vX13WEe-bX7ydSKPaQx20rz4uNDSWhDhjGRgDrzPFrRBByADSNNNTxslYgs1e6rlxksZSDg80iY-3R38yVGhu_1ms0SIROjg_GFwBdGOk9SlWNoFlAEMbuN0J866rIm5Q8ecM6pUBaKbkJKBG32juh0m7fT2kPOvXHP-aL6RBRw4\" target=\"_blank\" rel=\"nofollow noopener\"><strong>https:\/\/brpd.gov.pl\/&#8230;\/szkolenie-jak-rozmawiac-z&#8230;\/<\/strong><\/a><\/div>\n<\/div>\n<div class=\"cxmmr5t8 oygrvhab hcukyx3x c1et5uql o9v6fnle ii04i59q\">\n<div dir=\"auto\">3. Centrum Edukacji Obywatelskiej, nagranie ze spotkania:<\/div>\n<div dir=\"auto\"><a class=\"oajrlxb2 g5ia77u1 qu0x051f esr5mh6w e9989ue4 r7d6kgcz rq0escxv nhd2j8a9 nc684nl6 p7hjln8o kvgmc6g5 cxmmr5t8 oygrvhab hcukyx3x jb3vyjys rz4wbd8a qt6c0cv9 a8nywdso i1ao9s8h esuyzwwr f1sip0of lzcic4wl gpro0wi8 oo9gr5id lrazzd5p\" tabindex=\"0\" role=\"link\" href=\"https:\/\/www.facebook.com\/fundacjaCEO\/videos\/288906039997950\/?__cft__[0]=AZXhvI4SN_P86aDA4N-xsP1IW0zpmneWpDBDrGCsOkk2kFIjMqGa8LCWTXJ3RcMyKjzf4_aiu7xTQgpAR3YO1uQUZhS5Dz14YXZ15NlAm5tjQodqj5qwdQaItifW7UzAernQfa_C62sWgFcO_j1ik-oK&amp;__tn__=-UK-R\"><strong>https:\/\/www.facebook.com\/watch\/live\/?ref=watch_permalink&amp;v=288906039997950<\/strong><\/a><\/div>\n<\/div>\n<div class=\"cxmmr5t8 oygrvhab hcukyx3x c1et5uql o9v6fnle ii04i59q\">\n<div dir=\"auto\">Zapraszamy r\u00f3wnie\u017c do kontaktu ze specjalistami szkolnymi.<\/div>\n<div dir=\"auto\">Patrycja Or\u0142owska, psycholog<\/div>\n<\/div>\n","protected":false},"excerpt":{"rendered":"<p>Polecamy artyku\u0142y i webinaria: Artyku\u0142y: 1. w Ukrainie &#8211; jak si\u0119 nie da\u0107 panice? Dla wra\u017cliwych os\u00f3b jest to straszliwy dzie\u0144- rozmowa z Pani\u0105 dr psychologii Ew\u0105 Woydy\u0142\u0142o-Osiaty\u0144sk\u0105: https:\/\/weekend.gazeta.pl\/&#8230;\/7,183331,28151661,wojna-w&#8230; 2. Jak rozmawia\u0107 z dzie\u0107mi o wojnie w Ukrainie? Joanna Czeczott: https:\/\/kosmosdladoroslych.pl\/&#8230;\/jak-rozmawiac-z&#8230;\/ 3. Jak rozmawia\u0107 z dzie\u0107mi o wojnie i przemocy &#8211; rozmowa z W.Eichelbergerem: miastodzieci.pl\/czytelnia\/mamo-tato-co-to-jest-wojna\/ [&hellip;]<\/p>\n","protected":false},"author":1,"featured_media":0,"comment_status":"closed","ping_status":"closed","sticky":false,"template":"","format":"standard","meta":{"footnotes":""},"categories":[5],"tags":[],"class_list":["post-6449","post","type-post","status-publish","format-standard","hentry","category-s-p-bielsk"],"_links":{"self":[{"href":"https:\/\/spbielsk.pl\/index.php?rest_route=\/wp\/v2\/posts\/6449","targetHints":{"allow":["GET"]}}],"collection":[{"href":"https:\/\/spbielsk.pl\/index.php?rest_route=\/wp\/v2\/posts"}],"about":[{"href":"https:\/\/spbielsk.pl\/index.php?rest_route=\/wp\/v2\/types\/post"}],"author":[{"embeddable":true,"href":"https:\/\/spbielsk.pl\/index.php?rest_route=\/wp\/v2\/users\/1"}],"replies":[{"embeddable":true,"href":"https:\/\/spbielsk.pl\/index.php?rest_route=%2Fwp%2Fv2%2Fcomments&post=6449"}],"version-history":[{"count":3,"href":"https:\/\/spbielsk.pl\/index.php?rest_route=\/wp\/v2\/posts\/6449\/revisions"}],"predecessor-version":[{"id":6455,"href":"https:\/\/spbielsk.pl\/index.php?rest_route=\/wp\/v2\/posts\/6449\/revisions\/6455"}],"wp:attachment":[{"href":"https:\/\/spbielsk.pl\/index.php?rest_route=%2Fwp%2Fv2%2Fmedia&parent=6449"}],"wp:term":[{"taxonomy":"category","embeddable":true,"href":"https:\/\/spbielsk.pl\/index.php?rest_route=%2Fwp%2Fv2%2Fcategories&post=6449"},{"taxonomy":"post_tag","embeddable":true,"href":"https:\/\/spbielsk.pl\/index.php?rest_route=%2Fwp%2Fv2%2Ftags&post=6449"}],"curies":[{"name":"wp","href":"https:\/\/api.w.org\/{rel}","templated":true}]}}