{"id":6328,"date":"2021-12-16T08:16:00","date_gmt":"2021-12-16T07:16:00","guid":{"rendered":"http:\/\/spbielsk.pl\/?p=6328"},"modified":"2022-01-11T09:18:05","modified_gmt":"2022-01-11T08:18:05","slug":"dzien-czapki-mikolaja","status":"publish","type":"post","link":"https:\/\/spbielsk.pl\/?p=6328","title":{"rendered":"DZIE\u0143 CZAPKI MIKO\u0141AJA"},"content":{"rendered":"\n<p style=\"text-align: justify;\"><strong>Dzie\u0144<\/strong><strong> 6 grudnia<\/strong> w naszej szkole obchodzony jest jako <strong>Dzie\u0144 Czapki Miko\u0142aja<\/strong>. Wszyscy uczniowie, kt\u00f3rzy mieli miko\u0142ajkowe czapki, mogli je nosi\u0107 przez ca\u0142y dzie\u0144, na ka\u017cdej lekcji, dzi\u0119ki czemu byli zwolnieni z odpytywania.<\/p>\n<p style=\"text-align: justify;\"><!--more-->Tego dnia\u00a0 z uwagi na udzia\u0142 ka\u017cdej klasy w jase\u0142kach on-line wszyscy uczniowie mieli przyj\u015b\u0107 \u015bwi\u0105tecznie, bo\u017conarodzeniowo ubrani \u00a0\/ w sweterki, sukieneczki, getry, gad\u017cety, opaski..itp \/. Mamy nadziej\u0119, \u017ce \u015bw. Miko\u0142aja b\u0119dziemy na\u015bladowa\u0107 nie tylko w wygl\u0105dzie, ale r\u00f3wnie\u017c w jego dobroczynnej dzia\u0142alno\u015bci. Dzi\u0119kujemy za pi\u0119kne \u015bwi\u0119towanie. A oto efekty\u2026<\/p>\n<p style=\"text-align: right;\">Wolontariat<br \/>Samorz\u0105d\u00a0 Uczniowski<\/p>\n<p style=\"text-align: center;\">\r\n<div class=\"ngg-galleryoverview\" id=\"ngg-gallery-646-6328\">\r\n\r\n\t<!-- Slideshow link -->\r\n\t<div class=\"slideshowlink\">\r\n\t\t<a class=\"slideshowlink\" href=\"https:\/\/spbielsk.pl\/?p=6328&amp;show=slide\">\r\n\t\t\t[Show slideshow]\t\t<\/a>\r\n\t<\/div>\r\n\r\n\t\r\n\t<!-- Thumbnails -->\r\n\t\t\r\n\t<div id=\"ngg-image-17193\" class=\"ngg-gallery-thumbnail-box\"  >\r\n\t\t<div class=\"ngg-gallery-thumbnail\" >\r\n\t\t\t<a href=\"https:\/\/spbielsk.pl\/wp-content\/gallery\/wolontariat-dzien-czapki-mikolaja-grudzien-2021\/1a-copy.jpg\" title=\" \"   rel=\"lightbox[6328]\">\r\n\t\t\t\t\t\t\t\t<img decoding=\"async\" title=\"1a-copy\" alt=\"1a-copy\" src=\"https:\/\/spbielsk.pl\/wp-content\/gallery\/wolontariat-dzien-czapki-mikolaja-grudzien-2021\/thumbs\/thumbs_1a-copy.jpg\" width=\"120\" height=\"90\" \/>\r\n\t\t\t\t\t\t\t<\/a>\r\n\t\t<\/div>\r\n\t<\/div>\r\n\t\r\n\t\t\r\n \t\t\r\n\t<div id=\"ngg-image-17194\" class=\"ngg-gallery-thumbnail-box\"  >\r\n\t\t<div class=\"ngg-gallery-thumbnail\" >\r\n\t\t\t<a href=\"https:\/\/spbielsk.pl\/wp-content\/gallery\/wolontariat-dzien-czapki-mikolaja-grudzien-2021\/1b-copy.jpg\" title=\" \"   rel=\"lightbox[6328]\">\r\n\t\t\t\t\t\t\t\t<img decoding=\"async\" title=\"1b-copy\" alt=\"1b-copy\" src=\"https:\/\/spbielsk.pl\/wp-content\/gallery\/wolontariat-dzien-czapki-mikolaja-grudzien-2021\/thumbs\/thumbs_1b-copy.jpg\" width=\"120\" height=\"90\" \/>\r\n\t\t\t\t\t\t\t<\/a>\r\n\t\t<\/div>\r\n\t<\/div>\r\n\t\r\n\t\t\r\n \t\t\r\n\t<div id=\"ngg-image-17195\" class=\"ngg-gallery-thumbnail-box\"  >\r\n\t\t<div class=\"ngg-gallery-thumbnail\" >\r\n\t\t\t<a href=\"https:\/\/spbielsk.pl\/wp-content\/gallery\/wolontariat-dzien-czapki-mikolaja-grudzien-2021\/2-c-copy.jpg\" title=\" \"   rel=\"lightbox[6328]\">\r\n\t\t\t\t\t\t\t\t<img decoding=\"async\" title=\"2-c-copy\" alt=\"2-c-copy\" src=\"https:\/\/spbielsk.pl\/wp-content\/gallery\/wolontariat-dzien-czapki-mikolaja-grudzien-2021\/thumbs\/thumbs_2-c-copy.jpg\" width=\"120\" height=\"90\" \/>\r\n\t\t\t\t\t\t\t<\/a>\r\n\t\t<\/div>\r\n\t<\/div>\r\n\t\r\n\t\t\r\n \t\t\r\n\t<div id=\"ngg-image-17196\" class=\"ngg-gallery-thumbnail-box\"  >\r\n\t\t<div class=\"ngg-gallery-thumbnail\" >\r\n\t\t\t<a href=\"https:\/\/spbielsk.pl\/wp-content\/gallery\/wolontariat-dzien-czapki-mikolaja-grudzien-2021\/2a-copy.jpg\" title=\" \"   rel=\"lightbox[6328]\">\r\n\t\t\t\t\t\t\t\t<img loading=\"lazy\" decoding=\"async\" title=\"2a-copy\" alt=\"2a-copy\" src=\"https:\/\/spbielsk.pl\/wp-content\/gallery\/wolontariat-dzien-czapki-mikolaja-grudzien-2021\/thumbs\/thumbs_2a-copy.jpg\" width=\"120\" height=\"90\" \/>\r\n\t\t\t\t\t\t\t<\/a>\r\n\t\t<\/div>\r\n\t<\/div>\r\n\t\r\n\t\t\r\n \t\t\r\n\t<div id=\"ngg-image-17197\" class=\"ngg-gallery-thumbnail-box\"  >\r\n\t\t<div class=\"ngg-gallery-thumbnail\" >\r\n\t\t\t<a href=\"https:\/\/spbielsk.pl\/wp-content\/gallery\/wolontariat-dzien-czapki-mikolaja-grudzien-2021\/2b-copy.jpg\" title=\" \"   rel=\"lightbox[6328]\">\r\n\t\t\t\t\t\t\t\t<img loading=\"lazy\" decoding=\"async\" title=\"2b-copy\" alt=\"2b-copy\" src=\"https:\/\/spbielsk.pl\/wp-content\/gallery\/wolontariat-dzien-czapki-mikolaja-grudzien-2021\/thumbs\/thumbs_2b-copy.jpg\" width=\"120\" height=\"90\" \/>\r\n\t\t\t\t\t\t\t<\/a>\r\n\t\t<\/div>\r\n\t<\/div>\r\n\t\r\n\t\t\r\n \t\t\r\n\t<div id=\"ngg-image-17198\" class=\"ngg-gallery-thumbnail-box\"  >\r\n\t\t<div class=\"ngg-gallery-thumbnail\" >\r\n\t\t\t<a href=\"https:\/\/spbielsk.pl\/wp-content\/gallery\/wolontariat-dzien-czapki-mikolaja-grudzien-2021\/3a-copy.jpg\" title=\" \"   rel=\"lightbox[6328]\">\r\n\t\t\t\t\t\t\t\t<img loading=\"lazy\" decoding=\"async\" title=\"3a-copy\" alt=\"3a-copy\" src=\"https:\/\/spbielsk.pl\/wp-content\/gallery\/wolontariat-dzien-czapki-mikolaja-grudzien-2021\/thumbs\/thumbs_3a-copy.jpg\" width=\"120\" height=\"90\" \/>\r\n\t\t\t\t\t\t\t<\/a>\r\n\t\t<\/div>\r\n\t<\/div>\r\n\t\r\n\t\t\r\n \t\t\r\n\t<div id=\"ngg-image-17199\" class=\"ngg-gallery-thumbnail-box\"  >\r\n\t\t<div class=\"ngg-gallery-thumbnail\" >\r\n\t\t\t<a href=\"https:\/\/spbielsk.pl\/wp-content\/gallery\/wolontariat-dzien-czapki-mikolaja-grudzien-2021\/3b-copy.jpg\" title=\" \"   rel=\"lightbox[6328]\">\r\n\t\t\t\t\t\t\t\t<img loading=\"lazy\" decoding=\"async\" title=\"3b-copy\" alt=\"3b-copy\" src=\"https:\/\/spbielsk.pl\/wp-content\/gallery\/wolontariat-dzien-czapki-mikolaja-grudzien-2021\/thumbs\/thumbs_3b-copy.jpg\" width=\"120\" height=\"90\" \/>\r\n\t\t\t\t\t\t\t<\/a>\r\n\t\t<\/div>\r\n\t<\/div>\r\n\t\r\n\t\t\r\n \t\t\r\n\t<div id=\"ngg-image-17200\" class=\"ngg-gallery-thumbnail-box\"  >\r\n\t\t<div class=\"ngg-gallery-thumbnail\" >\r\n\t\t\t<a href=\"https:\/\/spbielsk.pl\/wp-content\/gallery\/wolontariat-dzien-czapki-mikolaja-grudzien-2021\/4a-copy.jpg\" title=\" \"   rel=\"lightbox[6328]\">\r\n\t\t\t\t\t\t\t\t<img loading=\"lazy\" decoding=\"async\" title=\"4a-copy\" alt=\"4a-copy\" src=\"https:\/\/spbielsk.pl\/wp-content\/gallery\/wolontariat-dzien-czapki-mikolaja-grudzien-2021\/thumbs\/thumbs_4a-copy.jpg\" width=\"120\" height=\"90\" \/>\r\n\t\t\t\t\t\t\t<\/a>\r\n\t\t<\/div>\r\n\t<\/div>\r\n\t\r\n\t\t\r\n \t\t\r\n\t<div id=\"ngg-image-17201\" class=\"ngg-gallery-thumbnail-box\"  >\r\n\t\t<div class=\"ngg-gallery-thumbnail\" >\r\n\t\t\t<a href=\"https:\/\/spbielsk.pl\/wp-content\/gallery\/wolontariat-dzien-czapki-mikolaja-grudzien-2021\/4b-copy.jpg\" title=\" \"   rel=\"lightbox[6328]\">\r\n\t\t\t\t\t\t\t\t<img loading=\"lazy\" decoding=\"async\" title=\"4b-copy\" alt=\"4b-copy\" src=\"https:\/\/spbielsk.pl\/wp-content\/gallery\/wolontariat-dzien-czapki-mikolaja-grudzien-2021\/thumbs\/thumbs_4b-copy.jpg\" width=\"120\" height=\"90\" \/>\r\n\t\t\t\t\t\t\t<\/a>\r\n\t\t<\/div>\r\n\t<\/div>\r\n\t\r\n\t\t\r\n \t\t\r\n\t<div id=\"ngg-image-17202\" class=\"ngg-gallery-thumbnail-box\"  >\r\n\t\t<div class=\"ngg-gallery-thumbnail\" >\r\n\t\t\t<a href=\"https:\/\/spbielsk.pl\/wp-content\/gallery\/wolontariat-dzien-czapki-mikolaja-grudzien-2021\/4c-copy.jpg\" title=\" \"   rel=\"lightbox[6328]\">\r\n\t\t\t\t\t\t\t\t<img loading=\"lazy\" decoding=\"async\" title=\"4c-copy\" alt=\"4c-copy\" src=\"https:\/\/spbielsk.pl\/wp-content\/gallery\/wolontariat-dzien-czapki-mikolaja-grudzien-2021\/thumbs\/thumbs_4c-copy.jpg\" width=\"120\" height=\"90\" \/>\r\n\t\t\t\t\t\t\t<\/a>\r\n\t\t<\/div>\r\n\t<\/div>\r\n\t\r\n\t\t\r\n \t\t\r\n\t<div id=\"ngg-image-17203\" class=\"ngg-gallery-thumbnail-box\"  >\r\n\t\t<div class=\"ngg-gallery-thumbnail\" >\r\n\t\t\t<a href=\"https:\/\/spbielsk.pl\/wp-content\/gallery\/wolontariat-dzien-czapki-mikolaja-grudzien-2021\/5a-copy.jpg\" title=\" \"   rel=\"lightbox[6328]\">\r\n\t\t\t\t\t\t\t\t<img loading=\"lazy\" decoding=\"async\" title=\"5a-copy\" alt=\"5a-copy\" src=\"https:\/\/spbielsk.pl\/wp-content\/gallery\/wolontariat-dzien-czapki-mikolaja-grudzien-2021\/thumbs\/thumbs_5a-copy.jpg\" width=\"120\" height=\"90\" \/>\r\n\t\t\t\t\t\t\t<\/a>\r\n\t\t<\/div>\r\n\t<\/div>\r\n\t\r\n\t\t\r\n \t\t\r\n\t<div id=\"ngg-image-17204\" class=\"ngg-gallery-thumbnail-box\"  >\r\n\t\t<div class=\"ngg-gallery-thumbnail\" >\r\n\t\t\t<a href=\"https:\/\/spbielsk.pl\/wp-content\/gallery\/wolontariat-dzien-czapki-mikolaja-grudzien-2021\/5b-copy.jpg\" title=\" \"   rel=\"lightbox[6328]\">\r\n\t\t\t\t\t\t\t\t<img loading=\"lazy\" decoding=\"async\" title=\"5b-copy\" alt=\"5b-copy\" src=\"https:\/\/spbielsk.pl\/wp-content\/gallery\/wolontariat-dzien-czapki-mikolaja-grudzien-2021\/thumbs\/thumbs_5b-copy.jpg\" width=\"120\" height=\"90\" \/>\r\n\t\t\t\t\t\t\t<\/a>\r\n\t\t<\/div>\r\n\t<\/div>\r\n\t\r\n\t\t\r\n \t\t\r\n\t<div id=\"ngg-image-17205\" class=\"ngg-gallery-thumbnail-box\"  >\r\n\t\t<div class=\"ngg-gallery-thumbnail\" >\r\n\t\t\t<a href=\"https:\/\/spbielsk.pl\/wp-content\/gallery\/wolontariat-dzien-czapki-mikolaja-grudzien-2021\/6a-copy.jpg\" title=\" \"   rel=\"lightbox[6328]\">\r\n\t\t\t\t\t\t\t\t<img loading=\"lazy\" decoding=\"async\" title=\"6a-copy\" alt=\"6a-copy\" src=\"https:\/\/spbielsk.pl\/wp-content\/gallery\/wolontariat-dzien-czapki-mikolaja-grudzien-2021\/thumbs\/thumbs_6a-copy.jpg\" width=\"120\" height=\"90\" \/>\r\n\t\t\t\t\t\t\t<\/a>\r\n\t\t<\/div>\r\n\t<\/div>\r\n\t\r\n\t\t\r\n \t\t\r\n\t<div id=\"ngg-image-17206\" class=\"ngg-gallery-thumbnail-box\"  >\r\n\t\t<div class=\"ngg-gallery-thumbnail\" >\r\n\t\t\t<a href=\"https:\/\/spbielsk.pl\/wp-content\/gallery\/wolontariat-dzien-czapki-mikolaja-grudzien-2021\/6b-copy.jpg\" title=\" \"   rel=\"lightbox[6328]\">\r\n\t\t\t\t\t\t\t\t<img loading=\"lazy\" decoding=\"async\" title=\"6b-copy\" alt=\"6b-copy\" src=\"https:\/\/spbielsk.pl\/wp-content\/gallery\/wolontariat-dzien-czapki-mikolaja-grudzien-2021\/thumbs\/thumbs_6b-copy.jpg\" width=\"120\" height=\"90\" \/>\r\n\t\t\t\t\t\t\t<\/a>\r\n\t\t<\/div>\r\n\t<\/div>\r\n\t\r\n\t\t\r\n \t\t\r\n\t<div id=\"ngg-image-17207\" class=\"ngg-gallery-thumbnail-box\"  >\r\n\t\t<div class=\"ngg-gallery-thumbnail\" >\r\n\t\t\t<a href=\"https:\/\/spbielsk.pl\/wp-content\/gallery\/wolontariat-dzien-czapki-mikolaja-grudzien-2021\/7a-copy.jpg\" title=\" \"   rel=\"lightbox[6328]\">\r\n\t\t\t\t\t\t\t\t<img loading=\"lazy\" decoding=\"async\" title=\"7a-copy\" alt=\"7a-copy\" src=\"https:\/\/spbielsk.pl\/wp-content\/gallery\/wolontariat-dzien-czapki-mikolaja-grudzien-2021\/thumbs\/thumbs_7a-copy.jpg\" width=\"120\" height=\"90\" \/>\r\n\t\t\t\t\t\t\t<\/a>\r\n\t\t<\/div>\r\n\t<\/div>\r\n\t\r\n\t\t\r\n \t\t\r\n\t<div id=\"ngg-image-17208\" class=\"ngg-gallery-thumbnail-box\"  >\r\n\t\t<div class=\"ngg-gallery-thumbnail\" >\r\n\t\t\t<a href=\"https:\/\/spbielsk.pl\/wp-content\/gallery\/wolontariat-dzien-czapki-mikolaja-grudzien-2021\/7b-copy.jpg\" title=\" \"   rel=\"lightbox[6328]\">\r\n\t\t\t\t\t\t\t\t<img loading=\"lazy\" decoding=\"async\" title=\"7b-copy\" alt=\"7b-copy\" src=\"https:\/\/spbielsk.pl\/wp-content\/gallery\/wolontariat-dzien-czapki-mikolaja-grudzien-2021\/thumbs\/thumbs_7b-copy.jpg\" width=\"120\" height=\"90\" \/>\r\n\t\t\t\t\t\t\t<\/a>\r\n\t\t<\/div>\r\n\t<\/div>\r\n\t\r\n\t\t\r\n \t\t\r\n\t<div id=\"ngg-image-17209\" class=\"ngg-gallery-thumbnail-box\"  >\r\n\t\t<div class=\"ngg-gallery-thumbnail\" >\r\n\t\t\t<a href=\"https:\/\/spbielsk.pl\/wp-content\/gallery\/wolontariat-dzien-czapki-mikolaja-grudzien-2021\/7c-copy.jpg\" title=\" \"   rel=\"lightbox[6328]\">\r\n\t\t\t\t\t\t\t\t<img loading=\"lazy\" decoding=\"async\" title=\"7c-copy\" alt=\"7c-copy\" src=\"https:\/\/spbielsk.pl\/wp-content\/gallery\/wolontariat-dzien-czapki-mikolaja-grudzien-2021\/thumbs\/thumbs_7c-copy.jpg\" width=\"120\" height=\"90\" \/>\r\n\t\t\t\t\t\t\t<\/a>\r\n\t\t<\/div>\r\n\t<\/div>\r\n\t\r\n\t\t\r\n \t\t\r\n\t<div id=\"ngg-image-17210\" class=\"ngg-gallery-thumbnail-box\"  >\r\n\t\t<div class=\"ngg-gallery-thumbnail\" >\r\n\t\t\t<a href=\"https:\/\/spbielsk.pl\/wp-content\/gallery\/wolontariat-dzien-czapki-mikolaja-grudzien-2021\/8a-copy.jpg\" title=\" \"   rel=\"lightbox[6328]\">\r\n\t\t\t\t\t\t\t\t<img loading=\"lazy\" decoding=\"async\" title=\"8a-copy\" alt=\"8a-copy\" src=\"https:\/\/spbielsk.pl\/wp-content\/gallery\/wolontariat-dzien-czapki-mikolaja-grudzien-2021\/thumbs\/thumbs_8a-copy.jpg\" width=\"120\" height=\"90\" \/>\r\n\t\t\t\t\t\t\t<\/a>\r\n\t\t<\/div>\r\n\t<\/div>\r\n\t\r\n\t\t\r\n \t\t\r\n\t<div id=\"ngg-image-17211\" class=\"ngg-gallery-thumbnail-box\"  >\r\n\t\t<div class=\"ngg-gallery-thumbnail\" >\r\n\t\t\t<a href=\"https:\/\/spbielsk.pl\/wp-content\/gallery\/wolontariat-dzien-czapki-mikolaja-grudzien-2021\/8b-copy.jpg\" title=\" \"   rel=\"lightbox[6328]\">\r\n\t\t\t\t\t\t\t\t<img loading=\"lazy\" decoding=\"async\" title=\"8b-copy\" alt=\"8b-copy\" src=\"https:\/\/spbielsk.pl\/wp-content\/gallery\/wolontariat-dzien-czapki-mikolaja-grudzien-2021\/thumbs\/thumbs_8b-copy.jpg\" width=\"120\" height=\"90\" \/>\r\n\t\t\t\t\t\t\t<\/a>\r\n\t\t<\/div>\r\n\t<\/div>\r\n\t\r\n\t\t\r\n \t\t\r\n\t<div id=\"ngg-image-17212\" class=\"ngg-gallery-thumbnail-box\"  >\r\n\t\t<div class=\"ngg-gallery-thumbnail\" >\r\n\t\t\t<a href=\"https:\/\/spbielsk.pl\/wp-content\/gallery\/wolontariat-dzien-czapki-mikolaja-grudzien-2021\/8c-copy.jpg\" title=\" \"   rel=\"lightbox[6328]\">\r\n\t\t\t\t\t\t\t\t<img loading=\"lazy\" decoding=\"async\" title=\"8c-copy\" alt=\"8c-copy\" src=\"https:\/\/spbielsk.pl\/wp-content\/gallery\/wolontariat-dzien-czapki-mikolaja-grudzien-2021\/thumbs\/thumbs_8c-copy.jpg\" width=\"120\" height=\"90\" \/>\r\n\t\t\t\t\t\t\t<\/a>\r\n\t\t<\/div>\r\n\t<\/div>\r\n\t\r\n\t\t\r\n \t \t\r\n\t<!-- Pagination -->\r\n \t<div class='ngg-clear'><\/div>\n \t\r\n<\/div>\r\n\r\n<\/p>\n","protected":false},"excerpt":{"rendered":"<p>Dzie\u0144 6 grudnia w naszej szkole obchodzony jest jako Dzie\u0144 Czapki Miko\u0142aja. Wszyscy uczniowie, kt\u00f3rzy mieli miko\u0142ajkowe czapki, mogli je nosi\u0107 przez ca\u0142y dzie\u0144, na ka\u017cdej lekcji, dzi\u0119ki czemu byli zwolnieni z odpytywania.<\/p>\n","protected":false},"author":1,"featured_media":5444,"comment_status":"closed","ping_status":"closed","sticky":false,"template":"","format":"standard","meta":{"footnotes":""},"categories":[5],"tags":[],"class_list":["post-6328","post","type-post","status-publish","format-standard","has-post-thumbnail","hentry","category-s-p-bielsk"],"_links":{"self":[{"href":"https:\/\/spbielsk.pl\/index.php?rest_route=\/wp\/v2\/posts\/6328","targetHints":{"allow":["GET"]}}],"collection":[{"href":"https:\/\/spbielsk.pl\/index.php?rest_route=\/wp\/v2\/posts"}],"about":[{"href":"https:\/\/spbielsk.pl\/index.php?rest_route=\/wp\/v2\/types\/post"}],"author":[{"embeddable":true,"href":"https:\/\/spbielsk.pl\/index.php?rest_route=\/wp\/v2\/users\/1"}],"replies":[{"embeddable":true,"href":"https:\/\/spbielsk.pl\/index.php?rest_route=%2Fwp%2Fv2%2Fcomments&post=6328"}],"version-history":[{"count":1,"href":"https:\/\/spbielsk.pl\/index.php?rest_route=\/wp\/v2\/posts\/6328\/revisions"}],"predecessor-version":[{"id":6329,"href":"https:\/\/spbielsk.pl\/index.php?rest_route=\/wp\/v2\/posts\/6328\/revisions\/6329"}],"wp:featuredmedia":[{"embeddable":true,"href":"https:\/\/spbielsk.pl\/index.php?rest_route=\/wp\/v2\/media\/5444"}],"wp:attachment":[{"href":"https:\/\/spbielsk.pl\/index.php?rest_route=%2Fwp%2Fv2%2Fmedia&parent=6328"}],"wp:term":[{"taxonomy":"category","embeddable":true,"href":"https:\/\/spbielsk.pl\/index.php?rest_route=%2Fwp%2Fv2%2Fcategories&post=6328"},{"taxonomy":"post_tag","embeddable":true,"href":"https:\/\/spbielsk.pl\/index.php?rest_route=%2Fwp%2Fv2%2Ftags&post=6328"}],"curies":[{"name":"wp","href":"https:\/\/api.w.org\/{rel}","templated":true}]}}