{"id":6273,"date":"2021-12-08T18:35:19","date_gmt":"2021-12-08T17:35:19","guid":{"rendered":"http:\/\/spbielsk.pl\/?p=6273"},"modified":"2021-12-08T18:38:44","modified_gmt":"2021-12-08T17:38:44","slug":"pasowanie-na-czytelnika","status":"publish","type":"post","link":"https:\/\/spbielsk.pl\/?p=6273","title":{"rendered":"PASOWANIE NA CZYTELNIKA"},"content":{"rendered":"\n<p style=\"text-align: right;\"><em>Ksi\u0105\u017cka to m\u0119drzec \u0142agodny i pe\u0142en s\u0142odyczy, kt\u00f3ry puste \u017cycie nape\u0142nia \u015bwiat\u0142em,<\/em> <em>a puste serca wzruszeniem.<\/em><\/p>\n<p style=\"text-align: right;\">Kornel Makuszy\u0144ski<\/p>\n<p style=\"text-align: justify;\"><strong>\u00a0<\/strong>Dnia 7 grudnia 2021 roku\u00a0 odby\u0142o si\u0119 pasowanie na czytelnika uczni\u00f3w klas Ia i Ib. Celem uroczysto\u015bci by\u0142o zach\u0119cenie najm\u0142odszych do korzystania z biblioteki szkolnej, wypo\u017cyczania ksi\u0105\u017cek oraz systematycznego rozwijania umiej\u0119tno\u015bci czytania. Pasowanie na czytelnika to oficjalne przyj\u0119cie do grona czytelnik\u00f3w biblioteki. Spotkanie zacz\u0119\u0142o si\u0119 od pogadanki, w kt\u00f3rej uczniowie dowiedzieli si\u0119, dlaczego warto czyta\u0107 ksi\u0105\u017cki, zapoznali si\u0119 z ksi\u0119gozbiorem przeznaczonym dla najm\u0142odszych czytelnik\u00f3w, regulaminem biblioteki, sposobem wypo\u017cyczania ksi\u0105\u017cek oraz zasadami zachowania w bibliotece w czasie pandemii.<\/p>\n<p style=\"text-align: center;\"><!--more--><\/p>\n<p style=\"text-align: justify;\">Uczniowie wzi\u0119li udzia\u0142 w dyskusji na temat, jak nale\u017cy post\u0119powa\u0107 z ksi\u0105\u017ckami, odgadywali zagadki zwi\u0105zane z bibliotek\u0105, tytu\u0142ami znanych i lubianych utwor\u00f3w.<\/p>\n<p style=\"text-align: justify;\">Nast\u0119pnie przyszli czytelnicy z\u0142o\u017cyli uroczyste przyrzeczenie na najstarsz\u0105 ksi\u0105\u017ck\u0119 <br \/>z ksi\u0119gozbioru, \u017ce zawsze b\u0119d\u0105 szanowa\u0107 ksi\u0105\u017cki. Na pami\u0105tk\u0119 uroczystego wydarzenia bibliotekarka wr\u0119czy\u0142a ka\u017cdemu z nowo pasowanych czytelnik\u00f3w drobny upominek <br \/>w postaci medalu oraz\u00a0 ksi\u0105\u017cki z projektu \u201eMa\u0142a ksi\u0105\u017cka \u2013 wielki cz\u0142owiek\u201d, kt\u00f3ry realizowany jest z Ministerstwa Kultury i Dziedzictwa Narodowego. Uczniowie otrzymali r\u00f3wnie\u017c skierowany do rodzic\u00f3w list zach\u0119caj\u0105cy do czytania dzieciom i z dzie\u0107mi.<\/p>\n<p style=\"text-align: justify;\">\u00a0Mamy nadziej\u0119, \u017ce \u015blubowanie nowych czytelnik\u00f3w okaza\u0142o si\u0119 dla nich niema\u0142ym prze\u017cyciem, kt\u00f3re na zawsze zapadnie w ich pami\u0119ci.<\/p>\n<p style=\"text-align: center;\">\r\n<div class=\"ngg-galleryoverview\" id=\"ngg-gallery-642-6273\">\r\n\r\n\t<!-- Slideshow link -->\r\n\t<div class=\"slideshowlink\">\r\n\t\t<a class=\"slideshowlink\" href=\"https:\/\/spbielsk.pl\/?p=6273&amp;show=slide\">\r\n\t\t\t[Show slideshow]\t\t<\/a>\r\n\t<\/div>\r\n\r\n\t\r\n\t<!-- Thumbnails -->\r\n\t\t\r\n\t<div id=\"ngg-image-17086\" class=\"ngg-gallery-thumbnail-box\"  >\r\n\t\t<div class=\"ngg-gallery-thumbnail\" >\r\n\t\t\t<a href=\"https:\/\/spbielsk.pl\/wp-content\/gallery\/pasowanie-na-czytelnika-grudzien-2021\/img_20211208_091727.jpg\" title=\"????????????????\"   rel=\"lightbox[6273]\">\r\n\t\t\t\t\t\t\t\t<img decoding=\"async\" title=\"img_20211208_091727\" alt=\"img_20211208_091727\" src=\"https:\/\/spbielsk.pl\/wp-content\/gallery\/pasowanie-na-czytelnika-grudzien-2021\/thumbs\/thumbs_img_20211208_091727.jpg\" width=\"120\" height=\"90\" \/>\r\n\t\t\t\t\t\t\t<\/a>\r\n\t\t<\/div>\r\n\t<\/div>\r\n\t\r\n\t\t\r\n \t\t\r\n\t<div id=\"ngg-image-17087\" class=\"ngg-gallery-thumbnail-box\"  >\r\n\t\t<div class=\"ngg-gallery-thumbnail\" >\r\n\t\t\t<a href=\"https:\/\/spbielsk.pl\/wp-content\/gallery\/pasowanie-na-czytelnika-grudzien-2021\/img_20211208_092131.jpg\" title=\"????????????????\"   rel=\"lightbox[6273]\">\r\n\t\t\t\t\t\t\t\t<img decoding=\"async\" title=\"img_20211208_092131\" alt=\"img_20211208_092131\" src=\"https:\/\/spbielsk.pl\/wp-content\/gallery\/pasowanie-na-czytelnika-grudzien-2021\/thumbs\/thumbs_img_20211208_092131.jpg\" width=\"120\" height=\"90\" \/>\r\n\t\t\t\t\t\t\t<\/a>\r\n\t\t<\/div>\r\n\t<\/div>\r\n\t\r\n\t\t\r\n \t\t\r\n\t<div id=\"ngg-image-17088\" class=\"ngg-gallery-thumbnail-box\"  >\r\n\t\t<div class=\"ngg-gallery-thumbnail\" >\r\n\t\t\t<a href=\"https:\/\/spbielsk.pl\/wp-content\/gallery\/pasowanie-na-czytelnika-grudzien-2021\/img_20211208_092144.jpg\" title=\"????????????????\"   rel=\"lightbox[6273]\">\r\n\t\t\t\t\t\t\t\t<img decoding=\"async\" title=\"img_20211208_092144\" alt=\"img_20211208_092144\" src=\"https:\/\/spbielsk.pl\/wp-content\/gallery\/pasowanie-na-czytelnika-grudzien-2021\/thumbs\/thumbs_img_20211208_092144.jpg\" width=\"120\" height=\"90\" \/>\r\n\t\t\t\t\t\t\t<\/a>\r\n\t\t<\/div>\r\n\t<\/div>\r\n\t\r\n\t\t\r\n \t\t\r\n\t<div id=\"ngg-image-17089\" class=\"ngg-gallery-thumbnail-box\"  >\r\n\t\t<div class=\"ngg-gallery-thumbnail\" >\r\n\t\t\t<a href=\"https:\/\/spbielsk.pl\/wp-content\/gallery\/pasowanie-na-czytelnika-grudzien-2021\/img_20211208_092150.jpg\" title=\"????????????????\"   rel=\"lightbox[6273]\">\r\n\t\t\t\t\t\t\t\t<img loading=\"lazy\" decoding=\"async\" title=\"img_20211208_092150\" alt=\"img_20211208_092150\" src=\"https:\/\/spbielsk.pl\/wp-content\/gallery\/pasowanie-na-czytelnika-grudzien-2021\/thumbs\/thumbs_img_20211208_092150.jpg\" width=\"120\" height=\"90\" \/>\r\n\t\t\t\t\t\t\t<\/a>\r\n\t\t<\/div>\r\n\t<\/div>\r\n\t\r\n\t\t\r\n \t\t\r\n\t<div id=\"ngg-image-17090\" class=\"ngg-gallery-thumbnail-box\"  >\r\n\t\t<div class=\"ngg-gallery-thumbnail\" >\r\n\t\t\t<a href=\"https:\/\/spbielsk.pl\/wp-content\/gallery\/pasowanie-na-czytelnika-grudzien-2021\/img_20211208_092212.jpg\" title=\"????????????????\"   rel=\"lightbox[6273]\">\r\n\t\t\t\t\t\t\t\t<img loading=\"lazy\" decoding=\"async\" title=\"img_20211208_092212\" alt=\"img_20211208_092212\" src=\"https:\/\/spbielsk.pl\/wp-content\/gallery\/pasowanie-na-czytelnika-grudzien-2021\/thumbs\/thumbs_img_20211208_092212.jpg\" width=\"120\" height=\"90\" \/>\r\n\t\t\t\t\t\t\t<\/a>\r\n\t\t<\/div>\r\n\t<\/div>\r\n\t\r\n\t\t\r\n \t\t\r\n\t<div id=\"ngg-image-17091\" class=\"ngg-gallery-thumbnail-box\"  >\r\n\t\t<div class=\"ngg-gallery-thumbnail\" >\r\n\t\t\t<a href=\"https:\/\/spbielsk.pl\/wp-content\/gallery\/pasowanie-na-czytelnika-grudzien-2021\/img_20211208_092320.jpg\" title=\"????????????????\"   rel=\"lightbox[6273]\">\r\n\t\t\t\t\t\t\t\t<img loading=\"lazy\" decoding=\"async\" title=\"img_20211208_092320\" alt=\"img_20211208_092320\" src=\"https:\/\/spbielsk.pl\/wp-content\/gallery\/pasowanie-na-czytelnika-grudzien-2021\/thumbs\/thumbs_img_20211208_092320.jpg\" width=\"120\" height=\"90\" \/>\r\n\t\t\t\t\t\t\t<\/a>\r\n\t\t<\/div>\r\n\t<\/div>\r\n\t\r\n\t\t\r\n \t\t\r\n\t<div id=\"ngg-image-17092\" class=\"ngg-gallery-thumbnail-box\"  >\r\n\t\t<div class=\"ngg-gallery-thumbnail\" >\r\n\t\t\t<a href=\"https:\/\/spbielsk.pl\/wp-content\/gallery\/pasowanie-na-czytelnika-grudzien-2021\/img_20211208_092324.jpg\" title=\"????????????????\"   rel=\"lightbox[6273]\">\r\n\t\t\t\t\t\t\t\t<img loading=\"lazy\" decoding=\"async\" title=\"img_20211208_092324\" alt=\"img_20211208_092324\" src=\"https:\/\/spbielsk.pl\/wp-content\/gallery\/pasowanie-na-czytelnika-grudzien-2021\/thumbs\/thumbs_img_20211208_092324.jpg\" width=\"120\" height=\"90\" \/>\r\n\t\t\t\t\t\t\t<\/a>\r\n\t\t<\/div>\r\n\t<\/div>\r\n\t\r\n\t\t\r\n \t\t\r\n\t<div id=\"ngg-image-17093\" class=\"ngg-gallery-thumbnail-box\"  >\r\n\t\t<div class=\"ngg-gallery-thumbnail\" >\r\n\t\t\t<a href=\"https:\/\/spbielsk.pl\/wp-content\/gallery\/pasowanie-na-czytelnika-grudzien-2021\/img_20211208_092333.jpg\" title=\"????????????????\"   rel=\"lightbox[6273]\">\r\n\t\t\t\t\t\t\t\t<img loading=\"lazy\" decoding=\"async\" title=\"img_20211208_092333\" alt=\"img_20211208_092333\" src=\"https:\/\/spbielsk.pl\/wp-content\/gallery\/pasowanie-na-czytelnika-grudzien-2021\/thumbs\/thumbs_img_20211208_092333.jpg\" width=\"120\" height=\"90\" \/>\r\n\t\t\t\t\t\t\t<\/a>\r\n\t\t<\/div>\r\n\t<\/div>\r\n\t\r\n\t\t\r\n \t\t\r\n\t<div id=\"ngg-image-17094\" class=\"ngg-gallery-thumbnail-box\"  >\r\n\t\t<div class=\"ngg-gallery-thumbnail\" >\r\n\t\t\t<a href=\"https:\/\/spbielsk.pl\/wp-content\/gallery\/pasowanie-na-czytelnika-grudzien-2021\/img_20211208_092338.jpg\" title=\"????????????????\"   rel=\"lightbox[6273]\">\r\n\t\t\t\t\t\t\t\t<img loading=\"lazy\" decoding=\"async\" title=\"img_20211208_092338\" alt=\"img_20211208_092338\" src=\"https:\/\/spbielsk.pl\/wp-content\/gallery\/pasowanie-na-czytelnika-grudzien-2021\/thumbs\/thumbs_img_20211208_092338.jpg\" width=\"120\" height=\"90\" \/>\r\n\t\t\t\t\t\t\t<\/a>\r\n\t\t<\/div>\r\n\t<\/div>\r\n\t\r\n\t\t\r\n \t\t\r\n\t<div id=\"ngg-image-17095\" class=\"ngg-gallery-thumbnail-box\"  >\r\n\t\t<div class=\"ngg-gallery-thumbnail\" >\r\n\t\t\t<a href=\"https:\/\/spbielsk.pl\/wp-content\/gallery\/pasowanie-na-czytelnika-grudzien-2021\/img_20211208_092354.jpg\" title=\"????????????????\"   rel=\"lightbox[6273]\">\r\n\t\t\t\t\t\t\t\t<img loading=\"lazy\" decoding=\"async\" title=\"img_20211208_092354\" alt=\"img_20211208_092354\" src=\"https:\/\/spbielsk.pl\/wp-content\/gallery\/pasowanie-na-czytelnika-grudzien-2021\/thumbs\/thumbs_img_20211208_092354.jpg\" width=\"120\" height=\"90\" \/>\r\n\t\t\t\t\t\t\t<\/a>\r\n\t\t<\/div>\r\n\t<\/div>\r\n\t\r\n\t\t\r\n \t\t\r\n\t<div id=\"ngg-image-17096\" class=\"ngg-gallery-thumbnail-box\"  >\r\n\t\t<div class=\"ngg-gallery-thumbnail\" >\r\n\t\t\t<a href=\"https:\/\/spbielsk.pl\/wp-content\/gallery\/pasowanie-na-czytelnika-grudzien-2021\/img_20211208_092507.jpg\" title=\"????????????????\"   rel=\"lightbox[6273]\">\r\n\t\t\t\t\t\t\t\t<img loading=\"lazy\" decoding=\"async\" title=\"img_20211208_092507\" alt=\"img_20211208_092507\" src=\"https:\/\/spbielsk.pl\/wp-content\/gallery\/pasowanie-na-czytelnika-grudzien-2021\/thumbs\/thumbs_img_20211208_092507.jpg\" width=\"120\" height=\"90\" \/>\r\n\t\t\t\t\t\t\t<\/a>\r\n\t\t<\/div>\r\n\t<\/div>\r\n\t\r\n\t\t\r\n \t\t\r\n\t<div id=\"ngg-image-17097\" class=\"ngg-gallery-thumbnail-box\"  >\r\n\t\t<div class=\"ngg-gallery-thumbnail\" >\r\n\t\t\t<a href=\"https:\/\/spbielsk.pl\/wp-content\/gallery\/pasowanie-na-czytelnika-grudzien-2021\/img_20211208_092513.jpg\" title=\"????????????????\"   rel=\"lightbox[6273]\">\r\n\t\t\t\t\t\t\t\t<img loading=\"lazy\" decoding=\"async\" title=\"img_20211208_092513\" alt=\"img_20211208_092513\" src=\"https:\/\/spbielsk.pl\/wp-content\/gallery\/pasowanie-na-czytelnika-grudzien-2021\/thumbs\/thumbs_img_20211208_092513.jpg\" width=\"120\" height=\"90\" \/>\r\n\t\t\t\t\t\t\t<\/a>\r\n\t\t<\/div>\r\n\t<\/div>\r\n\t\r\n\t\t\r\n \t\t\r\n\t<div id=\"ngg-image-17098\" class=\"ngg-gallery-thumbnail-box\"  >\r\n\t\t<div class=\"ngg-gallery-thumbnail\" >\r\n\t\t\t<a href=\"https:\/\/spbielsk.pl\/wp-content\/gallery\/pasowanie-na-czytelnika-grudzien-2021\/img_20211208_092654.jpg\" title=\"????????????????\"   rel=\"lightbox[6273]\">\r\n\t\t\t\t\t\t\t\t<img loading=\"lazy\" decoding=\"async\" title=\"img_20211208_092654\" alt=\"img_20211208_092654\" src=\"https:\/\/spbielsk.pl\/wp-content\/gallery\/pasowanie-na-czytelnika-grudzien-2021\/thumbs\/thumbs_img_20211208_092654.jpg\" width=\"120\" height=\"90\" \/>\r\n\t\t\t\t\t\t\t<\/a>\r\n\t\t<\/div>\r\n\t<\/div>\r\n\t\r\n\t\t\r\n \t\t\r\n\t<div id=\"ngg-image-17099\" class=\"ngg-gallery-thumbnail-box\"  >\r\n\t\t<div class=\"ngg-gallery-thumbnail\" >\r\n\t\t\t<a href=\"https:\/\/spbielsk.pl\/wp-content\/gallery\/pasowanie-na-czytelnika-grudzien-2021\/img_20211208_092701.jpg\" title=\"????????????????\"   rel=\"lightbox[6273]\">\r\n\t\t\t\t\t\t\t\t<img loading=\"lazy\" decoding=\"async\" title=\"img_20211208_092701\" alt=\"img_20211208_092701\" src=\"https:\/\/spbielsk.pl\/wp-content\/gallery\/pasowanie-na-czytelnika-grudzien-2021\/thumbs\/thumbs_img_20211208_092701.jpg\" width=\"120\" height=\"90\" \/>\r\n\t\t\t\t\t\t\t<\/a>\r\n\t\t<\/div>\r\n\t<\/div>\r\n\t\r\n\t\t\r\n \t\t\r\n\t<div id=\"ngg-image-17100\" class=\"ngg-gallery-thumbnail-box\"  >\r\n\t\t<div class=\"ngg-gallery-thumbnail\" >\r\n\t\t\t<a href=\"https:\/\/spbielsk.pl\/wp-content\/gallery\/pasowanie-na-czytelnika-grudzien-2021\/263672552_461643028638139_7816379071891990506_n-copy.jpg\" title=\" \"   rel=\"lightbox[6273]\">\r\n\t\t\t\t\t\t\t\t<img loading=\"lazy\" decoding=\"async\" title=\"263672552_461643028638139_7816379071891990506_n-copy\" alt=\"263672552_461643028638139_7816379071891990506_n-copy\" src=\"https:\/\/spbielsk.pl\/wp-content\/gallery\/pasowanie-na-czytelnika-grudzien-2021\/thumbs\/thumbs_263672552_461643028638139_7816379071891990506_n-copy.jpg\" width=\"120\" height=\"90\" \/>\r\n\t\t\t\t\t\t\t<\/a>\r\n\t\t<\/div>\r\n\t<\/div>\r\n\t\r\n\t\t\r\n \t\t\r\n\t<div id=\"ngg-image-17101\" class=\"ngg-gallery-thumbnail-box\"  >\r\n\t\t<div class=\"ngg-gallery-thumbnail\" >\r\n\t\t\t<a href=\"https:\/\/spbielsk.pl\/wp-content\/gallery\/pasowanie-na-czytelnika-grudzien-2021\/263672718_333049514953099_5716329213679940042_n.jpg\" title=\" \"   rel=\"lightbox[6273]\">\r\n\t\t\t\t\t\t\t\t<img loading=\"lazy\" decoding=\"async\" title=\"263672718_333049514953099_5716329213679940042_n\" alt=\"263672718_333049514953099_5716329213679940042_n\" src=\"https:\/\/spbielsk.pl\/wp-content\/gallery\/pasowanie-na-czytelnika-grudzien-2021\/thumbs\/thumbs_263672718_333049514953099_5716329213679940042_n.jpg\" width=\"120\" height=\"90\" \/>\r\n\t\t\t\t\t\t\t<\/a>\r\n\t\t<\/div>\r\n\t<\/div>\r\n\t\r\n\t\t\r\n \t\t\r\n\t<div id=\"ngg-image-17102\" class=\"ngg-gallery-thumbnail-box\"  >\r\n\t\t<div class=\"ngg-gallery-thumbnail\" >\r\n\t\t\t<a href=\"https:\/\/spbielsk.pl\/wp-content\/gallery\/pasowanie-na-czytelnika-grudzien-2021\/263727439_302115988591113_8493685538911171322_n.jpg\" title=\" \"   rel=\"lightbox[6273]\">\r\n\t\t\t\t\t\t\t\t<img loading=\"lazy\" decoding=\"async\" title=\"263727439_302115988591113_8493685538911171322_n\" alt=\"263727439_302115988591113_8493685538911171322_n\" src=\"https:\/\/spbielsk.pl\/wp-content\/gallery\/pasowanie-na-czytelnika-grudzien-2021\/thumbs\/thumbs_263727439_302115988591113_8493685538911171322_n.jpg\" width=\"120\" height=\"90\" \/>\r\n\t\t\t\t\t\t\t<\/a>\r\n\t\t<\/div>\r\n\t<\/div>\r\n\t\r\n\t\t\r\n \t\t\r\n\t<div id=\"ngg-image-17103\" class=\"ngg-gallery-thumbnail-box\"  >\r\n\t\t<div class=\"ngg-gallery-thumbnail\" >\r\n\t\t\t<a href=\"https:\/\/spbielsk.pl\/wp-content\/gallery\/pasowanie-na-czytelnika-grudzien-2021\/264621334_488675852500642_3526396892990154828_n-copy.jpg\" title=\" \"   rel=\"lightbox[6273]\">\r\n\t\t\t\t\t\t\t\t<img loading=\"lazy\" decoding=\"async\" title=\"264621334_488675852500642_3526396892990154828_n-copy\" alt=\"264621334_488675852500642_3526396892990154828_n-copy\" src=\"https:\/\/spbielsk.pl\/wp-content\/gallery\/pasowanie-na-czytelnika-grudzien-2021\/thumbs\/thumbs_264621334_488675852500642_3526396892990154828_n-copy.jpg\" width=\"120\" height=\"90\" \/>\r\n\t\t\t\t\t\t\t<\/a>\r\n\t\t<\/div>\r\n\t<\/div>\r\n\t\r\n\t\t\r\n \t\t\r\n\t<div id=\"ngg-image-17104\" class=\"ngg-gallery-thumbnail-box\"  >\r\n\t\t<div class=\"ngg-gallery-thumbnail\" >\r\n\t\t\t<a href=\"https:\/\/spbielsk.pl\/wp-content\/gallery\/pasowanie-na-czytelnika-grudzien-2021\/265084006_317797653321013_2333871432051592313_n.jpg\" title=\" \"   rel=\"lightbox[6273]\">\r\n\t\t\t\t\t\t\t\t<img loading=\"lazy\" decoding=\"async\" title=\"265084006_317797653321013_2333871432051592313_n\" alt=\"265084006_317797653321013_2333871432051592313_n\" src=\"https:\/\/spbielsk.pl\/wp-content\/gallery\/pasowanie-na-czytelnika-grudzien-2021\/thumbs\/thumbs_265084006_317797653321013_2333871432051592313_n.jpg\" width=\"120\" height=\"90\" \/>\r\n\t\t\t\t\t\t\t<\/a>\r\n\t\t<\/div>\r\n\t<\/div>\r\n\t\r\n\t\t\r\n \t\t\r\n\t<div id=\"ngg-image-17105\" class=\"ngg-gallery-thumbnail-box\"  >\r\n\t\t<div class=\"ngg-gallery-thumbnail\" >\r\n\t\t\t<a href=\"https:\/\/spbielsk.pl\/wp-content\/gallery\/pasowanie-na-czytelnika-grudzien-2021\/265145683_244755341079209_2836890772415233408_n-copy.jpg\" title=\" \"   rel=\"lightbox[6273]\">\r\n\t\t\t\t\t\t\t\t<img loading=\"lazy\" decoding=\"async\" title=\"265145683_244755341079209_2836890772415233408_n-copy\" alt=\"265145683_244755341079209_2836890772415233408_n-copy\" src=\"https:\/\/spbielsk.pl\/wp-content\/gallery\/pasowanie-na-czytelnika-grudzien-2021\/thumbs\/thumbs_265145683_244755341079209_2836890772415233408_n-copy.jpg\" width=\"120\" height=\"90\" \/>\r\n\t\t\t\t\t\t\t<\/a>\r\n\t\t<\/div>\r\n\t<\/div>\r\n\t\r\n\t\t\r\n \t\t\r\n\t<div id=\"ngg-image-17106\" class=\"ngg-gallery-thumbnail-box\"  >\r\n\t\t<div class=\"ngg-gallery-thumbnail\" >\r\n\t\t\t<a href=\"https:\/\/spbielsk.pl\/wp-content\/gallery\/pasowanie-na-czytelnika-grudzien-2021\/265437360_858689561466037_8466404716289031347_n.jpg\" title=\" \"   rel=\"lightbox[6273]\">\r\n\t\t\t\t\t\t\t\t<img loading=\"lazy\" decoding=\"async\" title=\"265437360_858689561466037_8466404716289031347_n\" alt=\"265437360_858689561466037_8466404716289031347_n\" src=\"https:\/\/spbielsk.pl\/wp-content\/gallery\/pasowanie-na-czytelnika-grudzien-2021\/thumbs\/thumbs_265437360_858689561466037_8466404716289031347_n.jpg\" width=\"120\" height=\"90\" \/>\r\n\t\t\t\t\t\t\t<\/a>\r\n\t\t<\/div>\r\n\t<\/div>\r\n\t\r\n\t\t\r\n \t \t\r\n\t<!-- Pagination -->\r\n \t<div class='ngg-clear'><\/div>\n \t\r\n<\/div>\r\n\r\n<\/p>\n<p>\u00a0<\/p>\n","protected":false},"excerpt":{"rendered":"<p>Ksi\u0105\u017cka to m\u0119drzec \u0142agodny i pe\u0142en s\u0142odyczy, kt\u00f3ry puste \u017cycie nape\u0142nia \u015bwiat\u0142em, a puste serca wzruszeniem. Kornel Makuszy\u0144ski \u00a0Dnia 7 grudnia 2021 roku\u00a0 odby\u0142o si\u0119 pasowanie na czytelnika uczni\u00f3w klas Ia i Ib. Celem uroczysto\u015bci by\u0142o zach\u0119cenie najm\u0142odszych do korzystania z biblioteki szkolnej, wypo\u017cyczania ksi\u0105\u017cek oraz systematycznego rozwijania umiej\u0119tno\u015bci czytania. Pasowanie na czytelnika to oficjalne [&hellip;]<\/p>\n","protected":false},"author":1,"featured_media":6279,"comment_status":"closed","ping_status":"closed","sticky":false,"template":"","format":"standard","meta":{"footnotes":""},"categories":[5],"tags":[],"class_list":["post-6273","post","type-post","status-publish","format-standard","has-post-thumbnail","hentry","category-s-p-bielsk"],"_links":{"self":[{"href":"https:\/\/spbielsk.pl\/index.php?rest_route=\/wp\/v2\/posts\/6273","targetHints":{"allow":["GET"]}}],"collection":[{"href":"https:\/\/spbielsk.pl\/index.php?rest_route=\/wp\/v2\/posts"}],"about":[{"href":"https:\/\/spbielsk.pl\/index.php?rest_route=\/wp\/v2\/types\/post"}],"author":[{"embeddable":true,"href":"https:\/\/spbielsk.pl\/index.php?rest_route=\/wp\/v2\/users\/1"}],"replies":[{"embeddable":true,"href":"https:\/\/spbielsk.pl\/index.php?rest_route=%2Fwp%2Fv2%2Fcomments&post=6273"}],"version-history":[{"count":3,"href":"https:\/\/spbielsk.pl\/index.php?rest_route=\/wp\/v2\/posts\/6273\/revisions"}],"predecessor-version":[{"id":6280,"href":"https:\/\/spbielsk.pl\/index.php?rest_route=\/wp\/v2\/posts\/6273\/revisions\/6280"}],"wp:featuredmedia":[{"embeddable":true,"href":"https:\/\/spbielsk.pl\/index.php?rest_route=\/wp\/v2\/media\/6279"}],"wp:attachment":[{"href":"https:\/\/spbielsk.pl\/index.php?rest_route=%2Fwp%2Fv2%2Fmedia&parent=6273"}],"wp:term":[{"taxonomy":"category","embeddable":true,"href":"https:\/\/spbielsk.pl\/index.php?rest_route=%2Fwp%2Fv2%2Fcategories&post=6273"},{"taxonomy":"post_tag","embeddable":true,"href":"https:\/\/spbielsk.pl\/index.php?rest_route=%2Fwp%2Fv2%2Ftags&post=6273"}],"curies":[{"name":"wp","href":"https:\/\/api.w.org\/{rel}","templated":true}]}}