{"id":6270,"date":"2021-12-08T08:30:33","date_gmt":"2021-12-08T07:30:33","guid":{"rendered":"http:\/\/spbielsk.pl\/?p=6270"},"modified":"2021-12-08T08:30:34","modified_gmt":"2021-12-08T07:30:34","slug":"miedzynarodowy-dzien-osob-z-niepelnosprawnosciami","status":"publish","type":"post","link":"https:\/\/spbielsk.pl\/?p=6270","title":{"rendered":"Mi\u0119dzynarodowy Dzie\u0144 Os\u00f3b z Niepe\u0142nosprawno\u015bciami"},"content":{"rendered":"\n<p style=\"text-align: justify;\">Dnia 03 grudnia 2021r. uczniowie naszej szko\u0142y wzi\u0119li udzia\u0142 w warsztatach z okazji &#8222;Mi\u0119dzynarodowego Dnia Os\u00f3b z Niepe\u0142nosprawno\u015bciami&#8221;. Warsztaty odby\u0142y si\u0119 we wsp\u00f3\u0142pracy z Fundacj\u0105 Miasto- Pa\u0144stwo w P\u0142ocku oraz Szko\u0142\u0105 Podstawow\u0105 nr 16 im. Miko\u0142aja Kopernika w P\u0142ocku. Celem warsztat\u00f3w by\u0142o zwi\u0119kszenie \u015bwiadomo\u015bci publicznej na temat potrzeb i ogranicze\u0144 z jakimi na co dzie\u0144 borykaj\u0105 si\u0119 osoby z Niepe\u0142nosprawno\u015bciami. Podczas warsztat\u00f3w uczniowie mieli okazj\u0119 &#8222;odebra\u0107 \u015bwiat&#8221; oczami dziecka z autyzmem. Uczniowie poszerzyli wiedz\u0119 o funkcjonowaniu os\u00f3b dotkni\u0119tych tym zaburzeniem.<\/p>\n<p style=\"text-align: center;\"><!--more--><\/p>\n<p style=\"text-align: center;\">\r\n<div class=\"ngg-galleryoverview\" id=\"ngg-gallery-641-6270\">\r\n\r\n\t<!-- Slideshow link -->\r\n\t<div class=\"slideshowlink\">\r\n\t\t<a class=\"slideshowlink\" href=\"https:\/\/spbielsk.pl\/?p=6270&amp;show=slide\">\r\n\t\t\t[Show slideshow]\t\t<\/a>\r\n\t<\/div>\r\n\r\n\t\r\n\t<!-- Thumbnails -->\r\n\t\t\r\n\t<div id=\"ngg-image-17047\" class=\"ngg-gallery-thumbnail-box\"  >\r\n\t\t<div class=\"ngg-gallery-thumbnail\" >\r\n\t\t\t<a href=\"https:\/\/spbielsk.pl\/wp-content\/gallery\/warsztaty-niepelnosprawni-grudzien-2021\/262639243_440660411006659_2179780325321905203_n-copy.jpg\" title=\" \"   rel=\"lightbox[6270]\">\r\n\t\t\t\t\t\t\t\t<img decoding=\"async\" title=\"262639243_440660411006659_2179780325321905203_n-copy\" alt=\"262639243_440660411006659_2179780325321905203_n-copy\" src=\"https:\/\/spbielsk.pl\/wp-content\/gallery\/warsztaty-niepelnosprawni-grudzien-2021\/thumbs\/thumbs_262639243_440660411006659_2179780325321905203_n-copy.jpg\" width=\"120\" height=\"90\" \/>\r\n\t\t\t\t\t\t\t<\/a>\r\n\t\t<\/div>\r\n\t<\/div>\r\n\t\r\n\t\t\r\n \t\t\r\n\t<div id=\"ngg-image-17048\" class=\"ngg-gallery-thumbnail-box\"  >\r\n\t\t<div class=\"ngg-gallery-thumbnail\" >\r\n\t\t\t<a href=\"https:\/\/spbielsk.pl\/wp-content\/gallery\/warsztaty-niepelnosprawni-grudzien-2021\/262654192_650396056324918_675532652501173083_n-copy.jpg\" title=\" \"   rel=\"lightbox[6270]\">\r\n\t\t\t\t\t\t\t\t<img decoding=\"async\" title=\"262654192_650396056324918_675532652501173083_n-copy\" alt=\"262654192_650396056324918_675532652501173083_n-copy\" src=\"https:\/\/spbielsk.pl\/wp-content\/gallery\/warsztaty-niepelnosprawni-grudzien-2021\/thumbs\/thumbs_262654192_650396056324918_675532652501173083_n-copy.jpg\" width=\"120\" height=\"90\" \/>\r\n\t\t\t\t\t\t\t<\/a>\r\n\t\t<\/div>\r\n\t<\/div>\r\n\t\r\n\t\t\r\n \t\t\r\n\t<div id=\"ngg-image-17049\" class=\"ngg-gallery-thumbnail-box\"  >\r\n\t\t<div class=\"ngg-gallery-thumbnail\" >\r\n\t\t\t<a href=\"https:\/\/spbielsk.pl\/wp-content\/gallery\/warsztaty-niepelnosprawni-grudzien-2021\/262665742_876032386441868_4754990480231409346_n-copy.jpg\" title=\" \"   rel=\"lightbox[6270]\">\r\n\t\t\t\t\t\t\t\t<img decoding=\"async\" title=\"262665742_876032386441868_4754990480231409346_n-copy\" alt=\"262665742_876032386441868_4754990480231409346_n-copy\" src=\"https:\/\/spbielsk.pl\/wp-content\/gallery\/warsztaty-niepelnosprawni-grudzien-2021\/thumbs\/thumbs_262665742_876032386441868_4754990480231409346_n-copy.jpg\" width=\"120\" height=\"90\" \/>\r\n\t\t\t\t\t\t\t<\/a>\r\n\t\t<\/div>\r\n\t<\/div>\r\n\t\r\n\t\t\r\n \t\t\r\n\t<div id=\"ngg-image-17050\" class=\"ngg-gallery-thumbnail-box\"  >\r\n\t\t<div class=\"ngg-gallery-thumbnail\" >\r\n\t\t\t<a href=\"https:\/\/spbielsk.pl\/wp-content\/gallery\/warsztaty-niepelnosprawni-grudzien-2021\/262679433_302138681916827_3855422645768386090_n-copy.jpg\" title=\" \"   rel=\"lightbox[6270]\">\r\n\t\t\t\t\t\t\t\t<img loading=\"lazy\" decoding=\"async\" title=\"262679433_302138681916827_3855422645768386090_n-copy\" alt=\"262679433_302138681916827_3855422645768386090_n-copy\" src=\"https:\/\/spbielsk.pl\/wp-content\/gallery\/warsztaty-niepelnosprawni-grudzien-2021\/thumbs\/thumbs_262679433_302138681916827_3855422645768386090_n-copy.jpg\" width=\"120\" height=\"90\" \/>\r\n\t\t\t\t\t\t\t<\/a>\r\n\t\t<\/div>\r\n\t<\/div>\r\n\t\r\n\t\t\r\n \t\t\r\n\t<div id=\"ngg-image-17051\" class=\"ngg-gallery-thumbnail-box\"  >\r\n\t\t<div class=\"ngg-gallery-thumbnail\" >\r\n\t\t\t<a href=\"https:\/\/spbielsk.pl\/wp-content\/gallery\/warsztaty-niepelnosprawni-grudzien-2021\/262679434_330687415158103_4042323998993910879_n-copy.jpg\" title=\" \"   rel=\"lightbox[6270]\">\r\n\t\t\t\t\t\t\t\t<img loading=\"lazy\" decoding=\"async\" title=\"262679434_330687415158103_4042323998993910879_n-copy\" alt=\"262679434_330687415158103_4042323998993910879_n-copy\" src=\"https:\/\/spbielsk.pl\/wp-content\/gallery\/warsztaty-niepelnosprawni-grudzien-2021\/thumbs\/thumbs_262679434_330687415158103_4042323998993910879_n-copy.jpg\" width=\"120\" height=\"90\" \/>\r\n\t\t\t\t\t\t\t<\/a>\r\n\t\t<\/div>\r\n\t<\/div>\r\n\t\r\n\t\t\r\n \t\t\r\n\t<div id=\"ngg-image-17052\" class=\"ngg-gallery-thumbnail-box\"  >\r\n\t\t<div class=\"ngg-gallery-thumbnail\" >\r\n\t\t\t<a href=\"https:\/\/spbielsk.pl\/wp-content\/gallery\/warsztaty-niepelnosprawni-grudzien-2021\/262679435_624521092295940_6179331605122278283_n-copy.jpg\" title=\" \"   rel=\"lightbox[6270]\">\r\n\t\t\t\t\t\t\t\t<img loading=\"lazy\" decoding=\"async\" title=\"262679435_624521092295940_6179331605122278283_n-copy\" alt=\"262679435_624521092295940_6179331605122278283_n-copy\" src=\"https:\/\/spbielsk.pl\/wp-content\/gallery\/warsztaty-niepelnosprawni-grudzien-2021\/thumbs\/thumbs_262679435_624521092295940_6179331605122278283_n-copy.jpg\" width=\"120\" height=\"90\" \/>\r\n\t\t\t\t\t\t\t<\/a>\r\n\t\t<\/div>\r\n\t<\/div>\r\n\t\r\n\t\t\r\n \t\t\r\n\t<div id=\"ngg-image-17053\" class=\"ngg-gallery-thumbnail-box\"  >\r\n\t\t<div class=\"ngg-gallery-thumbnail\" >\r\n\t\t\t<a href=\"https:\/\/spbielsk.pl\/wp-content\/gallery\/warsztaty-niepelnosprawni-grudzien-2021\/262687888_576470290119181_8022012419880465049_n-copy.jpg\" title=\" \"   rel=\"lightbox[6270]\">\r\n\t\t\t\t\t\t\t\t<img loading=\"lazy\" decoding=\"async\" title=\"262687888_576470290119181_8022012419880465049_n-copy\" alt=\"262687888_576470290119181_8022012419880465049_n-copy\" src=\"https:\/\/spbielsk.pl\/wp-content\/gallery\/warsztaty-niepelnosprawni-grudzien-2021\/thumbs\/thumbs_262687888_576470290119181_8022012419880465049_n-copy.jpg\" width=\"120\" height=\"90\" \/>\r\n\t\t\t\t\t\t\t<\/a>\r\n\t\t<\/div>\r\n\t<\/div>\r\n\t\r\n\t\t\r\n \t\t\r\n\t<div id=\"ngg-image-17054\" class=\"ngg-gallery-thumbnail-box\"  >\r\n\t\t<div class=\"ngg-gallery-thumbnail\" >\r\n\t\t\t<a href=\"https:\/\/spbielsk.pl\/wp-content\/gallery\/warsztaty-niepelnosprawni-grudzien-2021\/262688080_1239464993231171_920050971314992162_n-copy.jpg\" title=\" \"   rel=\"lightbox[6270]\">\r\n\t\t\t\t\t\t\t\t<img loading=\"lazy\" decoding=\"async\" title=\"262688080_1239464993231171_920050971314992162_n-copy\" alt=\"262688080_1239464993231171_920050971314992162_n-copy\" src=\"https:\/\/spbielsk.pl\/wp-content\/gallery\/warsztaty-niepelnosprawni-grudzien-2021\/thumbs\/thumbs_262688080_1239464993231171_920050971314992162_n-copy.jpg\" width=\"120\" height=\"90\" \/>\r\n\t\t\t\t\t\t\t<\/a>\r\n\t\t<\/div>\r\n\t<\/div>\r\n\t\r\n\t\t\r\n \t\t\r\n\t<div id=\"ngg-image-17055\" class=\"ngg-gallery-thumbnail-box\"  >\r\n\t\t<div class=\"ngg-gallery-thumbnail\" >\r\n\t\t\t<a href=\"https:\/\/spbielsk.pl\/wp-content\/gallery\/warsztaty-niepelnosprawni-grudzien-2021\/262688211_873410526684121_749843296627688995_n-copy.jpg\" title=\" \"   rel=\"lightbox[6270]\">\r\n\t\t\t\t\t\t\t\t<img loading=\"lazy\" decoding=\"async\" title=\"262688211_873410526684121_749843296627688995_n-copy\" alt=\"262688211_873410526684121_749843296627688995_n-copy\" src=\"https:\/\/spbielsk.pl\/wp-content\/gallery\/warsztaty-niepelnosprawni-grudzien-2021\/thumbs\/thumbs_262688211_873410526684121_749843296627688995_n-copy.jpg\" width=\"120\" height=\"90\" \/>\r\n\t\t\t\t\t\t\t<\/a>\r\n\t\t<\/div>\r\n\t<\/div>\r\n\t\r\n\t\t\r\n \t\t\r\n\t<div id=\"ngg-image-17056\" class=\"ngg-gallery-thumbnail-box\"  >\r\n\t\t<div class=\"ngg-gallery-thumbnail\" >\r\n\t\t\t<a href=\"https:\/\/spbielsk.pl\/wp-content\/gallery\/warsztaty-niepelnosprawni-grudzien-2021\/262694692_203219538654847_5509411982964783225_n-copy.jpg\" title=\" \"   rel=\"lightbox[6270]\">\r\n\t\t\t\t\t\t\t\t<img loading=\"lazy\" decoding=\"async\" title=\"262694692_203219538654847_5509411982964783225_n-copy\" alt=\"262694692_203219538654847_5509411982964783225_n-copy\" src=\"https:\/\/spbielsk.pl\/wp-content\/gallery\/warsztaty-niepelnosprawni-grudzien-2021\/thumbs\/thumbs_262694692_203219538654847_5509411982964783225_n-copy.jpg\" width=\"120\" height=\"90\" \/>\r\n\t\t\t\t\t\t\t<\/a>\r\n\t\t<\/div>\r\n\t<\/div>\r\n\t\r\n\t\t\r\n \t\t\r\n\t<div id=\"ngg-image-17057\" class=\"ngg-gallery-thumbnail-box\"  >\r\n\t\t<div class=\"ngg-gallery-thumbnail\" >\r\n\t\t\t<a href=\"https:\/\/spbielsk.pl\/wp-content\/gallery\/warsztaty-niepelnosprawni-grudzien-2021\/262694738_414667083656792_9144542644583366160_n-copy.jpg\" title=\" \"   rel=\"lightbox[6270]\">\r\n\t\t\t\t\t\t\t\t<img loading=\"lazy\" decoding=\"async\" title=\"262694738_414667083656792_9144542644583366160_n-copy\" alt=\"262694738_414667083656792_9144542644583366160_n-copy\" src=\"https:\/\/spbielsk.pl\/wp-content\/gallery\/warsztaty-niepelnosprawni-grudzien-2021\/thumbs\/thumbs_262694738_414667083656792_9144542644583366160_n-copy.jpg\" width=\"120\" height=\"90\" \/>\r\n\t\t\t\t\t\t\t<\/a>\r\n\t\t<\/div>\r\n\t<\/div>\r\n\t\r\n\t\t\r\n \t\t\r\n\t<div id=\"ngg-image-17058\" class=\"ngg-gallery-thumbnail-box\"  >\r\n\t\t<div class=\"ngg-gallery-thumbnail\" >\r\n\t\t\t<a href=\"https:\/\/spbielsk.pl\/wp-content\/gallery\/warsztaty-niepelnosprawni-grudzien-2021\/262694794_495293895061225_210589532328296776_n-copy.jpg\" title=\" \"   rel=\"lightbox[6270]\">\r\n\t\t\t\t\t\t\t\t<img loading=\"lazy\" decoding=\"async\" title=\"262694794_495293895061225_210589532328296776_n-copy\" alt=\"262694794_495293895061225_210589532328296776_n-copy\" src=\"https:\/\/spbielsk.pl\/wp-content\/gallery\/warsztaty-niepelnosprawni-grudzien-2021\/thumbs\/thumbs_262694794_495293895061225_210589532328296776_n-copy.jpg\" width=\"120\" height=\"90\" \/>\r\n\t\t\t\t\t\t\t<\/a>\r\n\t\t<\/div>\r\n\t<\/div>\r\n\t\r\n\t\t\r\n \t\t\r\n\t<div id=\"ngg-image-17059\" class=\"ngg-gallery-thumbnail-box\"  >\r\n\t\t<div class=\"ngg-gallery-thumbnail\" >\r\n\t\t\t<a href=\"https:\/\/spbielsk.pl\/wp-content\/gallery\/warsztaty-niepelnosprawni-grudzien-2021\/262700452_1253294811805188_2417949955005724459_n-copy.jpg\" title=\" \"   rel=\"lightbox[6270]\">\r\n\t\t\t\t\t\t\t\t<img loading=\"lazy\" decoding=\"async\" title=\"262700452_1253294811805188_2417949955005724459_n-copy\" alt=\"262700452_1253294811805188_2417949955005724459_n-copy\" src=\"https:\/\/spbielsk.pl\/wp-content\/gallery\/warsztaty-niepelnosprawni-grudzien-2021\/thumbs\/thumbs_262700452_1253294811805188_2417949955005724459_n-copy.jpg\" width=\"120\" height=\"90\" \/>\r\n\t\t\t\t\t\t\t<\/a>\r\n\t\t<\/div>\r\n\t<\/div>\r\n\t\r\n\t\t\r\n \t\t\r\n\t<div id=\"ngg-image-17060\" class=\"ngg-gallery-thumbnail-box\"  >\r\n\t\t<div class=\"ngg-gallery-thumbnail\" >\r\n\t\t\t<a href=\"https:\/\/spbielsk.pl\/wp-content\/gallery\/warsztaty-niepelnosprawni-grudzien-2021\/262700626_430429588561204_2194125925156345577_n-copy.jpg\" title=\" \"   rel=\"lightbox[6270]\">\r\n\t\t\t\t\t\t\t\t<img loading=\"lazy\" decoding=\"async\" title=\"262700626_430429588561204_2194125925156345577_n-copy\" alt=\"262700626_430429588561204_2194125925156345577_n-copy\" src=\"https:\/\/spbielsk.pl\/wp-content\/gallery\/warsztaty-niepelnosprawni-grudzien-2021\/thumbs\/thumbs_262700626_430429588561204_2194125925156345577_n-copy.jpg\" width=\"120\" height=\"90\" \/>\r\n\t\t\t\t\t\t\t<\/a>\r\n\t\t<\/div>\r\n\t<\/div>\r\n\t\r\n\t\t\r\n \t\t\r\n\t<div id=\"ngg-image-17061\" class=\"ngg-gallery-thumbnail-box\"  >\r\n\t\t<div class=\"ngg-gallery-thumbnail\" >\r\n\t\t\t<a href=\"https:\/\/spbielsk.pl\/wp-content\/gallery\/warsztaty-niepelnosprawni-grudzien-2021\/262700662_2799689313657337_7497539020798228134_n-copy.jpg\" title=\" \"   rel=\"lightbox[6270]\">\r\n\t\t\t\t\t\t\t\t<img loading=\"lazy\" decoding=\"async\" title=\"262700662_2799689313657337_7497539020798228134_n-copy\" alt=\"262700662_2799689313657337_7497539020798228134_n-copy\" src=\"https:\/\/spbielsk.pl\/wp-content\/gallery\/warsztaty-niepelnosprawni-grudzien-2021\/thumbs\/thumbs_262700662_2799689313657337_7497539020798228134_n-copy.jpg\" width=\"120\" height=\"90\" \/>\r\n\t\t\t\t\t\t\t<\/a>\r\n\t\t<\/div>\r\n\t<\/div>\r\n\t\r\n\t\t\r\n \t\t\r\n\t<div id=\"ngg-image-17062\" class=\"ngg-gallery-thumbnail-box\"  >\r\n\t\t<div class=\"ngg-gallery-thumbnail\" >\r\n\t\t\t<a href=\"https:\/\/spbielsk.pl\/wp-content\/gallery\/warsztaty-niepelnosprawni-grudzien-2021\/262711124_899532994100004_1382496483193895236_n-copy.jpg\" title=\" \"   rel=\"lightbox[6270]\">\r\n\t\t\t\t\t\t\t\t<img loading=\"lazy\" decoding=\"async\" title=\"262711124_899532994100004_1382496483193895236_n-copy\" alt=\"262711124_899532994100004_1382496483193895236_n-copy\" src=\"https:\/\/spbielsk.pl\/wp-content\/gallery\/warsztaty-niepelnosprawni-grudzien-2021\/thumbs\/thumbs_262711124_899532994100004_1382496483193895236_n-copy.jpg\" width=\"120\" height=\"90\" \/>\r\n\t\t\t\t\t\t\t<\/a>\r\n\t\t<\/div>\r\n\t<\/div>\r\n\t\r\n\t\t\r\n \t\t\r\n\t<div id=\"ngg-image-17063\" class=\"ngg-gallery-thumbnail-box\"  >\r\n\t\t<div class=\"ngg-gallery-thumbnail\" >\r\n\t\t\t<a href=\"https:\/\/spbielsk.pl\/wp-content\/gallery\/warsztaty-niepelnosprawni-grudzien-2021\/262720105_4520392434723863_5342498895327770678_n-copy.jpg\" title=\" \"   rel=\"lightbox[6270]\">\r\n\t\t\t\t\t\t\t\t<img loading=\"lazy\" decoding=\"async\" title=\"262720105_4520392434723863_5342498895327770678_n-copy\" alt=\"262720105_4520392434723863_5342498895327770678_n-copy\" src=\"https:\/\/spbielsk.pl\/wp-content\/gallery\/warsztaty-niepelnosprawni-grudzien-2021\/thumbs\/thumbs_262720105_4520392434723863_5342498895327770678_n-copy.jpg\" width=\"120\" height=\"90\" \/>\r\n\t\t\t\t\t\t\t<\/a>\r\n\t\t<\/div>\r\n\t<\/div>\r\n\t\r\n\t\t\r\n \t\t\r\n\t<div id=\"ngg-image-17064\" class=\"ngg-gallery-thumbnail-box\"  >\r\n\t\t<div class=\"ngg-gallery-thumbnail\" >\r\n\t\t\t<a href=\"https:\/\/spbielsk.pl\/wp-content\/gallery\/warsztaty-niepelnosprawni-grudzien-2021\/262726137_1044413222799097_7172422392109255992_n-copy.jpg\" title=\" \"   rel=\"lightbox[6270]\">\r\n\t\t\t\t\t\t\t\t<img loading=\"lazy\" decoding=\"async\" title=\"262726137_1044413222799097_7172422392109255992_n-copy\" alt=\"262726137_1044413222799097_7172422392109255992_n-copy\" src=\"https:\/\/spbielsk.pl\/wp-content\/gallery\/warsztaty-niepelnosprawni-grudzien-2021\/thumbs\/thumbs_262726137_1044413222799097_7172422392109255992_n-copy.jpg\" width=\"120\" height=\"90\" \/>\r\n\t\t\t\t\t\t\t<\/a>\r\n\t\t<\/div>\r\n\t<\/div>\r\n\t\r\n\t\t\r\n \t\t\r\n\t<div id=\"ngg-image-17065\" class=\"ngg-gallery-thumbnail-box\"  >\r\n\t\t<div class=\"ngg-gallery-thumbnail\" >\r\n\t\t\t<a href=\"https:\/\/spbielsk.pl\/wp-content\/gallery\/warsztaty-niepelnosprawni-grudzien-2021\/262731886_1090003218486991_4283817423135261141_n-copy.jpg\" title=\" \"   rel=\"lightbox[6270]\">\r\n\t\t\t\t\t\t\t\t<img loading=\"lazy\" decoding=\"async\" title=\"262731886_1090003218486991_4283817423135261141_n-copy\" alt=\"262731886_1090003218486991_4283817423135261141_n-copy\" src=\"https:\/\/spbielsk.pl\/wp-content\/gallery\/warsztaty-niepelnosprawni-grudzien-2021\/thumbs\/thumbs_262731886_1090003218486991_4283817423135261141_n-copy.jpg\" width=\"120\" height=\"90\" \/>\r\n\t\t\t\t\t\t\t<\/a>\r\n\t\t<\/div>\r\n\t<\/div>\r\n\t\r\n\t\t\r\n \t\t\r\n\t<div id=\"ngg-image-17066\" class=\"ngg-gallery-thumbnail-box\"  >\r\n\t\t<div class=\"ngg-gallery-thumbnail\" >\r\n\t\t\t<a href=\"https:\/\/spbielsk.pl\/wp-content\/gallery\/warsztaty-niepelnosprawni-grudzien-2021\/262731891_314161353861272_2218328788939534711_n-copy.jpg\" title=\" \"   rel=\"lightbox[6270]\">\r\n\t\t\t\t\t\t\t\t<img loading=\"lazy\" decoding=\"async\" title=\"262731891_314161353861272_2218328788939534711_n-copy\" alt=\"262731891_314161353861272_2218328788939534711_n-copy\" src=\"https:\/\/spbielsk.pl\/wp-content\/gallery\/warsztaty-niepelnosprawni-grudzien-2021\/thumbs\/thumbs_262731891_314161353861272_2218328788939534711_n-copy.jpg\" width=\"120\" height=\"90\" \/>\r\n\t\t\t\t\t\t\t<\/a>\r\n\t\t<\/div>\r\n\t<\/div>\r\n\t\r\n\t\t\r\n \t\t\r\n\t<div id=\"ngg-image-17067\" class=\"ngg-gallery-thumbnail-box\"  >\r\n\t\t<div class=\"ngg-gallery-thumbnail\" >\r\n\t\t\t<a href=\"https:\/\/spbielsk.pl\/wp-content\/gallery\/warsztaty-niepelnosprawni-grudzien-2021\/262732053_891610588393770_1510420064647690455_n-copy.jpg\" title=\" \"   rel=\"lightbox[6270]\">\r\n\t\t\t\t\t\t\t\t<img loading=\"lazy\" decoding=\"async\" title=\"262732053_891610588393770_1510420064647690455_n-copy\" alt=\"262732053_891610588393770_1510420064647690455_n-copy\" src=\"https:\/\/spbielsk.pl\/wp-content\/gallery\/warsztaty-niepelnosprawni-grudzien-2021\/thumbs\/thumbs_262732053_891610588393770_1510420064647690455_n-copy.jpg\" width=\"120\" height=\"90\" \/>\r\n\t\t\t\t\t\t\t<\/a>\r\n\t\t<\/div>\r\n\t<\/div>\r\n\t\r\n\t\t\r\n \t\t\r\n\t<div id=\"ngg-image-17068\" class=\"ngg-gallery-thumbnail-box\"  >\r\n\t\t<div class=\"ngg-gallery-thumbnail\" >\r\n\t\t\t<a href=\"https:\/\/spbielsk.pl\/wp-content\/gallery\/warsztaty-niepelnosprawni-grudzien-2021\/262737950_809391276507253_8585105220808174781_n-copy.jpg\" title=\" \"   rel=\"lightbox[6270]\">\r\n\t\t\t\t\t\t\t\t<img loading=\"lazy\" decoding=\"async\" title=\"262737950_809391276507253_8585105220808174781_n-copy\" alt=\"262737950_809391276507253_8585105220808174781_n-copy\" src=\"https:\/\/spbielsk.pl\/wp-content\/gallery\/warsztaty-niepelnosprawni-grudzien-2021\/thumbs\/thumbs_262737950_809391276507253_8585105220808174781_n-copy.jpg\" width=\"120\" height=\"90\" \/>\r\n\t\t\t\t\t\t\t<\/a>\r\n\t\t<\/div>\r\n\t<\/div>\r\n\t\r\n\t\t\r\n \t\t\r\n\t<div id=\"ngg-image-17069\" class=\"ngg-gallery-thumbnail-box\"  >\r\n\t\t<div class=\"ngg-gallery-thumbnail\" >\r\n\t\t\t<a href=\"https:\/\/spbielsk.pl\/wp-content\/gallery\/warsztaty-niepelnosprawni-grudzien-2021\/262738182_380286440556601_4986473958112988086_n-copy.jpg\" title=\" \"   rel=\"lightbox[6270]\">\r\n\t\t\t\t\t\t\t\t<img loading=\"lazy\" decoding=\"async\" title=\"262738182_380286440556601_4986473958112988086_n-copy\" alt=\"262738182_380286440556601_4986473958112988086_n-copy\" src=\"https:\/\/spbielsk.pl\/wp-content\/gallery\/warsztaty-niepelnosprawni-grudzien-2021\/thumbs\/thumbs_262738182_380286440556601_4986473958112988086_n-copy.jpg\" width=\"120\" height=\"90\" \/>\r\n\t\t\t\t\t\t\t<\/a>\r\n\t\t<\/div>\r\n\t<\/div>\r\n\t\r\n\t\t\r\n \t\t\r\n\t<div id=\"ngg-image-17070\" class=\"ngg-gallery-thumbnail-box\"  >\r\n\t\t<div class=\"ngg-gallery-thumbnail\" >\r\n\t\t\t<a href=\"https:\/\/spbielsk.pl\/wp-content\/gallery\/warsztaty-niepelnosprawni-grudzien-2021\/262738935_1361963514219714_7817870872463349964_n-copy.jpg\" title=\" \"   rel=\"lightbox[6270]\">\r\n\t\t\t\t\t\t\t\t<img loading=\"lazy\" decoding=\"async\" title=\"262738935_1361963514219714_7817870872463349964_n-copy\" alt=\"262738935_1361963514219714_7817870872463349964_n-copy\" src=\"https:\/\/spbielsk.pl\/wp-content\/gallery\/warsztaty-niepelnosprawni-grudzien-2021\/thumbs\/thumbs_262738935_1361963514219714_7817870872463349964_n-copy.jpg\" width=\"120\" height=\"90\" \/>\r\n\t\t\t\t\t\t\t<\/a>\r\n\t\t<\/div>\r\n\t<\/div>\r\n\t\r\n\t\t\r\n \t\t\r\n\t<div id=\"ngg-image-17071\" class=\"ngg-gallery-thumbnail-box\"  >\r\n\t\t<div class=\"ngg-gallery-thumbnail\" >\r\n\t\t\t<a href=\"https:\/\/spbielsk.pl\/wp-content\/gallery\/warsztaty-niepelnosprawni-grudzien-2021\/262745849_4701035799919280_3654595157535105794_n-copy.jpg\" title=\" \"   rel=\"lightbox[6270]\">\r\n\t\t\t\t\t\t\t\t<img loading=\"lazy\" decoding=\"async\" title=\"262745849_4701035799919280_3654595157535105794_n-copy\" alt=\"262745849_4701035799919280_3654595157535105794_n-copy\" src=\"https:\/\/spbielsk.pl\/wp-content\/gallery\/warsztaty-niepelnosprawni-grudzien-2021\/thumbs\/thumbs_262745849_4701035799919280_3654595157535105794_n-copy.jpg\" width=\"120\" height=\"90\" \/>\r\n\t\t\t\t\t\t\t<\/a>\r\n\t\t<\/div>\r\n\t<\/div>\r\n\t\r\n\t\t\r\n \t\t\r\n\t<div id=\"ngg-image-17072\" class=\"ngg-gallery-thumbnail-box\"  >\r\n\t\t<div class=\"ngg-gallery-thumbnail\" >\r\n\t\t\t<a href=\"https:\/\/spbielsk.pl\/wp-content\/gallery\/warsztaty-niepelnosprawni-grudzien-2021\/262746002_438234874415787_4673213876539339820_n-copy.jpg\" title=\" \"   rel=\"lightbox[6270]\">\r\n\t\t\t\t\t\t\t\t<img loading=\"lazy\" decoding=\"async\" title=\"262746002_438234874415787_4673213876539339820_n-copy\" alt=\"262746002_438234874415787_4673213876539339820_n-copy\" src=\"https:\/\/spbielsk.pl\/wp-content\/gallery\/warsztaty-niepelnosprawni-grudzien-2021\/thumbs\/thumbs_262746002_438234874415787_4673213876539339820_n-copy.jpg\" width=\"120\" height=\"90\" \/>\r\n\t\t\t\t\t\t\t<\/a>\r\n\t\t<\/div>\r\n\t<\/div>\r\n\t\r\n\t\t\r\n \t\t\r\n\t<div id=\"ngg-image-17073\" class=\"ngg-gallery-thumbnail-box\"  >\r\n\t\t<div class=\"ngg-gallery-thumbnail\" >\r\n\t\t\t<a href=\"https:\/\/spbielsk.pl\/wp-content\/gallery\/warsztaty-niepelnosprawni-grudzien-2021\/262766465_1024995301416401_3469709756941206101_n-copy.jpg\" title=\" \"   rel=\"lightbox[6270]\">\r\n\t\t\t\t\t\t\t\t<img loading=\"lazy\" decoding=\"async\" title=\"262766465_1024995301416401_3469709756941206101_n-copy\" alt=\"262766465_1024995301416401_3469709756941206101_n-copy\" src=\"https:\/\/spbielsk.pl\/wp-content\/gallery\/warsztaty-niepelnosprawni-grudzien-2021\/thumbs\/thumbs_262766465_1024995301416401_3469709756941206101_n-copy.jpg\" width=\"120\" height=\"90\" \/>\r\n\t\t\t\t\t\t\t<\/a>\r\n\t\t<\/div>\r\n\t<\/div>\r\n\t\r\n\t\t\r\n \t\t\r\n\t<div id=\"ngg-image-17074\" class=\"ngg-gallery-thumbnail-box\"  >\r\n\t\t<div class=\"ngg-gallery-thumbnail\" >\r\n\t\t\t<a href=\"https:\/\/spbielsk.pl\/wp-content\/gallery\/warsztaty-niepelnosprawni-grudzien-2021\/262799604_854898085179597_5727131850499198085_n-copy.jpg\" title=\" \"   rel=\"lightbox[6270]\">\r\n\t\t\t\t\t\t\t\t<img loading=\"lazy\" decoding=\"async\" title=\"262799604_854898085179597_5727131850499198085_n-copy\" alt=\"262799604_854898085179597_5727131850499198085_n-copy\" src=\"https:\/\/spbielsk.pl\/wp-content\/gallery\/warsztaty-niepelnosprawni-grudzien-2021\/thumbs\/thumbs_262799604_854898085179597_5727131850499198085_n-copy.jpg\" width=\"120\" height=\"90\" \/>\r\n\t\t\t\t\t\t\t<\/a>\r\n\t\t<\/div>\r\n\t<\/div>\r\n\t\r\n\t\t\r\n \t\t\r\n\t<div id=\"ngg-image-17075\" class=\"ngg-gallery-thumbnail-box\"  >\r\n\t\t<div class=\"ngg-gallery-thumbnail\" >\r\n\t\t\t<a href=\"https:\/\/spbielsk.pl\/wp-content\/gallery\/warsztaty-niepelnosprawni-grudzien-2021\/262837353_1171522076589206_4757923548818983465_n-copy.jpg\" title=\" \"   rel=\"lightbox[6270]\">\r\n\t\t\t\t\t\t\t\t<img loading=\"lazy\" decoding=\"async\" title=\"262837353_1171522076589206_4757923548818983465_n-copy\" alt=\"262837353_1171522076589206_4757923548818983465_n-copy\" src=\"https:\/\/spbielsk.pl\/wp-content\/gallery\/warsztaty-niepelnosprawni-grudzien-2021\/thumbs\/thumbs_262837353_1171522076589206_4757923548818983465_n-copy.jpg\" width=\"120\" height=\"90\" \/>\r\n\t\t\t\t\t\t\t<\/a>\r\n\t\t<\/div>\r\n\t<\/div>\r\n\t\r\n\t\t\r\n \t\t\r\n\t<div id=\"ngg-image-17076\" class=\"ngg-gallery-thumbnail-box\"  >\r\n\t\t<div class=\"ngg-gallery-thumbnail\" >\r\n\t\t\t<a href=\"https:\/\/spbielsk.pl\/wp-content\/gallery\/warsztaty-niepelnosprawni-grudzien-2021\/262838133_635376444129543_8015411669359023895_n-copy.jpg\" title=\" \"   rel=\"lightbox[6270]\">\r\n\t\t\t\t\t\t\t\t<img loading=\"lazy\" decoding=\"async\" title=\"262838133_635376444129543_8015411669359023895_n-copy\" alt=\"262838133_635376444129543_8015411669359023895_n-copy\" src=\"https:\/\/spbielsk.pl\/wp-content\/gallery\/warsztaty-niepelnosprawni-grudzien-2021\/thumbs\/thumbs_262838133_635376444129543_8015411669359023895_n-copy.jpg\" width=\"120\" height=\"90\" \/>\r\n\t\t\t\t\t\t\t<\/a>\r\n\t\t<\/div>\r\n\t<\/div>\r\n\t\r\n\t\t\r\n \t\t\r\n\t<div id=\"ngg-image-17077\" class=\"ngg-gallery-thumbnail-box\"  >\r\n\t\t<div class=\"ngg-gallery-thumbnail\" >\r\n\t\t\t<a href=\"https:\/\/spbielsk.pl\/wp-content\/gallery\/warsztaty-niepelnosprawni-grudzien-2021\/262856520_959681494634948_3903609195400579345_n-copy.jpg\" title=\" \"   rel=\"lightbox[6270]\">\r\n\t\t\t\t\t\t\t\t<img loading=\"lazy\" decoding=\"async\" title=\"262856520_959681494634948_3903609195400579345_n-copy\" alt=\"262856520_959681494634948_3903609195400579345_n-copy\" src=\"https:\/\/spbielsk.pl\/wp-content\/gallery\/warsztaty-niepelnosprawni-grudzien-2021\/thumbs\/thumbs_262856520_959681494634948_3903609195400579345_n-copy.jpg\" width=\"120\" height=\"90\" \/>\r\n\t\t\t\t\t\t\t<\/a>\r\n\t\t<\/div>\r\n\t<\/div>\r\n\t\r\n\t\t\r\n \t\t\r\n\t<div id=\"ngg-image-17078\" class=\"ngg-gallery-thumbnail-box\"  >\r\n\t\t<div class=\"ngg-gallery-thumbnail\" >\r\n\t\t\t<a href=\"https:\/\/spbielsk.pl\/wp-content\/gallery\/warsztaty-niepelnosprawni-grudzien-2021\/262867415_969575853915941_5294937469252358673_n-copy.jpg\" title=\" \"   rel=\"lightbox[6270]\">\r\n\t\t\t\t\t\t\t\t<img loading=\"lazy\" decoding=\"async\" title=\"262867415_969575853915941_5294937469252358673_n-copy\" alt=\"262867415_969575853915941_5294937469252358673_n-copy\" src=\"https:\/\/spbielsk.pl\/wp-content\/gallery\/warsztaty-niepelnosprawni-grudzien-2021\/thumbs\/thumbs_262867415_969575853915941_5294937469252358673_n-copy.jpg\" width=\"120\" height=\"90\" \/>\r\n\t\t\t\t\t\t\t<\/a>\r\n\t\t<\/div>\r\n\t<\/div>\r\n\t\r\n\t\t\r\n \t\t\r\n\t<div id=\"ngg-image-17079\" class=\"ngg-gallery-thumbnail-box\"  >\r\n\t\t<div class=\"ngg-gallery-thumbnail\" >\r\n\t\t\t<a href=\"https:\/\/spbielsk.pl\/wp-content\/gallery\/warsztaty-niepelnosprawni-grudzien-2021\/262879300_1272132326627063_3222708298369504287_n-copy.jpg\" title=\" \"   rel=\"lightbox[6270]\">\r\n\t\t\t\t\t\t\t\t<img loading=\"lazy\" decoding=\"async\" title=\"262879300_1272132326627063_3222708298369504287_n-copy\" alt=\"262879300_1272132326627063_3222708298369504287_n-copy\" src=\"https:\/\/spbielsk.pl\/wp-content\/gallery\/warsztaty-niepelnosprawni-grudzien-2021\/thumbs\/thumbs_262879300_1272132326627063_3222708298369504287_n-copy.jpg\" width=\"120\" height=\"90\" \/>\r\n\t\t\t\t\t\t\t<\/a>\r\n\t\t<\/div>\r\n\t<\/div>\r\n\t\r\n\t\t\r\n \t\t\r\n\t<div id=\"ngg-image-17080\" class=\"ngg-gallery-thumbnail-box\"  >\r\n\t\t<div class=\"ngg-gallery-thumbnail\" >\r\n\t\t\t<a href=\"https:\/\/spbielsk.pl\/wp-content\/gallery\/warsztaty-niepelnosprawni-grudzien-2021\/262886751_208191371494230_7780176450147602753_n-copy.jpg\" title=\" \"   rel=\"lightbox[6270]\">\r\n\t\t\t\t\t\t\t\t<img loading=\"lazy\" decoding=\"async\" title=\"262886751_208191371494230_7780176450147602753_n-copy\" alt=\"262886751_208191371494230_7780176450147602753_n-copy\" src=\"https:\/\/spbielsk.pl\/wp-content\/gallery\/warsztaty-niepelnosprawni-grudzien-2021\/thumbs\/thumbs_262886751_208191371494230_7780176450147602753_n-copy.jpg\" width=\"120\" height=\"90\" \/>\r\n\t\t\t\t\t\t\t<\/a>\r\n\t\t<\/div>\r\n\t<\/div>\r\n\t\r\n\t\t\r\n \t\t\r\n\t<div id=\"ngg-image-17081\" class=\"ngg-gallery-thumbnail-box\"  >\r\n\t\t<div class=\"ngg-gallery-thumbnail\" >\r\n\t\t\t<a href=\"https:\/\/spbielsk.pl\/wp-content\/gallery\/warsztaty-niepelnosprawni-grudzien-2021\/262900037_434779768379582_5125922272456075363_n-copy.jpg\" title=\" \"   rel=\"lightbox[6270]\">\r\n\t\t\t\t\t\t\t\t<img loading=\"lazy\" decoding=\"async\" title=\"262900037_434779768379582_5125922272456075363_n-copy\" alt=\"262900037_434779768379582_5125922272456075363_n-copy\" src=\"https:\/\/spbielsk.pl\/wp-content\/gallery\/warsztaty-niepelnosprawni-grudzien-2021\/thumbs\/thumbs_262900037_434779768379582_5125922272456075363_n-copy.jpg\" width=\"120\" height=\"90\" \/>\r\n\t\t\t\t\t\t\t<\/a>\r\n\t\t<\/div>\r\n\t<\/div>\r\n\t\r\n\t\t\r\n \t\t\r\n\t<div id=\"ngg-image-17082\" class=\"ngg-gallery-thumbnail-box\"  >\r\n\t\t<div class=\"ngg-gallery-thumbnail\" >\r\n\t\t\t<a href=\"https:\/\/spbielsk.pl\/wp-content\/gallery\/warsztaty-niepelnosprawni-grudzien-2021\/262913793_328909628709535_2294169508974930356_n-copy.jpg\" title=\" \"   rel=\"lightbox[6270]\">\r\n\t\t\t\t\t\t\t\t<img loading=\"lazy\" decoding=\"async\" title=\"262913793_328909628709535_2294169508974930356_n-copy\" alt=\"262913793_328909628709535_2294169508974930356_n-copy\" src=\"https:\/\/spbielsk.pl\/wp-content\/gallery\/warsztaty-niepelnosprawni-grudzien-2021\/thumbs\/thumbs_262913793_328909628709535_2294169508974930356_n-copy.jpg\" width=\"120\" height=\"90\" \/>\r\n\t\t\t\t\t\t\t<\/a>\r\n\t\t<\/div>\r\n\t<\/div>\r\n\t\r\n\t\t\r\n \t\t\r\n\t<div id=\"ngg-image-17083\" class=\"ngg-gallery-thumbnail-box\"  >\r\n\t\t<div class=\"ngg-gallery-thumbnail\" >\r\n\t\t\t<a href=\"https:\/\/spbielsk.pl\/wp-content\/gallery\/warsztaty-niepelnosprawni-grudzien-2021\/262949034_205266665108144_7154958426704832413_n-copy.jpg\" title=\" \"   rel=\"lightbox[6270]\">\r\n\t\t\t\t\t\t\t\t<img loading=\"lazy\" decoding=\"async\" title=\"262949034_205266665108144_7154958426704832413_n-copy\" alt=\"262949034_205266665108144_7154958426704832413_n-copy\" src=\"https:\/\/spbielsk.pl\/wp-content\/gallery\/warsztaty-niepelnosprawni-grudzien-2021\/thumbs\/thumbs_262949034_205266665108144_7154958426704832413_n-copy.jpg\" width=\"120\" height=\"90\" \/>\r\n\t\t\t\t\t\t\t<\/a>\r\n\t\t<\/div>\r\n\t<\/div>\r\n\t\r\n\t\t\r\n \t\t\r\n\t<div id=\"ngg-image-17084\" class=\"ngg-gallery-thumbnail-box\"  >\r\n\t\t<div class=\"ngg-gallery-thumbnail\" >\r\n\t\t\t<a href=\"https:\/\/spbielsk.pl\/wp-content\/gallery\/warsztaty-niepelnosprawni-grudzien-2021\/262956949_198922735674589_3393627163902184484_n-copy.jpg\" title=\" \"   rel=\"lightbox[6270]\">\r\n\t\t\t\t\t\t\t\t<img loading=\"lazy\" decoding=\"async\" title=\"262956949_198922735674589_3393627163902184484_n-copy\" alt=\"262956949_198922735674589_3393627163902184484_n-copy\" src=\"https:\/\/spbielsk.pl\/wp-content\/gallery\/warsztaty-niepelnosprawni-grudzien-2021\/thumbs\/thumbs_262956949_198922735674589_3393627163902184484_n-copy.jpg\" width=\"120\" height=\"90\" \/>\r\n\t\t\t\t\t\t\t<\/a>\r\n\t\t<\/div>\r\n\t<\/div>\r\n\t\r\n\t\t\r\n \t\t\r\n\t<div id=\"ngg-image-17085\" class=\"ngg-gallery-thumbnail-box\"  >\r\n\t\t<div class=\"ngg-gallery-thumbnail\" >\r\n\t\t\t<a href=\"https:\/\/spbielsk.pl\/wp-content\/gallery\/warsztaty-niepelnosprawni-grudzien-2021\/263029212_1073769356739189_6082538629073330068_n-copy.jpg\" title=\" \"   rel=\"lightbox[6270]\">\r\n\t\t\t\t\t\t\t\t<img loading=\"lazy\" decoding=\"async\" title=\"263029212_1073769356739189_6082538629073330068_n-copy\" alt=\"263029212_1073769356739189_6082538629073330068_n-copy\" src=\"https:\/\/spbielsk.pl\/wp-content\/gallery\/warsztaty-niepelnosprawni-grudzien-2021\/thumbs\/thumbs_263029212_1073769356739189_6082538629073330068_n-copy.jpg\" width=\"120\" height=\"90\" \/>\r\n\t\t\t\t\t\t\t<\/a>\r\n\t\t<\/div>\r\n\t<\/div>\r\n\t\r\n\t\t\r\n \t \t\r\n\t<!-- Pagination -->\r\n \t<div class='ngg-clear'><\/div>\n \t\r\n<\/div>\r\n\r\n<\/p>\n","protected":false},"excerpt":{"rendered":"<p>Dnia 03 grudnia 2021r. uczniowie naszej szko\u0142y wzi\u0119li udzia\u0142 w warsztatach z okazji &#8222;Mi\u0119dzynarodowego Dnia Os\u00f3b z Niepe\u0142nosprawno\u015bciami&#8221;. Warsztaty odby\u0142y si\u0119 we wsp\u00f3\u0142pracy z Fundacj\u0105 Miasto- Pa\u0144stwo w P\u0142ocku oraz Szko\u0142\u0105 Podstawow\u0105 nr 16 im. Miko\u0142aja Kopernika w P\u0142ocku. Celem warsztat\u00f3w by\u0142o zwi\u0119kszenie \u015bwiadomo\u015bci publicznej na temat potrzeb i ogranicze\u0144 z jakimi na co dzie\u0144 [&hellip;]<\/p>\n","protected":false},"author":1,"featured_media":6271,"comment_status":"closed","ping_status":"closed","sticky":false,"template":"","format":"standard","meta":{"footnotes":""},"categories":[5],"tags":[],"class_list":["post-6270","post","type-post","status-publish","format-standard","has-post-thumbnail","hentry","category-s-p-bielsk"],"_links":{"self":[{"href":"https:\/\/spbielsk.pl\/index.php?rest_route=\/wp\/v2\/posts\/6270","targetHints":{"allow":["GET"]}}],"collection":[{"href":"https:\/\/spbielsk.pl\/index.php?rest_route=\/wp\/v2\/posts"}],"about":[{"href":"https:\/\/spbielsk.pl\/index.php?rest_route=\/wp\/v2\/types\/post"}],"author":[{"embeddable":true,"href":"https:\/\/spbielsk.pl\/index.php?rest_route=\/wp\/v2\/users\/1"}],"replies":[{"embeddable":true,"href":"https:\/\/spbielsk.pl\/index.php?rest_route=%2Fwp%2Fv2%2Fcomments&post=6270"}],"version-history":[{"count":1,"href":"https:\/\/spbielsk.pl\/index.php?rest_route=\/wp\/v2\/posts\/6270\/revisions"}],"predecessor-version":[{"id":6272,"href":"https:\/\/spbielsk.pl\/index.php?rest_route=\/wp\/v2\/posts\/6270\/revisions\/6272"}],"wp:featuredmedia":[{"embeddable":true,"href":"https:\/\/spbielsk.pl\/index.php?rest_route=\/wp\/v2\/media\/6271"}],"wp:attachment":[{"href":"https:\/\/spbielsk.pl\/index.php?rest_route=%2Fwp%2Fv2%2Fmedia&parent=6270"}],"wp:term":[{"taxonomy":"category","embeddable":true,"href":"https:\/\/spbielsk.pl\/index.php?rest_route=%2Fwp%2Fv2%2Fcategories&post=6270"},{"taxonomy":"post_tag","embeddable":true,"href":"https:\/\/spbielsk.pl\/index.php?rest_route=%2Fwp%2Fv2%2Ftags&post=6270"}],"curies":[{"name":"wp","href":"https:\/\/api.w.org\/{rel}","templated":true}]}}