{"id":5199,"date":"2020-09-09T21:02:24","date_gmt":"2020-09-09T20:02:24","guid":{"rendered":"http:\/\/spbielsk.pl\/?p=5199"},"modified":"2020-09-09T21:02:24","modified_gmt":"2020-09-09T20:02:24","slug":"wsparcie-dla-zosi","status":"publish","type":"post","link":"https:\/\/spbielsk.pl\/?p=5199","title":{"rendered":"Wsparcie dla Zosi"},"content":{"rendered":"<p style=\"text-align: justify;\">Samorz\u0105d Uczniowski wraz z Wolontariatem informuj\u0105, \u017ce 11 wrze\u015bnia 2020 r. w naszej szkole odb\u0119dzie si\u0119 charytatywna zbi\u00f3rka pieni\u0119dzy na wsparcie dla Zosi.<br \/>\nZach\u0119camy do udzia\u0142u ca\u0142\u0105 spo\u0142eczno\u015b\u0107 szkoln\u0105!!!<\/p>\n<p style=\"text-align: right;\">\nSamorz\u0105d Uczniowski<br \/>\nRada Wolontariatu<br \/>\nwraz z opiekunami<\/p>\n<p style=\"text-align: center;\"><a href=\"https:\/\/www.siepomaga.pl\/waleczna-zosia\"><img decoding=\"async\" class=\"aligncenter wp-image-5103 size-medium\" src=\"http:\/\/spbielsk.pl\/wp-content\/uploads\/2020\/06\/unnamed-300x156.jpg\" alt=\"\" width=\"300\" height=\"156\" srcset=\"https:\/\/spbielsk.pl\/wp-content\/uploads\/2020\/06\/unnamed-300x156.jpg 300w, https:\/\/spbielsk.pl\/wp-content\/uploads\/2020\/06\/unnamed.jpg 512w\" sizes=\"(max-width: 300px) 100vw, 300px\" \/><\/a><\/p>\n","protected":false},"excerpt":{"rendered":"<p>Samorz\u0105d Uczniowski wraz z Wolontariatem informuj\u0105, \u017ce 11 wrze\u015bnia 2020 r. w naszej szkole odb\u0119dzie si\u0119 charytatywna zbi\u00f3rka pieni\u0119dzy na wsparcie dla Zosi. Zach\u0119camy do udzia\u0142u ca\u0142\u0105 spo\u0142eczno\u015b\u0107 szkoln\u0105!!! Samorz\u0105d Uczniowski Rada Wolontariatu wraz z opiekunami<\/p>\n","protected":false},"author":1,"featured_media":0,"comment_status":"closed","ping_status":"closed","sticky":false,"template":"","format":"standard","meta":{"footnotes":""},"categories":[5],"tags":[],"class_list":["post-5199","post","type-post","status-publish","format-standard","hentry","category-s-p-bielsk"],"_links":{"self":[{"href":"https:\/\/spbielsk.pl\/index.php?rest_route=\/wp\/v2\/posts\/5199","targetHints":{"allow":["GET"]}}],"collection":[{"href":"https:\/\/spbielsk.pl\/index.php?rest_route=\/wp\/v2\/posts"}],"about":[{"href":"https:\/\/spbielsk.pl\/index.php?rest_route=\/wp\/v2\/types\/post"}],"author":[{"embeddable":true,"href":"https:\/\/spbielsk.pl\/index.php?rest_route=\/wp\/v2\/users\/1"}],"replies":[{"embeddable":true,"href":"https:\/\/spbielsk.pl\/index.php?rest_route=%2Fwp%2Fv2%2Fcomments&post=5199"}],"version-history":[{"count":1,"href":"https:\/\/spbielsk.pl\/index.php?rest_route=\/wp\/v2\/posts\/5199\/revisions"}],"predecessor-version":[{"id":5200,"href":"https:\/\/spbielsk.pl\/index.php?rest_route=\/wp\/v2\/posts\/5199\/revisions\/5200"}],"wp:attachment":[{"href":"https:\/\/spbielsk.pl\/index.php?rest_route=%2Fwp%2Fv2%2Fmedia&parent=5199"}],"wp:term":[{"taxonomy":"category","embeddable":true,"href":"https:\/\/spbielsk.pl\/index.php?rest_route=%2Fwp%2Fv2%2Fcategories&post=5199"},{"taxonomy":"post_tag","embeddable":true,"href":"https:\/\/spbielsk.pl\/index.php?rest_route=%2Fwp%2Fv2%2Ftags&post=5199"}],"curies":[{"name":"wp","href":"https:\/\/api.w.org\/{rel}","templated":true}]}}