{"id":5168,"date":"2020-08-27T13:42:52","date_gmt":"2020-08-27T12:42:52","guid":{"rendered":"http:\/\/spbielsk.pl\/?p=5168"},"modified":"2020-08-27T13:46:17","modified_gmt":"2020-08-27T12:46:17","slug":"organizacja-rozpoczecia-roku-szkolnego-2020-2021","status":"publish","type":"post","link":"https:\/\/spbielsk.pl\/?p=5168","title":{"rendered":"Organizacja rozpocz\u0119cia roku szkolnego 2020\/2021"},"content":{"rendered":"<p style=\"text-align: center;\"><strong>SPOTKANIA DLA UCZNI\u00d3W W DNIU ROZPOCZ\u0118CIA ROKU SZKOLNEGO 2020\/2021<\/strong><\/p>\n<p style=\"text-align: center;\"><strong>1 wrze\u015bnia 2020r., godz. 9.00<\/strong><\/p>\n<p style=\"text-align: center;\">godz. 8.00 \u2013 Msza \u015awi\u0119ta z okazji rozpocz\u0119cia roku szkolnego 2020\/2021 w ko\u015bciele parafialnym \u015bw. Jana Chrzciciela w Bielsku.<\/p>\n<p style=\"text-align: center;\"><a href=\"http:\/\/spbielsk.pl\/wp-content\/uploads\/2020\/08\/spotk-1-wrzes.png\" target=\"_blank\" rel=\"noopener noreferrer\" rel=\"lightbox[5168]\"><img fetchpriority=\"high\" decoding=\"async\" class=\"aligncenter wp-image-5172 size-medium\" src=\"http:\/\/spbielsk.pl\/wp-content\/uploads\/2020\/08\/spotk-1-wrzes-300x257.png\" alt=\"\" width=\"300\" height=\"257\" srcset=\"https:\/\/spbielsk.pl\/wp-content\/uploads\/2020\/08\/spotk-1-wrzes-300x257.png 300w, https:\/\/spbielsk.pl\/wp-content\/uploads\/2020\/08\/spotk-1-wrzes.png 722w\" sizes=\"(max-width: 300px) 100vw, 300px\" \/><\/a><\/p>\n","protected":false},"excerpt":{"rendered":"<p>SPOTKANIA DLA UCZNI\u00d3W W DNIU ROZPOCZ\u0118CIA ROKU SZKOLNEGO 2020\/2021 1 wrze\u015bnia 2020r., godz. 9.00 godz. 8.00 \u2013 Msza \u015awi\u0119ta z okazji rozpocz\u0119cia roku szkolnego 2020\/2021 w ko\u015bciele parafialnym \u015bw. Jana Chrzciciela w Bielsku.<\/p>\n","protected":false},"author":1,"featured_media":0,"comment_status":"closed","ping_status":"closed","sticky":false,"template":"","format":"standard","meta":{"footnotes":""},"categories":[5],"tags":[],"class_list":["post-5168","post","type-post","status-publish","format-standard","hentry","category-s-p-bielsk"],"_links":{"self":[{"href":"https:\/\/spbielsk.pl\/index.php?rest_route=\/wp\/v2\/posts\/5168","targetHints":{"allow":["GET"]}}],"collection":[{"href":"https:\/\/spbielsk.pl\/index.php?rest_route=\/wp\/v2\/posts"}],"about":[{"href":"https:\/\/spbielsk.pl\/index.php?rest_route=\/wp\/v2\/types\/post"}],"author":[{"embeddable":true,"href":"https:\/\/spbielsk.pl\/index.php?rest_route=\/wp\/v2\/users\/1"}],"replies":[{"embeddable":true,"href":"https:\/\/spbielsk.pl\/index.php?rest_route=%2Fwp%2Fv2%2Fcomments&post=5168"}],"version-history":[{"count":4,"href":"https:\/\/spbielsk.pl\/index.php?rest_route=\/wp\/v2\/posts\/5168\/revisions"}],"predecessor-version":[{"id":5174,"href":"https:\/\/spbielsk.pl\/index.php?rest_route=\/wp\/v2\/posts\/5168\/revisions\/5174"}],"wp:attachment":[{"href":"https:\/\/spbielsk.pl\/index.php?rest_route=%2Fwp%2Fv2%2Fmedia&parent=5168"}],"wp:term":[{"taxonomy":"category","embeddable":true,"href":"https:\/\/spbielsk.pl\/index.php?rest_route=%2Fwp%2Fv2%2Fcategories&post=5168"},{"taxonomy":"post_tag","embeddable":true,"href":"https:\/\/spbielsk.pl\/index.php?rest_route=%2Fwp%2Fv2%2Ftags&post=5168"}],"curies":[{"name":"wp","href":"https:\/\/api.w.org\/{rel}","templated":true}]}}