{"id":5057,"date":"2020-06-09T09:13:35","date_gmt":"2020-06-09T08:13:35","guid":{"rendered":"http:\/\/spbielsk.pl\/?p=5057"},"modified":"2020-06-09T09:13:53","modified_gmt":"2020-06-09T08:13:53","slug":"zwrot-podrecznikow-szkolnych","status":"publish","type":"post","link":"https:\/\/spbielsk.pl\/?p=5057","title":{"rendered":"Zwrot podr\u0119cznik\u00f3w szkolnych"},"content":{"rendered":"<p style=\"text-align: center;\">W zwi\u0105zku z konieczno\u015bci\u0105 zwrotu podr\u0119cznik\u00f3w ustalone zosta\u0142y zasady przekazania ich do szko\u0142y.<br \/>\nW tym roku szkolnym to rodzice b\u0119d\u0105 odpowiedzialni za zwrot ksi\u0105\u017cek.<\/p>\n<p style=\"text-align: center;\">Podr\u0119czniki przyjmowane b\u0119d\u0105 przez wychowawc\u00f3w klasowych na dolnym korytarzu wed\u0142ug nast\u0119puj\u0105cego harmonogramu:<\/p>\n<p style=\"text-align: center;\"><strong>15 czerwca, godz. 8.00 &#8211; 9.00 \u00a0&#8211; podr\u0119czniki do klasy I, II, III<br \/>\ngodz. 10.00 -11.00 &#8211; podr\u0119czniki do klasy IV<\/strong><\/p>\n<p style=\"text-align: center;\"><strong>19 czerwca, godz. 8.00 &#8211; 9.00 &#8211; podr\u0119czniki do klasy V<\/strong><br \/>\n<strong>godz. 11.00 &#8211; 12.00 &#8211; podr\u0119czniki do klasy VI<\/strong><\/p>\n<p style=\"text-align: center;\"><strong>22 czerwca, godz. 8.00 &#8211; 9.00 &#8211; podr\u0119czniki do klasy VII<\/strong><br \/>\n<strong>godz. 11.00 &#8211; 12.00 &#8211; podr\u0119czniki do klasy VIII<\/strong><\/p>\n<p style=\"text-align: center;\"><strong>Bardzo prosz\u0119 o terminowo\u015b\u0107. Jest to bardzo wa\u017cne ze wzgl\u0119du na wymogi sanitarne, jakie obecnie panuj\u0105 w szko\u0142ach.<\/strong><\/p>\n<p style=\"text-align: center;\">Je\u015bli kto\u015b z rodzic\u00f3w nie b\u0119dzie m\u00f3g\u0142 przyby\u0107 danego dnia prosz\u0119 o wys\u0142anie kogo\u015b w zast\u0119pstwie. Prosz\u0119 r\u00f3wnie\u017c o zwrot wszystkich komplet\u00f3w ksi\u0105\u017cek ucznia, a tak\u017ce o sprawdzenie czy s\u0105 one podpisane.<\/p>\n<p style=\"text-align: right;\">Dyrektor szko\u0142y Maria Kluge<\/p>\n","protected":false},"excerpt":{"rendered":"<p>W zwi\u0105zku z konieczno\u015bci\u0105 zwrotu podr\u0119cznik\u00f3w ustalone zosta\u0142y zasady przekazania ich do szko\u0142y. W tym roku szkolnym to rodzice b\u0119d\u0105 odpowiedzialni za zwrot ksi\u0105\u017cek. Podr\u0119czniki przyjmowane b\u0119d\u0105 przez wychowawc\u00f3w klasowych na dolnym korytarzu wed\u0142ug nast\u0119puj\u0105cego harmonogramu: 15 czerwca, godz. 8.00 &#8211; 9.00 \u00a0&#8211; podr\u0119czniki do klasy I, II, III godz. 10.00 -11.00 &#8211; podr\u0119czniki do [&hellip;]<\/p>\n","protected":false},"author":1,"featured_media":4211,"comment_status":"closed","ping_status":"closed","sticky":false,"template":"","format":"standard","meta":{"footnotes":""},"categories":[5],"tags":[],"class_list":["post-5057","post","type-post","status-publish","format-standard","has-post-thumbnail","hentry","category-s-p-bielsk"],"_links":{"self":[{"href":"https:\/\/spbielsk.pl\/index.php?rest_route=\/wp\/v2\/posts\/5057","targetHints":{"allow":["GET"]}}],"collection":[{"href":"https:\/\/spbielsk.pl\/index.php?rest_route=\/wp\/v2\/posts"}],"about":[{"href":"https:\/\/spbielsk.pl\/index.php?rest_route=\/wp\/v2\/types\/post"}],"author":[{"embeddable":true,"href":"https:\/\/spbielsk.pl\/index.php?rest_route=\/wp\/v2\/users\/1"}],"replies":[{"embeddable":true,"href":"https:\/\/spbielsk.pl\/index.php?rest_route=%2Fwp%2Fv2%2Fcomments&post=5057"}],"version-history":[{"count":5,"href":"https:\/\/spbielsk.pl\/index.php?rest_route=\/wp\/v2\/posts\/5057\/revisions"}],"predecessor-version":[{"id":5062,"href":"https:\/\/spbielsk.pl\/index.php?rest_route=\/wp\/v2\/posts\/5057\/revisions\/5062"}],"wp:featuredmedia":[{"embeddable":true,"href":"https:\/\/spbielsk.pl\/index.php?rest_route=\/wp\/v2\/media\/4211"}],"wp:attachment":[{"href":"https:\/\/spbielsk.pl\/index.php?rest_route=%2Fwp%2Fv2%2Fmedia&parent=5057"}],"wp:term":[{"taxonomy":"category","embeddable":true,"href":"https:\/\/spbielsk.pl\/index.php?rest_route=%2Fwp%2Fv2%2Fcategories&post=5057"},{"taxonomy":"post_tag","embeddable":true,"href":"https:\/\/spbielsk.pl\/index.php?rest_route=%2Fwp%2Fv2%2Ftags&post=5057"}],"curies":[{"name":"wp","href":"https:\/\/api.w.org\/{rel}","templated":true}]}}