{"id":4911,"date":"2020-01-31T12:05:21","date_gmt":"2020-01-31T11:05:21","guid":{"rendered":"http:\/\/spbielsk.pl\/?p=4911"},"modified":"2020-02-03T07:40:17","modified_gmt":"2020-02-03T06:40:17","slug":"zebranie-z-rodzicami-2","status":"publish","type":"post","link":"https:\/\/spbielsk.pl\/?p=4911","title":{"rendered":"Zebranie z rodzicami"},"content":{"rendered":"<p style=\"text-align: center;\">Wszystkie zebrania odb\u0119d\u0105 si\u0119 o godzinie 16.00.<\/p>\n<p style=\"text-align: center;\"><a href=\"http:\/\/spbielsk.pl\/wp-content\/uploads\/2020\/01\/zebran2020-sty.jpg\" rel=\"lightbox[4911]\"><img fetchpriority=\"high\" decoding=\"async\" class=\"aligncenter wp-image-4912 size-medium\" src=\"http:\/\/spbielsk.pl\/wp-content\/uploads\/2020\/01\/zebran2020-sty-283x300.jpg\" alt=\"\" width=\"283\" height=\"300\" srcset=\"https:\/\/spbielsk.pl\/wp-content\/uploads\/2020\/01\/zebran2020-sty-283x300.jpg 283w, https:\/\/spbielsk.pl\/wp-content\/uploads\/2020\/01\/zebran2020-sty.jpg 461w\" sizes=\"(max-width: 283px) 100vw, 283px\" \/><\/a><\/p>\n<p style=\"text-align: center;\">Dy\u017cur logopedy i psychologa szkolnego &#8211; 3.02.2020r. (poniedzia\u0142ek), w godzinach 15:10 &#8211; 16:00.<\/p>\n<p style=\"text-align: center;\">Dy\u017cur pedagoga szkolnego &#8211; 4.02.2020r. (wtorek), w godzinach 15:10 &#8211; 16:00.<\/p>\n","protected":false},"excerpt":{"rendered":"<p>Wszystkie zebrania odb\u0119d\u0105 si\u0119 o godzinie 16.00. Dy\u017cur logopedy i psychologa szkolnego &#8211; 3.02.2020r. (poniedzia\u0142ek), w godzinach 15:10 &#8211; 16:00. Dy\u017cur pedagoga szkolnego &#8211; 4.02.2020r. (wtorek), w godzinach 15:10 &#8211; 16:00.<\/p>\n","protected":false},"author":1,"featured_media":0,"comment_status":"closed","ping_status":"closed","sticky":false,"template":"","format":"standard","meta":{"footnotes":""},"categories":[5],"tags":[],"class_list":["post-4911","post","type-post","status-publish","format-standard","hentry","category-s-p-bielsk"],"_links":{"self":[{"href":"https:\/\/spbielsk.pl\/index.php?rest_route=\/wp\/v2\/posts\/4911","targetHints":{"allow":["GET"]}}],"collection":[{"href":"https:\/\/spbielsk.pl\/index.php?rest_route=\/wp\/v2\/posts"}],"about":[{"href":"https:\/\/spbielsk.pl\/index.php?rest_route=\/wp\/v2\/types\/post"}],"author":[{"embeddable":true,"href":"https:\/\/spbielsk.pl\/index.php?rest_route=\/wp\/v2\/users\/1"}],"replies":[{"embeddable":true,"href":"https:\/\/spbielsk.pl\/index.php?rest_route=%2Fwp%2Fv2%2Fcomments&post=4911"}],"version-history":[{"count":3,"href":"https:\/\/spbielsk.pl\/index.php?rest_route=\/wp\/v2\/posts\/4911\/revisions"}],"predecessor-version":[{"id":4915,"href":"https:\/\/spbielsk.pl\/index.php?rest_route=\/wp\/v2\/posts\/4911\/revisions\/4915"}],"wp:attachment":[{"href":"https:\/\/spbielsk.pl\/index.php?rest_route=%2Fwp%2Fv2%2Fmedia&parent=4911"}],"wp:term":[{"taxonomy":"category","embeddable":true,"href":"https:\/\/spbielsk.pl\/index.php?rest_route=%2Fwp%2Fv2%2Fcategories&post=4911"},{"taxonomy":"post_tag","embeddable":true,"href":"https:\/\/spbielsk.pl\/index.php?rest_route=%2Fwp%2Fv2%2Ftags&post=4911"}],"curies":[{"name":"wp","href":"https:\/\/api.w.org\/{rel}","templated":true}]}}