{"id":4907,"date":"2020-01-30T17:28:10","date_gmt":"2020-01-30T16:28:10","guid":{"rendered":"http:\/\/spbielsk.pl\/?p=4907"},"modified":"2020-01-30T17:28:10","modified_gmt":"2020-01-30T16:28:10","slug":"koci-przyjaciele-konkurs","status":"publish","type":"post","link":"https:\/\/spbielsk.pl\/?p=4907","title":{"rendered":"Koci przyjaciele &#8211; Konkurs!"},"content":{"rendered":"<p>Serdecznie zapraszamy dzieci przedszkolne oraz wczesnoszkolne do udzia\u0142u w konkursie plastycznym organizowanym w ramach obchod\u00f3w Dnia Kota. (17 lutego).<br \/>\n<strong>\u201eKoci przyjaciele\u201d<br \/>\n<\/strong>Konkurs skierowany jest do przedszkolak\u00f3w oraz uczni\u00f3w klas I-III Szko\u0142y Podstawowej z terenu Gminy Bielsk.<\/p>\n<p><!--more-->Celem konkursu jest:<\/p>\n<ul>\n<li>Uczenie dzieci szacunku do zwierz\u0105t<\/li>\n<li>Rozwijanie uzdolnie\u0144 plastycznych<\/li>\n<li>Uwra\u017cliwianie na potrzeby zwierz\u0105t<\/li>\n<\/ul>\n<p>Uczniowie przygotowuj\u0105 prac\u0119 plastyczn\u0105, kt\u00f3rej g\u0142\u00f3wnym bohaterem jest <strong><u>KOT. <\/u><\/strong>Przygotowuj\u0105 prac\u0119 w formacie A3 dowoln\u0105 technik\u0105. Ka\u017cda praca musi by\u0107 opisana na odwrocie drukowanym pismem: Imi\u0119 i nazwisko , klasa, nazwa szko\u0142y. Jeden uczestnik mo\u017ce z\u0142o\u017cy\u0107 tylko jedn\u0105 prac\u0119.<br \/>\nPrace nale\u017cy z\u0142o\u017cy\u0107 osobi\u015bcie lub przes\u0142a\u0107 poczt\u0105 do organizator\u00f3w, z dopiskiem Konkurs plastyczny- \u201eKoci przyjaciele\u201d do 26.02.2020r. Rozstrzygni\u0119cie konkursu nast\u0105pi 2.03.2020r.<\/p>\n<p>Zach\u0119camy r\u00f3wnie\u017c do zbi\u00f3rki karmy w obr\u0119bie plac\u00f3wki. Zebran\u0105 karm\u0119 r\u00f3wnie\u017c prosz\u0119 dostarcza\u0107 do organizator\u00f3w. Dla szko\u0142y lub przedszkola, kt\u00f3re zbierze najwi\u0119ksz\u0105 ilo\u015b\u0107 karmy przygotujemy nagrod\u0119.<\/p>\n<p>Regulamin konkursu dost\u0119pny na stronie: www.spbielsk.pl oraz http:\/\/bielsk.home.pl\/autoinstalator\/wordpress\/<\/p>\n<p><strong><u>Organizatorami konkursu s\u0105:<\/u><\/strong><\/p>\n<p>Gminna Biblioteka Publiczna w Bielsku<br \/>\nSzko\u0142a Podstawowa im. W\u0142adys\u0142awa Broniewskiego w Bielsku<\/p>\n<p style=\"text-align: center;\"><a href=\"https:\/\/drive.google.com\/file\/d\/1Y0h8LcjlKOOCtl-pWnSoufL8sMxdkqBo\/view?usp=sharing\"><strong>Regulamin konkursu<\/strong><\/a><\/p>\n","protected":false},"excerpt":{"rendered":"<p>Serdecznie zapraszamy dzieci przedszkolne oraz wczesnoszkolne do udzia\u0142u w konkursie plastycznym organizowanym w ramach obchod\u00f3w Dnia Kota. (17 lutego). \u201eKoci przyjaciele\u201d Konkurs skierowany jest do przedszkolak\u00f3w oraz uczni\u00f3w klas I-III Szko\u0142y Podstawowej z terenu Gminy Bielsk.<\/p>\n","protected":false},"author":1,"featured_media":4908,"comment_status":"closed","ping_status":"closed","sticky":false,"template":"","format":"standard","meta":{"footnotes":""},"categories":[5],"tags":[],"class_list":["post-4907","post","type-post","status-publish","format-standard","has-post-thumbnail","hentry","category-s-p-bielsk"],"_links":{"self":[{"href":"https:\/\/spbielsk.pl\/index.php?rest_route=\/wp\/v2\/posts\/4907","targetHints":{"allow":["GET"]}}],"collection":[{"href":"https:\/\/spbielsk.pl\/index.php?rest_route=\/wp\/v2\/posts"}],"about":[{"href":"https:\/\/spbielsk.pl\/index.php?rest_route=\/wp\/v2\/types\/post"}],"author":[{"embeddable":true,"href":"https:\/\/spbielsk.pl\/index.php?rest_route=\/wp\/v2\/users\/1"}],"replies":[{"embeddable":true,"href":"https:\/\/spbielsk.pl\/index.php?rest_route=%2Fwp%2Fv2%2Fcomments&post=4907"}],"version-history":[{"count":1,"href":"https:\/\/spbielsk.pl\/index.php?rest_route=\/wp\/v2\/posts\/4907\/revisions"}],"predecessor-version":[{"id":4909,"href":"https:\/\/spbielsk.pl\/index.php?rest_route=\/wp\/v2\/posts\/4907\/revisions\/4909"}],"wp:featuredmedia":[{"embeddable":true,"href":"https:\/\/spbielsk.pl\/index.php?rest_route=\/wp\/v2\/media\/4908"}],"wp:attachment":[{"href":"https:\/\/spbielsk.pl\/index.php?rest_route=%2Fwp%2Fv2%2Fmedia&parent=4907"}],"wp:term":[{"taxonomy":"category","embeddable":true,"href":"https:\/\/spbielsk.pl\/index.php?rest_route=%2Fwp%2Fv2%2Fcategories&post=4907"},{"taxonomy":"post_tag","embeddable":true,"href":"https:\/\/spbielsk.pl\/index.php?rest_route=%2Fwp%2Fv2%2Ftags&post=4907"}],"curies":[{"name":"wp","href":"https:\/\/api.w.org\/{rel}","templated":true}]}}