{"id":4887,"date":"2020-01-27T09:24:40","date_gmt":"2020-01-27T08:24:40","guid":{"rendered":"http:\/\/spbielsk.pl\/?p=4887"},"modified":"2020-01-27T09:25:13","modified_gmt":"2020-01-27T08:25:13","slug":"bozonarodzeniowe-jaselka-parafialne","status":"publish","type":"post","link":"https:\/\/spbielsk.pl\/?p=4887","title":{"rendered":"BO\u017bONARODZENIOWE JASE\u0141KA  PARAFIALNE"},"content":{"rendered":"<p style=\"text-align: justify;\">19 stycznia 2020 r. uczniowie naszej szko\u0142y w parafii pod wezwaniem \u015bw. Jana Chrzciciela w Bielsku wystawili jase\u0142ka.<br \/>\nG\u0142\u00f3wnym zamys\u0142em przedstawienia by\u0142o ukazanie istoty \u015bwi\u0105t. Dzielenie si\u0119 warto\u015bciami duchowymi: czasem, u\u015bmiechem, dobrym s\u0142owem, a nie tylko dobrami materialnymi.<br \/>\n\u015awi\u0119ta zazwyczaj kojarz\u0105 si\u0119 z po\u015bpiechem, galeriami, prezentami, zakupami\u2026 Tw\u00f3rcy przedstawienia chcieli sprowokowa\u0107 do przemy\u015ble\u0144 i wyci\u0105gni\u0119cia pewnych wniosk\u00f3w, \u017ce ka\u017cde \u015bwi\u0119to, to jest jakie\u015b sacrum nad kt\u00f3rym, w tym \u015bwi\u0105tecznym ferworze trzeba si\u0119 zatrzyma\u0107 i pochyli\u0107. Zastanowi\u0107 si\u0119, co jest najwa\u017cniejsze i odnale\u017a\u0107 ducha \u015bwi\u0105t.<br \/>\n<!--more-->Ten wymiar duchowy jest najistotniejszy. Ostatecznie na stole wigilijnym mo\u017ce pojawi\u0107 si\u0119 tylko zupa i chleb, ale wa\u017cniejsze jest to, \u017ceby nie zabrak\u0142o bogactwa duchowego i mi\u0142o\u015bci, kt\u00f3re przez ca\u0142y rok powinny by\u0107 piel\u0119gnowane, a sw\u00f3j szczeg\u00f3lny wyraz ma to w\u0142a\u015bnie w \u015bwi\u0119ta Bo\u017cego Narodzenia.<br \/>\nPrzedstawienie ubogaci\u0142 \u015bpiew kol\u0119d, kt\u00f3re wykona\u0142y nasze ch\u00f3rzystki pod kierunkiem pa\u0144stwa Joanny i Marka Siemieniec.<br \/>\nJase\u0142ka zosta\u0142y przygotowane przez uczni\u00f3w pod kierunkiem ks.Kamila Kozakowskiego, p. Renat\u0119 Dymek,p. Ma\u0142gorzat\u0119 Maruszewsk\u0105.<br \/>\nDzi\u0119kujemy wszystkim, kt\u00f3rzy w jakikolwiek spos\u00f3b pomogli w tym przedsi\u0119wzi\u0119ciu.<\/p>\n<p style=\"text-align: right;\">M. Maruszewska<\/p>\n<p style=\"text-align: center;\">\r\n<div class=\"ngg-galleryoverview\" id=\"ngg-gallery-549-4887\">\r\n\r\n\t<!-- Slideshow link -->\r\n\t<div class=\"slideshowlink\">\r\n\t\t<a class=\"slideshowlink\" href=\"https:\/\/spbielsk.pl\/?p=4887&amp;show=slide\">\r\n\t\t\t[Show slideshow]\t\t<\/a>\r\n\t<\/div>\r\n\r\n\t\r\n\t<!-- Thumbnails -->\r\n\t\t\r\n\t<div id=\"ngg-image-15482\" class=\"ngg-gallery-thumbnail-box\"  >\r\n\t\t<div class=\"ngg-gallery-thumbnail\" >\r\n\t\t\t<a href=\"https:\/\/spbielsk.pl\/wp-content\/gallery\/jaselka-parafialne-sty-2020\/20200118_160901.jpg\" title=\" \"   rel=\"lightbox[4887]\">\r\n\t\t\t\t\t\t\t\t<img decoding=\"async\" title=\"20200118_160901\" alt=\"20200118_160901\" src=\"https:\/\/spbielsk.pl\/wp-content\/gallery\/jaselka-parafialne-sty-2020\/thumbs\/thumbs_20200118_160901.jpg\" width=\"120\" height=\"90\" \/>\r\n\t\t\t\t\t\t\t<\/a>\r\n\t\t<\/div>\r\n\t<\/div>\r\n\t\r\n\t\t\r\n \t\t\r\n\t<div id=\"ngg-image-15483\" class=\"ngg-gallery-thumbnail-box\"  >\r\n\t\t<div class=\"ngg-gallery-thumbnail\" >\r\n\t\t\t<a href=\"https:\/\/spbielsk.pl\/wp-content\/gallery\/jaselka-parafialne-sty-2020\/20200118_160912.jpg\" title=\" \"   rel=\"lightbox[4887]\">\r\n\t\t\t\t\t\t\t\t<img decoding=\"async\" title=\"20200118_160912\" alt=\"20200118_160912\" src=\"https:\/\/spbielsk.pl\/wp-content\/gallery\/jaselka-parafialne-sty-2020\/thumbs\/thumbs_20200118_160912.jpg\" width=\"120\" height=\"90\" \/>\r\n\t\t\t\t\t\t\t<\/a>\r\n\t\t<\/div>\r\n\t<\/div>\r\n\t\r\n\t\t\r\n \t\t\r\n\t<div id=\"ngg-image-15484\" class=\"ngg-gallery-thumbnail-box\"  >\r\n\t\t<div class=\"ngg-gallery-thumbnail\" >\r\n\t\t\t<a href=\"https:\/\/spbielsk.pl\/wp-content\/gallery\/jaselka-parafialne-sty-2020\/20200118_160950.jpg\" title=\" \"   rel=\"lightbox[4887]\">\r\n\t\t\t\t\t\t\t\t<img decoding=\"async\" title=\"20200118_160950\" alt=\"20200118_160950\" src=\"https:\/\/spbielsk.pl\/wp-content\/gallery\/jaselka-parafialne-sty-2020\/thumbs\/thumbs_20200118_160950.jpg\" width=\"120\" height=\"90\" \/>\r\n\t\t\t\t\t\t\t<\/a>\r\n\t\t<\/div>\r\n\t<\/div>\r\n\t\r\n\t\t\r\n \t\t\r\n\t<div id=\"ngg-image-15485\" class=\"ngg-gallery-thumbnail-box\"  >\r\n\t\t<div class=\"ngg-gallery-thumbnail\" >\r\n\t\t\t<a href=\"https:\/\/spbielsk.pl\/wp-content\/gallery\/jaselka-parafialne-sty-2020\/20200119_123715.jpg\" title=\" \"   rel=\"lightbox[4887]\">\r\n\t\t\t\t\t\t\t\t<img loading=\"lazy\" decoding=\"async\" title=\"20200119_123715\" alt=\"20200119_123715\" src=\"https:\/\/spbielsk.pl\/wp-content\/gallery\/jaselka-parafialne-sty-2020\/thumbs\/thumbs_20200119_123715.jpg\" width=\"120\" height=\"90\" \/>\r\n\t\t\t\t\t\t\t<\/a>\r\n\t\t<\/div>\r\n\t<\/div>\r\n\t\r\n\t\t\r\n \t\t\r\n\t<div id=\"ngg-image-15486\" class=\"ngg-gallery-thumbnail-box\"  >\r\n\t\t<div class=\"ngg-gallery-thumbnail\" >\r\n\t\t\t<a href=\"https:\/\/spbielsk.pl\/wp-content\/gallery\/jaselka-parafialne-sty-2020\/20200119_123723.jpg\" title=\" \"   rel=\"lightbox[4887]\">\r\n\t\t\t\t\t\t\t\t<img loading=\"lazy\" decoding=\"async\" title=\"20200119_123723\" alt=\"20200119_123723\" src=\"https:\/\/spbielsk.pl\/wp-content\/gallery\/jaselka-parafialne-sty-2020\/thumbs\/thumbs_20200119_123723.jpg\" width=\"120\" height=\"90\" \/>\r\n\t\t\t\t\t\t\t<\/a>\r\n\t\t<\/div>\r\n\t<\/div>\r\n\t\r\n\t\t\r\n \t\t\r\n\t<div id=\"ngg-image-15487\" class=\"ngg-gallery-thumbnail-box\"  >\r\n\t\t<div class=\"ngg-gallery-thumbnail\" >\r\n\t\t\t<a href=\"https:\/\/spbielsk.pl\/wp-content\/gallery\/jaselka-parafialne-sty-2020\/20200119_123800.jpg\" title=\" \"   rel=\"lightbox[4887]\">\r\n\t\t\t\t\t\t\t\t<img loading=\"lazy\" decoding=\"async\" title=\"20200119_123800\" alt=\"20200119_123800\" src=\"https:\/\/spbielsk.pl\/wp-content\/gallery\/jaselka-parafialne-sty-2020\/thumbs\/thumbs_20200119_123800.jpg\" width=\"120\" height=\"90\" \/>\r\n\t\t\t\t\t\t\t<\/a>\r\n\t\t<\/div>\r\n\t<\/div>\r\n\t\r\n\t\t\r\n \t\t\r\n\t<div id=\"ngg-image-15488\" class=\"ngg-gallery-thumbnail-box\"  >\r\n\t\t<div class=\"ngg-gallery-thumbnail\" >\r\n\t\t\t<a href=\"https:\/\/spbielsk.pl\/wp-content\/gallery\/jaselka-parafialne-sty-2020\/20200119_123803.jpg\" title=\" \"   rel=\"lightbox[4887]\">\r\n\t\t\t\t\t\t\t\t<img loading=\"lazy\" decoding=\"async\" title=\"20200119_123803\" alt=\"20200119_123803\" src=\"https:\/\/spbielsk.pl\/wp-content\/gallery\/jaselka-parafialne-sty-2020\/thumbs\/thumbs_20200119_123803.jpg\" width=\"120\" height=\"90\" \/>\r\n\t\t\t\t\t\t\t<\/a>\r\n\t\t<\/div>\r\n\t<\/div>\r\n\t\r\n\t\t\r\n \t\t\r\n\t<div id=\"ngg-image-15489\" class=\"ngg-gallery-thumbnail-box\"  >\r\n\t\t<div class=\"ngg-gallery-thumbnail\" >\r\n\t\t\t<a href=\"https:\/\/spbielsk.pl\/wp-content\/gallery\/jaselka-parafialne-sty-2020\/20200119_123821.jpg\" title=\" \"   rel=\"lightbox[4887]\">\r\n\t\t\t\t\t\t\t\t<img loading=\"lazy\" decoding=\"async\" title=\"20200119_123821\" alt=\"20200119_123821\" src=\"https:\/\/spbielsk.pl\/wp-content\/gallery\/jaselka-parafialne-sty-2020\/thumbs\/thumbs_20200119_123821.jpg\" width=\"120\" height=\"90\" \/>\r\n\t\t\t\t\t\t\t<\/a>\r\n\t\t<\/div>\r\n\t<\/div>\r\n\t\r\n\t\t\r\n \t\t\r\n\t<div id=\"ngg-image-15490\" class=\"ngg-gallery-thumbnail-box\"  >\r\n\t\t<div class=\"ngg-gallery-thumbnail\" >\r\n\t\t\t<a href=\"https:\/\/spbielsk.pl\/wp-content\/gallery\/jaselka-parafialne-sty-2020\/20200119_123945.jpg\" title=\" \"   rel=\"lightbox[4887]\">\r\n\t\t\t\t\t\t\t\t<img loading=\"lazy\" decoding=\"async\" title=\"20200119_123945\" alt=\"20200119_123945\" src=\"https:\/\/spbielsk.pl\/wp-content\/gallery\/jaselka-parafialne-sty-2020\/thumbs\/thumbs_20200119_123945.jpg\" width=\"120\" height=\"90\" \/>\r\n\t\t\t\t\t\t\t<\/a>\r\n\t\t<\/div>\r\n\t<\/div>\r\n\t\r\n\t\t\r\n \t\t\r\n\t<div id=\"ngg-image-15491\" class=\"ngg-gallery-thumbnail-box\"  >\r\n\t\t<div class=\"ngg-gallery-thumbnail\" >\r\n\t\t\t<a href=\"https:\/\/spbielsk.pl\/wp-content\/gallery\/jaselka-parafialne-sty-2020\/20200119_124024.jpg\" title=\" \"   rel=\"lightbox[4887]\">\r\n\t\t\t\t\t\t\t\t<img loading=\"lazy\" decoding=\"async\" title=\"20200119_124024\" alt=\"20200119_124024\" src=\"https:\/\/spbielsk.pl\/wp-content\/gallery\/jaselka-parafialne-sty-2020\/thumbs\/thumbs_20200119_124024.jpg\" width=\"120\" height=\"90\" \/>\r\n\t\t\t\t\t\t\t<\/a>\r\n\t\t<\/div>\r\n\t<\/div>\r\n\t\r\n\t\t\r\n \t\t\r\n\t<div id=\"ngg-image-15492\" class=\"ngg-gallery-thumbnail-box\"  >\r\n\t\t<div class=\"ngg-gallery-thumbnail\" >\r\n\t\t\t<a href=\"https:\/\/spbielsk.pl\/wp-content\/gallery\/jaselka-parafialne-sty-2020\/20200119_124037.jpg\" title=\" \"   rel=\"lightbox[4887]\">\r\n\t\t\t\t\t\t\t\t<img loading=\"lazy\" decoding=\"async\" title=\"20200119_124037\" alt=\"20200119_124037\" src=\"https:\/\/spbielsk.pl\/wp-content\/gallery\/jaselka-parafialne-sty-2020\/thumbs\/thumbs_20200119_124037.jpg\" width=\"120\" height=\"90\" \/>\r\n\t\t\t\t\t\t\t<\/a>\r\n\t\t<\/div>\r\n\t<\/div>\r\n\t\r\n\t\t\r\n \t\t\r\n\t<div id=\"ngg-image-15493\" class=\"ngg-gallery-thumbnail-box\"  >\r\n\t\t<div class=\"ngg-gallery-thumbnail\" >\r\n\t\t\t<a href=\"https:\/\/spbielsk.pl\/wp-content\/gallery\/jaselka-parafialne-sty-2020\/20200119_124326.jpg\" title=\" \"   rel=\"lightbox[4887]\">\r\n\t\t\t\t\t\t\t\t<img loading=\"lazy\" decoding=\"async\" title=\"20200119_124326\" alt=\"20200119_124326\" src=\"https:\/\/spbielsk.pl\/wp-content\/gallery\/jaselka-parafialne-sty-2020\/thumbs\/thumbs_20200119_124326.jpg\" width=\"120\" height=\"90\" \/>\r\n\t\t\t\t\t\t\t<\/a>\r\n\t\t<\/div>\r\n\t<\/div>\r\n\t\r\n\t\t\r\n \t\t\r\n\t<div id=\"ngg-image-15494\" class=\"ngg-gallery-thumbnail-box\"  >\r\n\t\t<div class=\"ngg-gallery-thumbnail\" >\r\n\t\t\t<a href=\"https:\/\/spbielsk.pl\/wp-content\/gallery\/jaselka-parafialne-sty-2020\/20200119_124528.jpg\" title=\" \"   rel=\"lightbox[4887]\">\r\n\t\t\t\t\t\t\t\t<img loading=\"lazy\" decoding=\"async\" title=\"20200119_124528\" alt=\"20200119_124528\" src=\"https:\/\/spbielsk.pl\/wp-content\/gallery\/jaselka-parafialne-sty-2020\/thumbs\/thumbs_20200119_124528.jpg\" width=\"120\" height=\"90\" \/>\r\n\t\t\t\t\t\t\t<\/a>\r\n\t\t<\/div>\r\n\t<\/div>\r\n\t\r\n\t\t\r\n \t\t\r\n\t<div id=\"ngg-image-15495\" class=\"ngg-gallery-thumbnail-box\"  >\r\n\t\t<div class=\"ngg-gallery-thumbnail\" >\r\n\t\t\t<a href=\"https:\/\/spbielsk.pl\/wp-content\/gallery\/jaselka-parafialne-sty-2020\/20200119_124918.jpg\" title=\" \"   rel=\"lightbox[4887]\">\r\n\t\t\t\t\t\t\t\t<img loading=\"lazy\" decoding=\"async\" title=\"20200119_124918\" alt=\"20200119_124918\" src=\"https:\/\/spbielsk.pl\/wp-content\/gallery\/jaselka-parafialne-sty-2020\/thumbs\/thumbs_20200119_124918.jpg\" width=\"120\" height=\"90\" \/>\r\n\t\t\t\t\t\t\t<\/a>\r\n\t\t<\/div>\r\n\t<\/div>\r\n\t\r\n\t\t\r\n \t\t\r\n\t<div id=\"ngg-image-15496\" class=\"ngg-gallery-thumbnail-box\"  >\r\n\t\t<div class=\"ngg-gallery-thumbnail\" >\r\n\t\t\t<a href=\"https:\/\/spbielsk.pl\/wp-content\/gallery\/jaselka-parafialne-sty-2020\/20200119_124957.jpg\" title=\" \"   rel=\"lightbox[4887]\">\r\n\t\t\t\t\t\t\t\t<img loading=\"lazy\" decoding=\"async\" title=\"20200119_124957\" alt=\"20200119_124957\" src=\"https:\/\/spbielsk.pl\/wp-content\/gallery\/jaselka-parafialne-sty-2020\/thumbs\/thumbs_20200119_124957.jpg\" width=\"120\" height=\"90\" \/>\r\n\t\t\t\t\t\t\t<\/a>\r\n\t\t<\/div>\r\n\t<\/div>\r\n\t\r\n\t\t\r\n \t\t\r\n\t<div id=\"ngg-image-15497\" class=\"ngg-gallery-thumbnail-box\"  >\r\n\t\t<div class=\"ngg-gallery-thumbnail\" >\r\n\t\t\t<a href=\"https:\/\/spbielsk.pl\/wp-content\/gallery\/jaselka-parafialne-sty-2020\/20200119_125107.jpg\" title=\" \"   rel=\"lightbox[4887]\">\r\n\t\t\t\t\t\t\t\t<img loading=\"lazy\" decoding=\"async\" title=\"20200119_125107\" alt=\"20200119_125107\" src=\"https:\/\/spbielsk.pl\/wp-content\/gallery\/jaselka-parafialne-sty-2020\/thumbs\/thumbs_20200119_125107.jpg\" width=\"120\" height=\"90\" \/>\r\n\t\t\t\t\t\t\t<\/a>\r\n\t\t<\/div>\r\n\t<\/div>\r\n\t\r\n\t\t\r\n \t\t\r\n\t<div id=\"ngg-image-15498\" class=\"ngg-gallery-thumbnail-box\"  >\r\n\t\t<div class=\"ngg-gallery-thumbnail\" >\r\n\t\t\t<a href=\"https:\/\/spbielsk.pl\/wp-content\/gallery\/jaselka-parafialne-sty-2020\/20200119_125111.jpg\" title=\" \"   rel=\"lightbox[4887]\">\r\n\t\t\t\t\t\t\t\t<img loading=\"lazy\" decoding=\"async\" title=\"20200119_125111\" alt=\"20200119_125111\" src=\"https:\/\/spbielsk.pl\/wp-content\/gallery\/jaselka-parafialne-sty-2020\/thumbs\/thumbs_20200119_125111.jpg\" width=\"120\" height=\"90\" \/>\r\n\t\t\t\t\t\t\t<\/a>\r\n\t\t<\/div>\r\n\t<\/div>\r\n\t\r\n\t\t\r\n \t\t\r\n\t<div id=\"ngg-image-15499\" class=\"ngg-gallery-thumbnail-box\"  >\r\n\t\t<div class=\"ngg-gallery-thumbnail\" >\r\n\t\t\t<a href=\"https:\/\/spbielsk.pl\/wp-content\/gallery\/jaselka-parafialne-sty-2020\/20200119_125133.jpg\" title=\" \"   rel=\"lightbox[4887]\">\r\n\t\t\t\t\t\t\t\t<img loading=\"lazy\" decoding=\"async\" title=\"20200119_125133\" alt=\"20200119_125133\" src=\"https:\/\/spbielsk.pl\/wp-content\/gallery\/jaselka-parafialne-sty-2020\/thumbs\/thumbs_20200119_125133.jpg\" width=\"120\" height=\"90\" \/>\r\n\t\t\t\t\t\t\t<\/a>\r\n\t\t<\/div>\r\n\t<\/div>\r\n\t\r\n\t\t\r\n \t\t\r\n\t<div id=\"ngg-image-15500\" class=\"ngg-gallery-thumbnail-box\"  >\r\n\t\t<div class=\"ngg-gallery-thumbnail\" >\r\n\t\t\t<a href=\"https:\/\/spbielsk.pl\/wp-content\/gallery\/jaselka-parafialne-sty-2020\/20200119_125338.jpg\" title=\" \"   rel=\"lightbox[4887]\">\r\n\t\t\t\t\t\t\t\t<img loading=\"lazy\" decoding=\"async\" title=\"20200119_125338\" alt=\"20200119_125338\" src=\"https:\/\/spbielsk.pl\/wp-content\/gallery\/jaselka-parafialne-sty-2020\/thumbs\/thumbs_20200119_125338.jpg\" width=\"120\" height=\"90\" \/>\r\n\t\t\t\t\t\t\t<\/a>\r\n\t\t<\/div>\r\n\t<\/div>\r\n\t\r\n\t\t\r\n \t\t\r\n\t<div id=\"ngg-image-15501\" class=\"ngg-gallery-thumbnail-box\"  >\r\n\t\t<div class=\"ngg-gallery-thumbnail\" >\r\n\t\t\t<a href=\"https:\/\/spbielsk.pl\/wp-content\/gallery\/jaselka-parafialne-sty-2020\/20200119_125404.jpg\" title=\" \"   rel=\"lightbox[4887]\">\r\n\t\t\t\t\t\t\t\t<img loading=\"lazy\" decoding=\"async\" title=\"20200119_125404\" alt=\"20200119_125404\" src=\"https:\/\/spbielsk.pl\/wp-content\/gallery\/jaselka-parafialne-sty-2020\/thumbs\/thumbs_20200119_125404.jpg\" width=\"120\" height=\"90\" \/>\r\n\t\t\t\t\t\t\t<\/a>\r\n\t\t<\/div>\r\n\t<\/div>\r\n\t\r\n\t\t\r\n \t\t\r\n\t<div id=\"ngg-image-15502\" class=\"ngg-gallery-thumbnail-box\"  >\r\n\t\t<div class=\"ngg-gallery-thumbnail\" >\r\n\t\t\t<a href=\"https:\/\/spbielsk.pl\/wp-content\/gallery\/jaselka-parafialne-sty-2020\/20200119_125635.jpg\" title=\" \"   rel=\"lightbox[4887]\">\r\n\t\t\t\t\t\t\t\t<img loading=\"lazy\" decoding=\"async\" title=\"20200119_125635\" alt=\"20200119_125635\" src=\"https:\/\/spbielsk.pl\/wp-content\/gallery\/jaselka-parafialne-sty-2020\/thumbs\/thumbs_20200119_125635.jpg\" width=\"120\" height=\"90\" \/>\r\n\t\t\t\t\t\t\t<\/a>\r\n\t\t<\/div>\r\n\t<\/div>\r\n\t\r\n\t\t\r\n \t\t\r\n\t<div id=\"ngg-image-15503\" class=\"ngg-gallery-thumbnail-box\"  >\r\n\t\t<div class=\"ngg-gallery-thumbnail\" >\r\n\t\t\t<a href=\"https:\/\/spbielsk.pl\/wp-content\/gallery\/jaselka-parafialne-sty-2020\/20200119_125640.jpg\" title=\" \"   rel=\"lightbox[4887]\">\r\n\t\t\t\t\t\t\t\t<img loading=\"lazy\" decoding=\"async\" title=\"20200119_125640\" alt=\"20200119_125640\" src=\"https:\/\/spbielsk.pl\/wp-content\/gallery\/jaselka-parafialne-sty-2020\/thumbs\/thumbs_20200119_125640.jpg\" width=\"120\" height=\"90\" \/>\r\n\t\t\t\t\t\t\t<\/a>\r\n\t\t<\/div>\r\n\t<\/div>\r\n\t\r\n\t\t\r\n \t\t\r\n\t<div id=\"ngg-image-15504\" class=\"ngg-gallery-thumbnail-box\"  >\r\n\t\t<div class=\"ngg-gallery-thumbnail\" >\r\n\t\t\t<a href=\"https:\/\/spbielsk.pl\/wp-content\/gallery\/jaselka-parafialne-sty-2020\/20200119_125648.jpg\" title=\" \"   rel=\"lightbox[4887]\">\r\n\t\t\t\t\t\t\t\t<img loading=\"lazy\" decoding=\"async\" title=\"20200119_125648\" alt=\"20200119_125648\" src=\"https:\/\/spbielsk.pl\/wp-content\/gallery\/jaselka-parafialne-sty-2020\/thumbs\/thumbs_20200119_125648.jpg\" width=\"120\" height=\"90\" \/>\r\n\t\t\t\t\t\t\t<\/a>\r\n\t\t<\/div>\r\n\t<\/div>\r\n\t\r\n\t\t\r\n \t\t\r\n\t<div id=\"ngg-image-15505\" class=\"ngg-gallery-thumbnail-box\"  >\r\n\t\t<div class=\"ngg-gallery-thumbnail\" >\r\n\t\t\t<a href=\"https:\/\/spbielsk.pl\/wp-content\/gallery\/jaselka-parafialne-sty-2020\/20200119_125721.jpg\" title=\" \"   rel=\"lightbox[4887]\">\r\n\t\t\t\t\t\t\t\t<img loading=\"lazy\" decoding=\"async\" title=\"20200119_125721\" alt=\"20200119_125721\" src=\"https:\/\/spbielsk.pl\/wp-content\/gallery\/jaselka-parafialne-sty-2020\/thumbs\/thumbs_20200119_125721.jpg\" width=\"120\" height=\"90\" \/>\r\n\t\t\t\t\t\t\t<\/a>\r\n\t\t<\/div>\r\n\t<\/div>\r\n\t\r\n\t\t\r\n \t\t\r\n\t<div id=\"ngg-image-15506\" class=\"ngg-gallery-thumbnail-box\"  >\r\n\t\t<div class=\"ngg-gallery-thumbnail\" >\r\n\t\t\t<a href=\"https:\/\/spbielsk.pl\/wp-content\/gallery\/jaselka-parafialne-sty-2020\/20200119_125827.jpg\" title=\" \"   rel=\"lightbox[4887]\">\r\n\t\t\t\t\t\t\t\t<img loading=\"lazy\" decoding=\"async\" title=\"20200119_125827\" alt=\"20200119_125827\" src=\"https:\/\/spbielsk.pl\/wp-content\/gallery\/jaselka-parafialne-sty-2020\/thumbs\/thumbs_20200119_125827.jpg\" width=\"120\" height=\"90\" \/>\r\n\t\t\t\t\t\t\t<\/a>\r\n\t\t<\/div>\r\n\t<\/div>\r\n\t\r\n\t\t\r\n \t\t\r\n\t<div id=\"ngg-image-15507\" class=\"ngg-gallery-thumbnail-box\"  >\r\n\t\t<div class=\"ngg-gallery-thumbnail\" >\r\n\t\t\t<a href=\"https:\/\/spbielsk.pl\/wp-content\/gallery\/jaselka-parafialne-sty-2020\/20200119_125833.jpg\" title=\" \"   rel=\"lightbox[4887]\">\r\n\t\t\t\t\t\t\t\t<img loading=\"lazy\" decoding=\"async\" title=\"20200119_125833\" alt=\"20200119_125833\" src=\"https:\/\/spbielsk.pl\/wp-content\/gallery\/jaselka-parafialne-sty-2020\/thumbs\/thumbs_20200119_125833.jpg\" width=\"120\" height=\"90\" \/>\r\n\t\t\t\t\t\t\t<\/a>\r\n\t\t<\/div>\r\n\t<\/div>\r\n\t\r\n\t\t\r\n \t\t\r\n\t<div id=\"ngg-image-15508\" class=\"ngg-gallery-thumbnail-box\"  >\r\n\t\t<div class=\"ngg-gallery-thumbnail\" >\r\n\t\t\t<a href=\"https:\/\/spbielsk.pl\/wp-content\/gallery\/jaselka-parafialne-sty-2020\/20200119_125839.jpg\" title=\" \"   rel=\"lightbox[4887]\">\r\n\t\t\t\t\t\t\t\t<img loading=\"lazy\" decoding=\"async\" title=\"20200119_125839\" alt=\"20200119_125839\" src=\"https:\/\/spbielsk.pl\/wp-content\/gallery\/jaselka-parafialne-sty-2020\/thumbs\/thumbs_20200119_125839.jpg\" width=\"120\" height=\"90\" \/>\r\n\t\t\t\t\t\t\t<\/a>\r\n\t\t<\/div>\r\n\t<\/div>\r\n\t\r\n\t\t\r\n \t\t\r\n\t<div id=\"ngg-image-15509\" class=\"ngg-gallery-thumbnail-box\"  >\r\n\t\t<div class=\"ngg-gallery-thumbnail\" >\r\n\t\t\t<a href=\"https:\/\/spbielsk.pl\/wp-content\/gallery\/jaselka-parafialne-sty-2020\/20200119_125907.jpg\" title=\" \"   rel=\"lightbox[4887]\">\r\n\t\t\t\t\t\t\t\t<img loading=\"lazy\" decoding=\"async\" title=\"20200119_125907\" alt=\"20200119_125907\" src=\"https:\/\/spbielsk.pl\/wp-content\/gallery\/jaselka-parafialne-sty-2020\/thumbs\/thumbs_20200119_125907.jpg\" width=\"120\" height=\"90\" \/>\r\n\t\t\t\t\t\t\t<\/a>\r\n\t\t<\/div>\r\n\t<\/div>\r\n\t\r\n\t\t\r\n \t\t\r\n\t<div id=\"ngg-image-15510\" class=\"ngg-gallery-thumbnail-box\"  >\r\n\t\t<div class=\"ngg-gallery-thumbnail\" >\r\n\t\t\t<a href=\"https:\/\/spbielsk.pl\/wp-content\/gallery\/jaselka-parafialne-sty-2020\/20200119_125946.jpg\" title=\" \"   rel=\"lightbox[4887]\">\r\n\t\t\t\t\t\t\t\t<img loading=\"lazy\" decoding=\"async\" title=\"20200119_125946\" alt=\"20200119_125946\" src=\"https:\/\/spbielsk.pl\/wp-content\/gallery\/jaselka-parafialne-sty-2020\/thumbs\/thumbs_20200119_125946.jpg\" width=\"120\" height=\"90\" \/>\r\n\t\t\t\t\t\t\t<\/a>\r\n\t\t<\/div>\r\n\t<\/div>\r\n\t\r\n\t\t\r\n \t\t\r\n\t<div id=\"ngg-image-15511\" class=\"ngg-gallery-thumbnail-box\"  >\r\n\t\t<div class=\"ngg-gallery-thumbnail\" >\r\n\t\t\t<a href=\"https:\/\/spbielsk.pl\/wp-content\/gallery\/jaselka-parafialne-sty-2020\/20200119_125950.jpg\" title=\" \"   rel=\"lightbox[4887]\">\r\n\t\t\t\t\t\t\t\t<img loading=\"lazy\" decoding=\"async\" title=\"20200119_125950\" alt=\"20200119_125950\" src=\"https:\/\/spbielsk.pl\/wp-content\/gallery\/jaselka-parafialne-sty-2020\/thumbs\/thumbs_20200119_125950.jpg\" width=\"120\" height=\"90\" \/>\r\n\t\t\t\t\t\t\t<\/a>\r\n\t\t<\/div>\r\n\t<\/div>\r\n\t\r\n\t\t\r\n \t\t\r\n\t<div id=\"ngg-image-15512\" class=\"ngg-gallery-thumbnail-box\"  >\r\n\t\t<div class=\"ngg-gallery-thumbnail\" >\r\n\t\t\t<a href=\"https:\/\/spbielsk.pl\/wp-content\/gallery\/jaselka-parafialne-sty-2020\/20200119_130100.jpg\" title=\" \"   rel=\"lightbox[4887]\">\r\n\t\t\t\t\t\t\t\t<img loading=\"lazy\" decoding=\"async\" title=\"20200119_130100\" alt=\"20200119_130100\" src=\"https:\/\/spbielsk.pl\/wp-content\/gallery\/jaselka-parafialne-sty-2020\/thumbs\/thumbs_20200119_130100.jpg\" width=\"120\" height=\"90\" \/>\r\n\t\t\t\t\t\t\t<\/a>\r\n\t\t<\/div>\r\n\t<\/div>\r\n\t\r\n\t\t\r\n \t\t\r\n\t<div id=\"ngg-image-15513\" class=\"ngg-gallery-thumbnail-box\"  >\r\n\t\t<div class=\"ngg-gallery-thumbnail\" >\r\n\t\t\t<a href=\"https:\/\/spbielsk.pl\/wp-content\/gallery\/jaselka-parafialne-sty-2020\/20200119_130305.jpg\" title=\" \"   rel=\"lightbox[4887]\">\r\n\t\t\t\t\t\t\t\t<img loading=\"lazy\" decoding=\"async\" title=\"20200119_130305\" alt=\"20200119_130305\" src=\"https:\/\/spbielsk.pl\/wp-content\/gallery\/jaselka-parafialne-sty-2020\/thumbs\/thumbs_20200119_130305.jpg\" width=\"120\" height=\"90\" \/>\r\n\t\t\t\t\t\t\t<\/a>\r\n\t\t<\/div>\r\n\t<\/div>\r\n\t\r\n\t\t\r\n \t\t\r\n\t<div id=\"ngg-image-15514\" class=\"ngg-gallery-thumbnail-box\"  >\r\n\t\t<div class=\"ngg-gallery-thumbnail\" >\r\n\t\t\t<a href=\"https:\/\/spbielsk.pl\/wp-content\/gallery\/jaselka-parafialne-sty-2020\/20200119_130322.jpg\" title=\" \"   rel=\"lightbox[4887]\">\r\n\t\t\t\t\t\t\t\t<img loading=\"lazy\" decoding=\"async\" title=\"20200119_130322\" alt=\"20200119_130322\" src=\"https:\/\/spbielsk.pl\/wp-content\/gallery\/jaselka-parafialne-sty-2020\/thumbs\/thumbs_20200119_130322.jpg\" width=\"120\" height=\"90\" \/>\r\n\t\t\t\t\t\t\t<\/a>\r\n\t\t<\/div>\r\n\t<\/div>\r\n\t\r\n\t\t\r\n \t\t\r\n\t<div id=\"ngg-image-15515\" class=\"ngg-gallery-thumbnail-box\"  >\r\n\t\t<div class=\"ngg-gallery-thumbnail\" >\r\n\t\t\t<a href=\"https:\/\/spbielsk.pl\/wp-content\/gallery\/jaselka-parafialne-sty-2020\/20200119_130347.jpg\" title=\" \"   rel=\"lightbox[4887]\">\r\n\t\t\t\t\t\t\t\t<img loading=\"lazy\" decoding=\"async\" title=\"20200119_130347\" alt=\"20200119_130347\" src=\"https:\/\/spbielsk.pl\/wp-content\/gallery\/jaselka-parafialne-sty-2020\/thumbs\/thumbs_20200119_130347.jpg\" width=\"120\" height=\"90\" \/>\r\n\t\t\t\t\t\t\t<\/a>\r\n\t\t<\/div>\r\n\t<\/div>\r\n\t\r\n\t\t\r\n \t\t\r\n\t<div id=\"ngg-image-15516\" class=\"ngg-gallery-thumbnail-box\"  >\r\n\t\t<div class=\"ngg-gallery-thumbnail\" >\r\n\t\t\t<a href=\"https:\/\/spbielsk.pl\/wp-content\/gallery\/jaselka-parafialne-sty-2020\/20200119_130356.jpg\" title=\" \"   rel=\"lightbox[4887]\">\r\n\t\t\t\t\t\t\t\t<img loading=\"lazy\" decoding=\"async\" title=\"20200119_130356\" alt=\"20200119_130356\" src=\"https:\/\/spbielsk.pl\/wp-content\/gallery\/jaselka-parafialne-sty-2020\/thumbs\/thumbs_20200119_130356.jpg\" width=\"120\" height=\"90\" \/>\r\n\t\t\t\t\t\t\t<\/a>\r\n\t\t<\/div>\r\n\t<\/div>\r\n\t\r\n\t\t\r\n \t\t\r\n\t<div id=\"ngg-image-15517\" class=\"ngg-gallery-thumbnail-box\"  >\r\n\t\t<div class=\"ngg-gallery-thumbnail\" >\r\n\t\t\t<a href=\"https:\/\/spbielsk.pl\/wp-content\/gallery\/jaselka-parafialne-sty-2020\/20200119_130404.jpg\" title=\" \"   rel=\"lightbox[4887]\">\r\n\t\t\t\t\t\t\t\t<img loading=\"lazy\" decoding=\"async\" title=\"20200119_130404\" alt=\"20200119_130404\" src=\"https:\/\/spbielsk.pl\/wp-content\/gallery\/jaselka-parafialne-sty-2020\/thumbs\/thumbs_20200119_130404.jpg\" width=\"120\" height=\"90\" \/>\r\n\t\t\t\t\t\t\t<\/a>\r\n\t\t<\/div>\r\n\t<\/div>\r\n\t\r\n\t\t\r\n \t\t\r\n\t<div id=\"ngg-image-15518\" class=\"ngg-gallery-thumbnail-box\"  >\r\n\t\t<div class=\"ngg-gallery-thumbnail\" >\r\n\t\t\t<a href=\"https:\/\/spbielsk.pl\/wp-content\/gallery\/jaselka-parafialne-sty-2020\/20200119_130429.jpg\" title=\" \"   rel=\"lightbox[4887]\">\r\n\t\t\t\t\t\t\t\t<img loading=\"lazy\" decoding=\"async\" title=\"20200119_130429\" alt=\"20200119_130429\" src=\"https:\/\/spbielsk.pl\/wp-content\/gallery\/jaselka-parafialne-sty-2020\/thumbs\/thumbs_20200119_130429.jpg\" width=\"120\" height=\"90\" \/>\r\n\t\t\t\t\t\t\t<\/a>\r\n\t\t<\/div>\r\n\t<\/div>\r\n\t\r\n\t\t\r\n \t\t\r\n\t<div id=\"ngg-image-15519\" class=\"ngg-gallery-thumbnail-box\"  >\r\n\t\t<div class=\"ngg-gallery-thumbnail\" >\r\n\t\t\t<a href=\"https:\/\/spbielsk.pl\/wp-content\/gallery\/jaselka-parafialne-sty-2020\/20200119_130439.jpg\" title=\" \"   rel=\"lightbox[4887]\">\r\n\t\t\t\t\t\t\t\t<img loading=\"lazy\" decoding=\"async\" title=\"20200119_130439\" alt=\"20200119_130439\" src=\"https:\/\/spbielsk.pl\/wp-content\/gallery\/jaselka-parafialne-sty-2020\/thumbs\/thumbs_20200119_130439.jpg\" width=\"120\" height=\"90\" \/>\r\n\t\t\t\t\t\t\t<\/a>\r\n\t\t<\/div>\r\n\t<\/div>\r\n\t\r\n\t\t\r\n \t\t\r\n\t<div id=\"ngg-image-15520\" class=\"ngg-gallery-thumbnail-box\"  >\r\n\t\t<div class=\"ngg-gallery-thumbnail\" >\r\n\t\t\t<a href=\"https:\/\/spbielsk.pl\/wp-content\/gallery\/jaselka-parafialne-sty-2020\/20200119_130507.jpg\" title=\" \"   rel=\"lightbox[4887]\">\r\n\t\t\t\t\t\t\t\t<img loading=\"lazy\" decoding=\"async\" title=\"20200119_130507\" alt=\"20200119_130507\" src=\"https:\/\/spbielsk.pl\/wp-content\/gallery\/jaselka-parafialne-sty-2020\/thumbs\/thumbs_20200119_130507.jpg\" width=\"120\" height=\"90\" \/>\r\n\t\t\t\t\t\t\t<\/a>\r\n\t\t<\/div>\r\n\t<\/div>\r\n\t\r\n\t\t\r\n \t\t\r\n\t<div id=\"ngg-image-15521\" class=\"ngg-gallery-thumbnail-box\"  >\r\n\t\t<div class=\"ngg-gallery-thumbnail\" >\r\n\t\t\t<a href=\"https:\/\/spbielsk.pl\/wp-content\/gallery\/jaselka-parafialne-sty-2020\/20200119_130753.jpg\" title=\" \"   rel=\"lightbox[4887]\">\r\n\t\t\t\t\t\t\t\t<img loading=\"lazy\" decoding=\"async\" title=\"20200119_130753\" alt=\"20200119_130753\" src=\"https:\/\/spbielsk.pl\/wp-content\/gallery\/jaselka-parafialne-sty-2020\/thumbs\/thumbs_20200119_130753.jpg\" width=\"120\" height=\"90\" \/>\r\n\t\t\t\t\t\t\t<\/a>\r\n\t\t<\/div>\r\n\t<\/div>\r\n\t\r\n\t\t\r\n \t\t\r\n\t<div id=\"ngg-image-15522\" class=\"ngg-gallery-thumbnail-box\"  >\r\n\t\t<div class=\"ngg-gallery-thumbnail\" >\r\n\t\t\t<a href=\"https:\/\/spbielsk.pl\/wp-content\/gallery\/jaselka-parafialne-sty-2020\/20200119_130801.jpg\" title=\" \"   rel=\"lightbox[4887]\">\r\n\t\t\t\t\t\t\t\t<img loading=\"lazy\" decoding=\"async\" title=\"20200119_130801\" alt=\"20200119_130801\" src=\"https:\/\/spbielsk.pl\/wp-content\/gallery\/jaselka-parafialne-sty-2020\/thumbs\/thumbs_20200119_130801.jpg\" width=\"120\" height=\"90\" \/>\r\n\t\t\t\t\t\t\t<\/a>\r\n\t\t<\/div>\r\n\t<\/div>\r\n\t\r\n\t\t\r\n \t\t\r\n\t<div id=\"ngg-image-15523\" class=\"ngg-gallery-thumbnail-box\"  >\r\n\t\t<div class=\"ngg-gallery-thumbnail\" >\r\n\t\t\t<a href=\"https:\/\/spbielsk.pl\/wp-content\/gallery\/jaselka-parafialne-sty-2020\/20200119_130854.jpg\" title=\" \"   rel=\"lightbox[4887]\">\r\n\t\t\t\t\t\t\t\t<img loading=\"lazy\" decoding=\"async\" title=\"20200119_130854\" alt=\"20200119_130854\" src=\"https:\/\/spbielsk.pl\/wp-content\/gallery\/jaselka-parafialne-sty-2020\/thumbs\/thumbs_20200119_130854.jpg\" width=\"120\" height=\"90\" \/>\r\n\t\t\t\t\t\t\t<\/a>\r\n\t\t<\/div>\r\n\t<\/div>\r\n\t\r\n\t\t\r\n \t \t\r\n\t<!-- Pagination -->\r\n \t<div class='ngg-clear'><\/div>\n \t\r\n<\/div>\r\n\r\n<\/p>\n","protected":false},"excerpt":{"rendered":"<p>19 stycznia 2020 r. uczniowie naszej szko\u0142y w parafii pod wezwaniem \u015bw. Jana Chrzciciela w Bielsku wystawili jase\u0142ka. G\u0142\u00f3wnym zamys\u0142em przedstawienia by\u0142o ukazanie istoty \u015bwi\u0105t. Dzielenie si\u0119 warto\u015bciami duchowymi: czasem, u\u015bmiechem, dobrym s\u0142owem, a nie tylko dobrami materialnymi. \u015awi\u0119ta zazwyczaj kojarz\u0105 si\u0119 z po\u015bpiechem, galeriami, prezentami, zakupami\u2026 Tw\u00f3rcy przedstawienia chcieli sprowokowa\u0107 do przemy\u015ble\u0144 i wyci\u0105gni\u0119cia [&hellip;]<\/p>\n","protected":false},"author":1,"featured_media":4079,"comment_status":"closed","ping_status":"closed","sticky":false,"template":"","format":"standard","meta":{"footnotes":""},"categories":[5],"tags":[],"class_list":["post-4887","post","type-post","status-publish","format-standard","has-post-thumbnail","hentry","category-s-p-bielsk"],"_links":{"self":[{"href":"https:\/\/spbielsk.pl\/index.php?rest_route=\/wp\/v2\/posts\/4887","targetHints":{"allow":["GET"]}}],"collection":[{"href":"https:\/\/spbielsk.pl\/index.php?rest_route=\/wp\/v2\/posts"}],"about":[{"href":"https:\/\/spbielsk.pl\/index.php?rest_route=\/wp\/v2\/types\/post"}],"author":[{"embeddable":true,"href":"https:\/\/spbielsk.pl\/index.php?rest_route=\/wp\/v2\/users\/1"}],"replies":[{"embeddable":true,"href":"https:\/\/spbielsk.pl\/index.php?rest_route=%2Fwp%2Fv2%2Fcomments&post=4887"}],"version-history":[{"count":2,"href":"https:\/\/spbielsk.pl\/index.php?rest_route=\/wp\/v2\/posts\/4887\/revisions"}],"predecessor-version":[{"id":4889,"href":"https:\/\/spbielsk.pl\/index.php?rest_route=\/wp\/v2\/posts\/4887\/revisions\/4889"}],"wp:featuredmedia":[{"embeddable":true,"href":"https:\/\/spbielsk.pl\/index.php?rest_route=\/wp\/v2\/media\/4079"}],"wp:attachment":[{"href":"https:\/\/spbielsk.pl\/index.php?rest_route=%2Fwp%2Fv2%2Fmedia&parent=4887"}],"wp:term":[{"taxonomy":"category","embeddable":true,"href":"https:\/\/spbielsk.pl\/index.php?rest_route=%2Fwp%2Fv2%2Fcategories&post=4887"},{"taxonomy":"post_tag","embeddable":true,"href":"https:\/\/spbielsk.pl\/index.php?rest_route=%2Fwp%2Fv2%2Ftags&post=4887"}],"curies":[{"name":"wp","href":"https:\/\/api.w.org\/{rel}","templated":true}]}}