{"id":4830,"date":"2019-12-17T13:31:22","date_gmt":"2019-12-17T12:31:22","guid":{"rendered":"http:\/\/spbielsk.pl\/?p=4830"},"modified":"2019-12-17T13:31:22","modified_gmt":"2019-12-17T12:31:22","slug":"szkolny-konkurs-czytelniczy-znawca-basni","status":"publish","type":"post","link":"https:\/\/spbielsk.pl\/?p=4830","title":{"rendered":"Szkolny konkurs czytelniczy \u201eZnawca ba\u015bni\u201d"},"content":{"rendered":"<p style=\"text-align: justify;\">Wychowawcy \u015bwietlicy szkolnej zorganizowali konkurs czytelniczy przeznaczony dla uczni\u00f3w klas II, III oraz IV. G\u0142\u00f3wnym celem konkursu by\u0142o zapoznanie si\u0119 z tre\u015bci\u0105 ba\u015bni H. Ch. Andersena: \u201eCalineczka\u201d, \u201eDzielny o\u0142owiany \u017co\u0142nierz\u201d, \u201eNowe szaty cesarza\u201d, \u201eS\u0142owik\u201d, \u201eKsi\u0119\u017cniczka na ziarnku grochu\u201d.<br \/>\nUczestnicy zapoznali si\u0119 z ba\u015bniami przed konkursem, a nast\u0119pnie napisali test pisemny z r\u00f3\u017cnorodnymi typami zada\u0144. Poziom by\u0142 bardzo wysoki, a jednocze\u015bnie wyr\u00f3wnany.<!--more--><\/p>\n<p>Ostatecznie ilo\u015b\u0107 zdobytych punkt\u00f3w wy\u0142oni\u0142a zwyci\u0119zc\u00f3w:<br \/>\nI miejsce \u2013 Mateusz Kwasiborski, Przemys\u0142aw Michalski<br \/>\nII miejsce- Antoni Pa\u0107kowski, \u0141ukasz Kwasiborski<br \/>\nIII miejsce &#8211; Alicja Rakowska, Nikola Leszczy\u0144ska, Filip W\u00f3jcik<\/p>\n<p style=\"text-align: right;\">Zwyci\u0119zcy otrzymali dyplomy oraz nagrody ksi\u0105\u017ckowe. Serdecznie gratulujemy!!!<\/p>\n<p style=\"text-align: center;\"><a href=\"http:\/\/spbielsk.pl\/wp-content\/uploads\/2019\/12\/20191211_095723.jpg\" rel=\"lightbox[4830]\"><img fetchpriority=\"high\" decoding=\"async\" class=\"aligncenter wp-image-4831 size-medium\" src=\"http:\/\/spbielsk.pl\/wp-content\/uploads\/2019\/12\/20191211_095723-300x169.jpg\" alt=\"\" width=\"300\" height=\"169\" srcset=\"https:\/\/spbielsk.pl\/wp-content\/uploads\/2019\/12\/20191211_095723-300x169.jpg 300w, https:\/\/spbielsk.pl\/wp-content\/uploads\/2019\/12\/20191211_095723-768x432.jpg 768w, https:\/\/spbielsk.pl\/wp-content\/uploads\/2019\/12\/20191211_095723.jpg 1024w\" sizes=\"(max-width: 300px) 100vw, 300px\" \/><\/a><\/p>\n","protected":false},"excerpt":{"rendered":"<p>Wychowawcy \u015bwietlicy szkolnej zorganizowali konkurs czytelniczy przeznaczony dla uczni\u00f3w klas II, III oraz IV. G\u0142\u00f3wnym celem konkursu by\u0142o zapoznanie si\u0119 z tre\u015bci\u0105 ba\u015bni H. Ch. Andersena: \u201eCalineczka\u201d, \u201eDzielny o\u0142owiany \u017co\u0142nierz\u201d, \u201eNowe szaty cesarza\u201d, \u201eS\u0142owik\u201d, \u201eKsi\u0119\u017cniczka na ziarnku grochu\u201d. Uczestnicy zapoznali si\u0119 z ba\u015bniami przed konkursem, a nast\u0119pnie napisali test pisemny z r\u00f3\u017cnorodnymi typami zada\u0144. Poziom [&hellip;]<\/p>\n","protected":false},"author":1,"featured_media":2382,"comment_status":"closed","ping_status":"closed","sticky":false,"template":"","format":"standard","meta":{"footnotes":""},"categories":[5],"tags":[],"class_list":["post-4830","post","type-post","status-publish","format-standard","has-post-thumbnail","hentry","category-s-p-bielsk"],"_links":{"self":[{"href":"https:\/\/spbielsk.pl\/index.php?rest_route=\/wp\/v2\/posts\/4830","targetHints":{"allow":["GET"]}}],"collection":[{"href":"https:\/\/spbielsk.pl\/index.php?rest_route=\/wp\/v2\/posts"}],"about":[{"href":"https:\/\/spbielsk.pl\/index.php?rest_route=\/wp\/v2\/types\/post"}],"author":[{"embeddable":true,"href":"https:\/\/spbielsk.pl\/index.php?rest_route=\/wp\/v2\/users\/1"}],"replies":[{"embeddable":true,"href":"https:\/\/spbielsk.pl\/index.php?rest_route=%2Fwp%2Fv2%2Fcomments&post=4830"}],"version-history":[{"count":1,"href":"https:\/\/spbielsk.pl\/index.php?rest_route=\/wp\/v2\/posts\/4830\/revisions"}],"predecessor-version":[{"id":4833,"href":"https:\/\/spbielsk.pl\/index.php?rest_route=\/wp\/v2\/posts\/4830\/revisions\/4833"}],"wp:featuredmedia":[{"embeddable":true,"href":"https:\/\/spbielsk.pl\/index.php?rest_route=\/wp\/v2\/media\/2382"}],"wp:attachment":[{"href":"https:\/\/spbielsk.pl\/index.php?rest_route=%2Fwp%2Fv2%2Fmedia&parent=4830"}],"wp:term":[{"taxonomy":"category","embeddable":true,"href":"https:\/\/spbielsk.pl\/index.php?rest_route=%2Fwp%2Fv2%2Fcategories&post=4830"},{"taxonomy":"post_tag","embeddable":true,"href":"https:\/\/spbielsk.pl\/index.php?rest_route=%2Fwp%2Fv2%2Ftags&post=4830"}],"curies":[{"name":"wp","href":"https:\/\/api.w.org\/{rel}","templated":true}]}}