{"id":4806,"date":"2019-12-09T07:03:24","date_gmt":"2019-12-09T06:03:24","guid":{"rendered":"http:\/\/spbielsk.pl\/?p=4806"},"modified":"2019-12-09T07:03:54","modified_gmt":"2019-12-09T06:03:54","slug":"olga-tokarczuk-wystawa","status":"publish","type":"post","link":"https:\/\/spbielsk.pl\/?p=4806","title":{"rendered":"Olga Tokarczuk &#8211; wystawa"},"content":{"rendered":"<p style=\"text-align: justify;\">Z okazji przyznania Oldze Tokarczuk Nagrody Nobla za dzia\u0142alno\u015b\u0107 literack\u0105 w 2018 roku nauczyciele naszej szko\u0142y przygotowali wystawy tematyczne, kt\u00f3re prezentuj\u0105 sylwetk\u0119 nagrodzonej pisarki. Uczniowie mog\u0105 si\u0119 z nimi zapozna\u0107 na g\u00f3rnym korytarzu oraz w bibliotece szkolnej.<\/p>\n<p style=\"text-align: right;\"><!--more--><\/p>\n<p style=\"text-align: center;\">\r\n<div class=\"ngg-galleryoverview\" id=\"ngg-gallery-535-4806\">\r\n\r\n\t<!-- Slideshow link -->\r\n\t<div class=\"slideshowlink\">\r\n\t\t<a class=\"slideshowlink\" href=\"https:\/\/spbielsk.pl\/?p=4806&amp;show=slide\">\r\n\t\t\t[Show slideshow]\t\t<\/a>\r\n\t<\/div>\r\n\r\n\t\r\n\t<!-- Thumbnails -->\r\n\t\t\r\n\t<div id=\"ngg-image-15053\" class=\"ngg-gallery-thumbnail-box\"  >\r\n\t\t<div class=\"ngg-gallery-thumbnail\" >\r\n\t\t\t<a href=\"https:\/\/spbielsk.pl\/wp-content\/gallery\/tokarczuk-gru-2019\/78689088_2392885780819728_4655287156321812480_o.jpg\" title=\" \"   rel=\"lightbox[4806]\">\r\n\t\t\t\t\t\t\t\t<img decoding=\"async\" title=\"78689088_2392885780819728_4655287156321812480_o\" alt=\"78689088_2392885780819728_4655287156321812480_o\" src=\"https:\/\/spbielsk.pl\/wp-content\/gallery\/tokarczuk-gru-2019\/thumbs\/thumbs_78689088_2392885780819728_4655287156321812480_o.jpg\" width=\"120\" height=\"90\" \/>\r\n\t\t\t\t\t\t\t<\/a>\r\n\t\t<\/div>\r\n\t<\/div>\r\n\t\r\n\t\t\r\n \t\t\r\n\t<div id=\"ngg-image-15054\" class=\"ngg-gallery-thumbnail-box\"  >\r\n\t\t<div class=\"ngg-gallery-thumbnail\" >\r\n\t\t\t<a href=\"https:\/\/spbielsk.pl\/wp-content\/gallery\/tokarczuk-gru-2019\/79337768_2392885137486459_2960015808849248256_o.jpg\" title=\" \"   rel=\"lightbox[4806]\">\r\n\t\t\t\t\t\t\t\t<img decoding=\"async\" title=\"79337768_2392885137486459_2960015808849248256_o\" alt=\"79337768_2392885137486459_2960015808849248256_o\" src=\"https:\/\/spbielsk.pl\/wp-content\/gallery\/tokarczuk-gru-2019\/thumbs\/thumbs_79337768_2392885137486459_2960015808849248256_o.jpg\" width=\"120\" height=\"90\" \/>\r\n\t\t\t\t\t\t\t<\/a>\r\n\t\t<\/div>\r\n\t<\/div>\r\n\t\r\n\t\t\r\n \t \t\r\n\t<!-- Pagination -->\r\n \t<div class='ngg-clear'><\/div>\n \t\r\n<\/div>\r\n\r\n<\/p>\n","protected":false},"excerpt":{"rendered":"<p>Z okazji przyznania Oldze Tokarczuk Nagrody Nobla za dzia\u0142alno\u015b\u0107 literack\u0105 w 2018 roku nauczyciele naszej szko\u0142y przygotowali wystawy tematyczne, kt\u00f3re prezentuj\u0105 sylwetk\u0119 nagrodzonej pisarki. Uczniowie mog\u0105 si\u0119 z nimi zapozna\u0107 na g\u00f3rnym korytarzu oraz w bibliotece szkolnej.<\/p>\n","protected":false},"author":1,"featured_media":4807,"comment_status":"closed","ping_status":"closed","sticky":false,"template":"","format":"standard","meta":{"footnotes":""},"categories":[5],"tags":[],"class_list":["post-4806","post","type-post","status-publish","format-standard","has-post-thumbnail","hentry","category-s-p-bielsk"],"_links":{"self":[{"href":"https:\/\/spbielsk.pl\/index.php?rest_route=\/wp\/v2\/posts\/4806","targetHints":{"allow":["GET"]}}],"collection":[{"href":"https:\/\/spbielsk.pl\/index.php?rest_route=\/wp\/v2\/posts"}],"about":[{"href":"https:\/\/spbielsk.pl\/index.php?rest_route=\/wp\/v2\/types\/post"}],"author":[{"embeddable":true,"href":"https:\/\/spbielsk.pl\/index.php?rest_route=\/wp\/v2\/users\/1"}],"replies":[{"embeddable":true,"href":"https:\/\/spbielsk.pl\/index.php?rest_route=%2Fwp%2Fv2%2Fcomments&post=4806"}],"version-history":[{"count":1,"href":"https:\/\/spbielsk.pl\/index.php?rest_route=\/wp\/v2\/posts\/4806\/revisions"}],"predecessor-version":[{"id":4808,"href":"https:\/\/spbielsk.pl\/index.php?rest_route=\/wp\/v2\/posts\/4806\/revisions\/4808"}],"wp:featuredmedia":[{"embeddable":true,"href":"https:\/\/spbielsk.pl\/index.php?rest_route=\/wp\/v2\/media\/4807"}],"wp:attachment":[{"href":"https:\/\/spbielsk.pl\/index.php?rest_route=%2Fwp%2Fv2%2Fmedia&parent=4806"}],"wp:term":[{"taxonomy":"category","embeddable":true,"href":"https:\/\/spbielsk.pl\/index.php?rest_route=%2Fwp%2Fv2%2Fcategories&post=4806"},{"taxonomy":"post_tag","embeddable":true,"href":"https:\/\/spbielsk.pl\/index.php?rest_route=%2Fwp%2Fv2%2Ftags&post=4806"}],"curies":[{"name":"wp","href":"https:\/\/api.w.org\/{rel}","templated":true}]}}