{"id":4804,"date":"2019-12-09T07:00:39","date_gmt":"2019-12-09T06:00:39","guid":{"rendered":"http:\/\/spbielsk.pl\/?p=4804"},"modified":"2019-12-09T07:00:39","modified_gmt":"2019-12-09T06:00:39","slug":"tydzien-kultury-azjatyckiej-dzien-piaty","status":"publish","type":"post","link":"https:\/\/spbielsk.pl\/?p=4804","title":{"rendered":"TYDZIE\u0143 KULTURY AZJATYCKIEJ \u2013 dzie\u0144 pi\u0105ty"},"content":{"rendered":"<p style=\"text-align: justify;\">PI\u0104TEK \u2013 DZIE\u0143 5 &#8211; WYSTAWA PRAC ORIGAMI<br \/>\nUczniowie klasy VII pod kierunkiem pani A. Wojtunik przedstawili technik\u0119 ORIGAMI \u2013 sztuk\u0119 kunsztownego sk\u0142adania papieru pochodz\u0105c\u0105 z Chin a rozwini\u0119t\u0105 w Japonii, kt\u00f3r\u0105 dzisiaj uwa\u017ca si\u0119 za tradycyjn\u0105 sztuk\u0119 japo\u0144sk\u0105.<br \/>\nPrace zosta\u0142y zaprezentowane na wystawie na korytarzu szkolnym.<br \/>\nDzi\u0119kujemy za wsp\u00f3ln\u0105 podr\u00f3\u017c. Nasza podr\u00f3\u017c by\u0142a daleka i wyczerpuj\u0105ca. Czas wraca\u0107! Zm\u0119czeni podr\u00f3\u017c\u0105 wracamy do Polski, poniewa\u017c \u201ewsz\u0119dzie dobrze, ale w domu najlepiej\u201d.<\/p>\n<p>DZI\u0118KUJEMY\u2026<br \/>\nTYDZIE\u0143 KULTURY AZJATYCKIEJ realizowany by\u0142 w ramach projektu: Azja kontynent kontrast\u00f3w \u2013 realizowany w ramach ko\u0142a geograficznego, ko\u0142a j\u0119zyka rosyjskiego i zaj\u0119\u0107 plastycznych.<\/p>\n<p style=\"text-align: right;\"><!--more--><\/p>\n<p style=\"text-align: center;\">\r\n<div class=\"ngg-galleryoverview\" id=\"ngg-gallery-534-4804\">\r\n\r\n\t<!-- Slideshow link -->\r\n\t<div class=\"slideshowlink\">\r\n\t\t<a class=\"slideshowlink\" href=\"https:\/\/spbielsk.pl\/?p=4804&amp;show=slide\">\r\n\t\t\t[Show slideshow]\t\t<\/a>\r\n\t<\/div>\r\n\r\n\t\r\n\t<!-- Thumbnails -->\r\n\t\t\r\n\t<div id=\"ngg-image-15047\" class=\"ngg-gallery-thumbnail-box\"  >\r\n\t\t<div class=\"ngg-gallery-thumbnail\" >\r\n\t\t\t<a href=\"https:\/\/spbielsk.pl\/wp-content\/gallery\/tydzien-azja-d-5-gru-2019\/78334456_2395228317252141_8634474579680559104_o.jpg\" title=\" \"   rel=\"lightbox[4804]\">\r\n\t\t\t\t\t\t\t\t<img decoding=\"async\" title=\"78334456_2395228317252141_8634474579680559104_o\" alt=\"78334456_2395228317252141_8634474579680559104_o\" src=\"https:\/\/spbielsk.pl\/wp-content\/gallery\/tydzien-azja-d-5-gru-2019\/thumbs\/thumbs_78334456_2395228317252141_8634474579680559104_o.jpg\" width=\"120\" height=\"90\" \/>\r\n\t\t\t\t\t\t\t<\/a>\r\n\t\t<\/div>\r\n\t<\/div>\r\n\t\r\n\t\t\r\n \t\t\r\n\t<div id=\"ngg-image-15048\" class=\"ngg-gallery-thumbnail-box\"  >\r\n\t\t<div class=\"ngg-gallery-thumbnail\" >\r\n\t\t\t<a href=\"https:\/\/spbielsk.pl\/wp-content\/gallery\/tydzien-azja-d-5-gru-2019\/78393869_2395226620585644_1527054486558736384_n.jpg\" title=\" \"   rel=\"lightbox[4804]\">\r\n\t\t\t\t\t\t\t\t<img decoding=\"async\" title=\"78393869_2395226620585644_1527054486558736384_n\" alt=\"78393869_2395226620585644_1527054486558736384_n\" src=\"https:\/\/spbielsk.pl\/wp-content\/gallery\/tydzien-azja-d-5-gru-2019\/thumbs\/thumbs_78393869_2395226620585644_1527054486558736384_n.jpg\" width=\"120\" height=\"90\" \/>\r\n\t\t\t\t\t\t\t<\/a>\r\n\t\t<\/div>\r\n\t<\/div>\r\n\t\r\n\t\t\r\n \t\t\r\n\t<div id=\"ngg-image-15049\" class=\"ngg-gallery-thumbnail-box\"  >\r\n\t\t<div class=\"ngg-gallery-thumbnail\" >\r\n\t\t\t<a href=\"https:\/\/spbielsk.pl\/wp-content\/gallery\/tydzien-azja-d-5-gru-2019\/78431732_2395227163918923_7872697249958985728_o.jpg\" title=\" \"   rel=\"lightbox[4804]\">\r\n\t\t\t\t\t\t\t\t<img decoding=\"async\" title=\"78431732_2395227163918923_7872697249958985728_o\" alt=\"78431732_2395227163918923_7872697249958985728_o\" src=\"https:\/\/spbielsk.pl\/wp-content\/gallery\/tydzien-azja-d-5-gru-2019\/thumbs\/thumbs_78431732_2395227163918923_7872697249958985728_o.jpg\" width=\"120\" height=\"90\" \/>\r\n\t\t\t\t\t\t\t<\/a>\r\n\t\t<\/div>\r\n\t<\/div>\r\n\t\r\n\t\t\r\n \t\t\r\n\t<div id=\"ngg-image-15050\" class=\"ngg-gallery-thumbnail-box\"  >\r\n\t\t<div class=\"ngg-gallery-thumbnail\" >\r\n\t\t\t<a href=\"https:\/\/spbielsk.pl\/wp-content\/gallery\/tydzien-azja-d-5-gru-2019\/78461015_2395229257252047_8682603463508492288_o.jpg\" title=\" \"   rel=\"lightbox[4804]\">\r\n\t\t\t\t\t\t\t\t<img loading=\"lazy\" decoding=\"async\" title=\"78461015_2395229257252047_8682603463508492288_o\" alt=\"78461015_2395229257252047_8682603463508492288_o\" src=\"https:\/\/spbielsk.pl\/wp-content\/gallery\/tydzien-azja-d-5-gru-2019\/thumbs\/thumbs_78461015_2395229257252047_8682603463508492288_o.jpg\" width=\"120\" height=\"90\" \/>\r\n\t\t\t\t\t\t\t<\/a>\r\n\t\t<\/div>\r\n\t<\/div>\r\n\t\r\n\t\t\r\n \t\t\r\n\t<div id=\"ngg-image-15051\" class=\"ngg-gallery-thumbnail-box\"  >\r\n\t\t<div class=\"ngg-gallery-thumbnail\" >\r\n\t\t\t<a href=\"https:\/\/spbielsk.pl\/wp-content\/gallery\/tydzien-azja-d-5-gru-2019\/78613427_2395228793918760_5382631600087367680_o.jpg\" title=\" \"   rel=\"lightbox[4804]\">\r\n\t\t\t\t\t\t\t\t<img loading=\"lazy\" decoding=\"async\" title=\"78613427_2395228793918760_5382631600087367680_o\" alt=\"78613427_2395228793918760_5382631600087367680_o\" src=\"https:\/\/spbielsk.pl\/wp-content\/gallery\/tydzien-azja-d-5-gru-2019\/thumbs\/thumbs_78613427_2395228793918760_5382631600087367680_o.jpg\" width=\"120\" height=\"90\" \/>\r\n\t\t\t\t\t\t\t<\/a>\r\n\t\t<\/div>\r\n\t<\/div>\r\n\t\r\n\t\t\r\n \t\t\r\n\t<div id=\"ngg-image-15052\" class=\"ngg-gallery-thumbnail-box\"  >\r\n\t\t<div class=\"ngg-gallery-thumbnail\" >\r\n\t\t\t<a href=\"https:\/\/spbielsk.pl\/wp-content\/gallery\/tydzien-azja-d-5-gru-2019\/79309167_2395227753918864_7045065023479087104_o.jpg\" title=\" \"   rel=\"lightbox[4804]\">\r\n\t\t\t\t\t\t\t\t<img loading=\"lazy\" decoding=\"async\" title=\"79309167_2395227753918864_7045065023479087104_o\" alt=\"79309167_2395227753918864_7045065023479087104_o\" src=\"https:\/\/spbielsk.pl\/wp-content\/gallery\/tydzien-azja-d-5-gru-2019\/thumbs\/thumbs_79309167_2395227753918864_7045065023479087104_o.jpg\" width=\"120\" height=\"90\" \/>\r\n\t\t\t\t\t\t\t<\/a>\r\n\t\t<\/div>\r\n\t<\/div>\r\n\t\r\n\t\t\r\n \t \t\r\n\t<!-- Pagination -->\r\n \t<div class='ngg-clear'><\/div>\n \t\r\n<\/div>\r\n\r\n<\/p>\n","protected":false},"excerpt":{"rendered":"<p>PI\u0104TEK \u2013 DZIE\u0143 5 &#8211; WYSTAWA PRAC ORIGAMI Uczniowie klasy VII pod kierunkiem pani A. Wojtunik przedstawili technik\u0119 ORIGAMI \u2013 sztuk\u0119 kunsztownego sk\u0142adania papieru pochodz\u0105c\u0105 z Chin a rozwini\u0119t\u0105 w Japonii, kt\u00f3r\u0105 dzisiaj uwa\u017ca si\u0119 za tradycyjn\u0105 sztuk\u0119 japo\u0144sk\u0105. Prace zosta\u0142y zaprezentowane na wystawie na korytarzu szkolnym. Dzi\u0119kujemy za wsp\u00f3ln\u0105 podr\u00f3\u017c. Nasza podr\u00f3\u017c by\u0142a daleka [&hellip;]<\/p>\n","protected":false},"author":1,"featured_media":4787,"comment_status":"closed","ping_status":"closed","sticky":false,"template":"","format":"standard","meta":{"footnotes":""},"categories":[5],"tags":[],"class_list":["post-4804","post","type-post","status-publish","format-standard","has-post-thumbnail","hentry","category-s-p-bielsk"],"_links":{"self":[{"href":"https:\/\/spbielsk.pl\/index.php?rest_route=\/wp\/v2\/posts\/4804","targetHints":{"allow":["GET"]}}],"collection":[{"href":"https:\/\/spbielsk.pl\/index.php?rest_route=\/wp\/v2\/posts"}],"about":[{"href":"https:\/\/spbielsk.pl\/index.php?rest_route=\/wp\/v2\/types\/post"}],"author":[{"embeddable":true,"href":"https:\/\/spbielsk.pl\/index.php?rest_route=\/wp\/v2\/users\/1"}],"replies":[{"embeddable":true,"href":"https:\/\/spbielsk.pl\/index.php?rest_route=%2Fwp%2Fv2%2Fcomments&post=4804"}],"version-history":[{"count":1,"href":"https:\/\/spbielsk.pl\/index.php?rest_route=\/wp\/v2\/posts\/4804\/revisions"}],"predecessor-version":[{"id":4805,"href":"https:\/\/spbielsk.pl\/index.php?rest_route=\/wp\/v2\/posts\/4804\/revisions\/4805"}],"wp:featuredmedia":[{"embeddable":true,"href":"https:\/\/spbielsk.pl\/index.php?rest_route=\/wp\/v2\/media\/4787"}],"wp:attachment":[{"href":"https:\/\/spbielsk.pl\/index.php?rest_route=%2Fwp%2Fv2%2Fmedia&parent=4804"}],"wp:term":[{"taxonomy":"category","embeddable":true,"href":"https:\/\/spbielsk.pl\/index.php?rest_route=%2Fwp%2Fv2%2Fcategories&post=4804"},{"taxonomy":"post_tag","embeddable":true,"href":"https:\/\/spbielsk.pl\/index.php?rest_route=%2Fwp%2Fv2%2Ftags&post=4804"}],"curies":[{"name":"wp","href":"https:\/\/api.w.org\/{rel}","templated":true}]}}