{"id":478,"date":"2012-08-28T09:29:21","date_gmt":"2012-08-28T08:29:21","guid":{"rendered":"http:\/\/spbielsk.pl\/?p=478"},"modified":"2012-08-28T09:35:55","modified_gmt":"2012-08-28T08:35:55","slug":"rozpoczecie-roku-szkolnego","status":"publish","type":"post","link":"https:\/\/spbielsk.pl\/?p=478","title":{"rendered":"Rozpocz\u0119cie roku szkolnego!"},"content":{"rendered":"<p style=\"text-align: justify;\"><img decoding=\"async\" class=\"alignleft\" src=\"http:\/\/spbielsk.pl\/wp-content\/uploads\/2012\/08\/rozpoczecie-11.gif\" alt=\"\" width=\"105\" height=\"101\" \/>Inauguracja nowego roku szkolnego 2012\/2013 odb\u0119dzie si\u0119 dnia 3 wrze\u015bnia 2012 roku o godzinie 9.00 w sali gimnastycznej Szko\u0142y Podstawowej im. W\u0142adys\u0142awa Broniewskiego w Bielsku. Serdecznie zapraszamy.<\/p>\n","protected":false},"excerpt":{"rendered":"<p>Inauguracja nowego roku szkolnego 2012\/2013 odb\u0119dzie si\u0119 dnia 3 wrze\u015bnia 2012 roku o godzinie 9.00 w sali gimnastycznej Szko\u0142y Podstawowej im. W\u0142adys\u0142awa Broniewskiego w Bielsku. Serdecznie zapraszamy.<\/p>\n","protected":false},"author":1,"featured_media":0,"comment_status":"closed","ping_status":"closed","sticky":false,"template":"","format":"standard","meta":{"footnotes":""},"categories":[5],"tags":[],"class_list":["post-478","post","type-post","status-publish","format-standard","hentry","category-s-p-bielsk"],"_links":{"self":[{"href":"https:\/\/spbielsk.pl\/index.php?rest_route=\/wp\/v2\/posts\/478","targetHints":{"allow":["GET"]}}],"collection":[{"href":"https:\/\/spbielsk.pl\/index.php?rest_route=\/wp\/v2\/posts"}],"about":[{"href":"https:\/\/spbielsk.pl\/index.php?rest_route=\/wp\/v2\/types\/post"}],"author":[{"embeddable":true,"href":"https:\/\/spbielsk.pl\/index.php?rest_route=\/wp\/v2\/users\/1"}],"replies":[{"embeddable":true,"href":"https:\/\/spbielsk.pl\/index.php?rest_route=%2Fwp%2Fv2%2Fcomments&post=478"}],"version-history":[{"count":4,"href":"https:\/\/spbielsk.pl\/index.php?rest_route=\/wp\/v2\/posts\/478\/revisions"}],"predecessor-version":[{"id":483,"href":"https:\/\/spbielsk.pl\/index.php?rest_route=\/wp\/v2\/posts\/478\/revisions\/483"}],"wp:attachment":[{"href":"https:\/\/spbielsk.pl\/index.php?rest_route=%2Fwp%2Fv2%2Fmedia&parent=478"}],"wp:term":[{"taxonomy":"category","embeddable":true,"href":"https:\/\/spbielsk.pl\/index.php?rest_route=%2Fwp%2Fv2%2Fcategories&post=478"},{"taxonomy":"post_tag","embeddable":true,"href":"https:\/\/spbielsk.pl\/index.php?rest_route=%2Fwp%2Fv2%2Ftags&post=478"}],"curies":[{"name":"wp","href":"https:\/\/api.w.org\/{rel}","templated":true}]}}