{"id":4740,"date":"2019-11-04T13:04:40","date_gmt":"2019-11-04T12:04:40","guid":{"rendered":"http:\/\/spbielsk.pl\/?p=4740"},"modified":"2019-11-08T13:08:37","modified_gmt":"2019-11-08T12:08:37","slug":"pamietamy-o-tych-ktorzy-odeszli-2","status":"publish","type":"post","link":"https:\/\/spbielsk.pl\/?p=4740","title":{"rendered":"PAMI\u0118TAMY O TYCH, KT\u00d3RZY ODESZLI"},"content":{"rendered":"<p><strong>Zuchy i harcerze z Bielska odwiedzili cmentarz.<\/strong><\/p>\n<p style=\"text-align: justify;\">Pierwszy listopada to \u015bwi\u0119to pe\u0142ne zadumy i refleksji. To czas modlitwy i odwiedzenia na cmentarzach zmar\u0142ych, lecz nie tylko tych najbli\u017cszych, ale tak\u017ce tych, kt\u00f3rzy polegli na terenie naszej ojczyzny. Zuchy z GZ Muchomorki oraz harcerze z WDH \u015awiatowicze tak\u017ce w tym roku pami\u0119tali o tych, kt\u00f3rzy spoczywaj\u0105 na bielskim cmentarzu. <!--more-->Druhna opowiada\u0142a o pomniku \u017co\u0142nierzy, mogli\u015bmy zapali\u0107 znicze i chocia\u017c przez chwil\u0119 pomodli\u0107 si\u0119.<\/p>\n<p style=\"text-align: right;\">Czuwaj!<\/p>\n<p style=\"text-align: center;\">\r\n<div class=\"ngg-galleryoverview\" id=\"ngg-gallery-520-4740\">\r\n\r\n\t<!-- Slideshow link -->\r\n\t<div class=\"slideshowlink\">\r\n\t\t<a class=\"slideshowlink\" href=\"https:\/\/spbielsk.pl\/?p=4740&amp;show=slide\">\r\n\t\t\t[Show slideshow]\t\t<\/a>\r\n\t<\/div>\r\n\r\n\t\r\n\t<!-- Thumbnails -->\r\n\t\t\r\n\t<div id=\"ngg-image-14739\" class=\"ngg-gallery-thumbnail-box\"  >\r\n\t\t<div class=\"ngg-gallery-thumbnail\" >\r\n\t\t\t<a href=\"https:\/\/spbielsk.pl\/wp-content\/gallery\/zuchy-cmentarz-lisopada-2019\/1572603980709-kopia.jpg\" title=\" \"   rel=\"lightbox[4740]\">\r\n\t\t\t\t\t\t\t\t<img decoding=\"async\" title=\"1572603980709-kopia\" alt=\"1572603980709-kopia\" src=\"https:\/\/spbielsk.pl\/wp-content\/gallery\/zuchy-cmentarz-lisopada-2019\/thumbs\/thumbs_1572603980709-kopia.jpg\" width=\"120\" height=\"90\" \/>\r\n\t\t\t\t\t\t\t<\/a>\r\n\t\t<\/div>\r\n\t<\/div>\r\n\t\r\n\t\t\r\n \t\t\r\n\t<div id=\"ngg-image-14740\" class=\"ngg-gallery-thumbnail-box\"  >\r\n\t\t<div class=\"ngg-gallery-thumbnail\" >\r\n\t\t\t<a href=\"https:\/\/spbielsk.pl\/wp-content\/gallery\/zuchy-cmentarz-lisopada-2019\/1572603981011-kopia-2.jpg\" title=\" \"   rel=\"lightbox[4740]\">\r\n\t\t\t\t\t\t\t\t<img decoding=\"async\" title=\"1572603981011-kopia-2\" alt=\"1572603981011-kopia-2\" src=\"https:\/\/spbielsk.pl\/wp-content\/gallery\/zuchy-cmentarz-lisopada-2019\/thumbs\/thumbs_1572603981011-kopia-2.jpg\" width=\"120\" height=\"90\" \/>\r\n\t\t\t\t\t\t\t<\/a>\r\n\t\t<\/div>\r\n\t<\/div>\r\n\t\r\n\t\t\r\n \t\t\r\n\t<div id=\"ngg-image-14741\" class=\"ngg-gallery-thumbnail-box\"  >\r\n\t\t<div class=\"ngg-gallery-thumbnail\" >\r\n\t\t\t<a href=\"https:\/\/spbielsk.pl\/wp-content\/gallery\/zuchy-cmentarz-lisopada-2019\/1572603981381-kopia-kopia.jpg\" title=\" \"   rel=\"lightbox[4740]\">\r\n\t\t\t\t\t\t\t\t<img decoding=\"async\" title=\"1572603981381-kopia-kopia\" alt=\"1572603981381-kopia-kopia\" src=\"https:\/\/spbielsk.pl\/wp-content\/gallery\/zuchy-cmentarz-lisopada-2019\/thumbs\/thumbs_1572603981381-kopia-kopia.jpg\" width=\"120\" height=\"90\" \/>\r\n\t\t\t\t\t\t\t<\/a>\r\n\t\t<\/div>\r\n\t<\/div>\r\n\t\r\n\t\t\r\n \t\t\r\n\t<div id=\"ngg-image-14742\" class=\"ngg-gallery-thumbnail-box\"  >\r\n\t\t<div class=\"ngg-gallery-thumbnail\" >\r\n\t\t\t<a href=\"https:\/\/spbielsk.pl\/wp-content\/gallery\/zuchy-cmentarz-lisopada-2019\/img_20191030_144358.jpg\" title=\" \"   rel=\"lightbox[4740]\">\r\n\t\t\t\t\t\t\t\t<img loading=\"lazy\" decoding=\"async\" title=\"img_20191030_144358\" alt=\"img_20191030_144358\" src=\"https:\/\/spbielsk.pl\/wp-content\/gallery\/zuchy-cmentarz-lisopada-2019\/thumbs\/thumbs_img_20191030_144358.jpg\" width=\"120\" height=\"90\" \/>\r\n\t\t\t\t\t\t\t<\/a>\r\n\t\t<\/div>\r\n\t<\/div>\r\n\t\r\n\t\t\r\n \t \t\r\n\t<!-- Pagination -->\r\n \t<div class='ngg-clear'><\/div>\n \t\r\n<\/div>\r\n\r\n<\/p>\n","protected":false},"excerpt":{"rendered":"<p>Zuchy i harcerze z Bielska odwiedzili cmentarz. Pierwszy listopada to \u015bwi\u0119to pe\u0142ne zadumy i refleksji. To czas modlitwy i odwiedzenia na cmentarzach zmar\u0142ych, lecz nie tylko tych najbli\u017cszych, ale tak\u017ce tych, kt\u00f3rzy polegli na terenie naszej ojczyzny. Zuchy z GZ Muchomorki oraz harcerze z WDH \u015awiatowicze tak\u017ce w tym roku pami\u0119tali o tych, kt\u00f3rzy spoczywaj\u0105 [&hellip;]<\/p>\n","protected":false},"author":1,"featured_media":2824,"comment_status":"closed","ping_status":"closed","sticky":false,"template":"","format":"standard","meta":{"footnotes":""},"categories":[5],"tags":[],"class_list":["post-4740","post","type-post","status-publish","format-standard","has-post-thumbnail","hentry","category-s-p-bielsk"],"_links":{"self":[{"href":"https:\/\/spbielsk.pl\/index.php?rest_route=\/wp\/v2\/posts\/4740","targetHints":{"allow":["GET"]}}],"collection":[{"href":"https:\/\/spbielsk.pl\/index.php?rest_route=\/wp\/v2\/posts"}],"about":[{"href":"https:\/\/spbielsk.pl\/index.php?rest_route=\/wp\/v2\/types\/post"}],"author":[{"embeddable":true,"href":"https:\/\/spbielsk.pl\/index.php?rest_route=\/wp\/v2\/users\/1"}],"replies":[{"embeddable":true,"href":"https:\/\/spbielsk.pl\/index.php?rest_route=%2Fwp%2Fv2%2Fcomments&post=4740"}],"version-history":[{"count":4,"href":"https:\/\/spbielsk.pl\/index.php?rest_route=\/wp\/v2\/posts\/4740\/revisions"}],"predecessor-version":[{"id":4745,"href":"https:\/\/spbielsk.pl\/index.php?rest_route=\/wp\/v2\/posts\/4740\/revisions\/4745"}],"wp:featuredmedia":[{"embeddable":true,"href":"https:\/\/spbielsk.pl\/index.php?rest_route=\/wp\/v2\/media\/2824"}],"wp:attachment":[{"href":"https:\/\/spbielsk.pl\/index.php?rest_route=%2Fwp%2Fv2%2Fmedia&parent=4740"}],"wp:term":[{"taxonomy":"category","embeddable":true,"href":"https:\/\/spbielsk.pl\/index.php?rest_route=%2Fwp%2Fv2%2Fcategories&post=4740"},{"taxonomy":"post_tag","embeddable":true,"href":"https:\/\/spbielsk.pl\/index.php?rest_route=%2Fwp%2Fv2%2Ftags&post=4740"}],"curies":[{"name":"wp","href":"https:\/\/api.w.org\/{rel}","templated":true}]}}