{"id":4665,"date":"2019-10-02T12:30:27","date_gmt":"2019-10-02T11:30:27","guid":{"rendered":"http:\/\/spbielsk.pl\/?p=4665"},"modified":"2019-10-02T12:31:19","modified_gmt":"2019-10-02T11:31:19","slug":"jesien-w-swietlicy","status":"publish","type":"post","link":"https:\/\/spbielsk.pl\/?p=4665","title":{"rendered":"Jesie\u0144 w \u015bwietlicy"},"content":{"rendered":"<p style=\"text-align: center;\"><em>Kto powiedzia\u0142, \u017ce jesie\u0144 jest smutna,<\/em><br \/>\n<em>\u017be ma kolor szarego p\u0142\u00f3tna,<\/em><br \/>\n<em>\u017be jej prawie nie wida\u0107 we mgle?<\/em><br \/>\n<em>Kto to wszystko powiedzia\u0142?<\/em><br \/>\n<em>Ja nie!<\/em><br \/>\n<em>Dla mnie jesie\u0144 to pora weso\u0142a,<\/em><br \/>\n<em>Roze\u015bmiana i gwarna jak szko\u0142a!<\/em><br \/>\n<em>L\u015bni\u0105ca sk\u00f3rk\u0105 kasztana na trawie,<\/em><br \/>\n<em>W odlot ptaka wpatrzona ciekawie.<\/em><br \/>\n<em>Jesie\u0144 \u2013 roztargniona malarka<\/em><br \/>\n<em>Gubi farby po lasach i parkach,<\/em><br \/>\n<em>A ja biegam wci\u0105\u017c za ni\u0105 z ochot\u0105<\/em><br \/>\n<em>I znajduj\u0119 br\u0105z, czerwie\u0144 i z\u0142oto!<\/em><br \/>\n<em>Marek G\u0142ogowski &#8222;Pora weso\u0142a&#8221;<\/em><\/p>\n<p style=\"text-align: justify;\"><!--more--><br \/>\nWrzesie\u0144 jest miesi\u0105cem, w kt\u00f3rym pi\u0119kne barwy jesienne powoli pokrywaj\u0105 otaczaj\u0105cy nas \u015bwiat. Czas w naszej \u015bwietlicy umila\u0142y nam prace \u00a0plastyczne inspirowane t\u0105 pi\u0119kn\u0105 por\u0105 roku \u2013 \u201e Jesienne s\u0142oneczniki\u201d,<br \/>\n\u201eJesienne drzewo\u201d. \u00a0Kreatywno\u015b\u0107 naszych dzieci jest godna podziwu. Z dar\u00f3w jesieni powsta\u0142 \u201eK\u0105cik Pani Jesieni\u201d, z kt\u00f3rego emanuje br\u0105z, czerwie\u0144 i z\u0142oto, natomiast wychowawczynie \u015bwietlicy wykonywa\u0142y nastrojowe witra\u017ce jesiennych li\u015bci.<\/p>\n<p style=\"text-align: center;\">\r\n<div class=\"ngg-galleryoverview\" id=\"ngg-gallery-509-4665\">\r\n\r\n\t<!-- Slideshow link -->\r\n\t<div class=\"slideshowlink\">\r\n\t\t<a class=\"slideshowlink\" href=\"https:\/\/spbielsk.pl\/?p=4665&amp;show=slide\">\r\n\t\t\t[Show slideshow]\t\t<\/a>\r\n\t<\/div>\r\n\r\n\t\r\n\t<!-- Thumbnails -->\r\n\t\t\r\n\t<div id=\"ngg-image-14430\" class=\"ngg-gallery-thumbnail-box\"  >\r\n\t\t<div class=\"ngg-gallery-thumbnail\" >\r\n\t\t\t<a href=\"https:\/\/spbielsk.pl\/wp-content\/gallery\/jesien-w-swietlicy-wrzesien-2019\/1225.jpg\" title=\" \"   rel=\"lightbox[4665]\">\r\n\t\t\t\t\t\t\t\t<img decoding=\"async\" title=\"1225\" alt=\"1225\" src=\"https:\/\/spbielsk.pl\/wp-content\/gallery\/jesien-w-swietlicy-wrzesien-2019\/thumbs\/thumbs_1225.jpg\" width=\"120\" height=\"90\" \/>\r\n\t\t\t\t\t\t\t<\/a>\r\n\t\t<\/div>\r\n\t<\/div>\r\n\t\r\n\t\t\r\n \t\t\r\n\t<div id=\"ngg-image-14431\" class=\"ngg-gallery-thumbnail-box\"  >\r\n\t\t<div class=\"ngg-gallery-thumbnail\" >\r\n\t\t\t<a href=\"https:\/\/spbielsk.pl\/wp-content\/gallery\/jesien-w-swietlicy-wrzesien-2019\/1226.jpg\" title=\" \"   rel=\"lightbox[4665]\">\r\n\t\t\t\t\t\t\t\t<img decoding=\"async\" title=\"1226\" alt=\"1226\" src=\"https:\/\/spbielsk.pl\/wp-content\/gallery\/jesien-w-swietlicy-wrzesien-2019\/thumbs\/thumbs_1226.jpg\" width=\"120\" height=\"90\" \/>\r\n\t\t\t\t\t\t\t<\/a>\r\n\t\t<\/div>\r\n\t<\/div>\r\n\t\r\n\t\t\r\n \t\t\r\n\t<div id=\"ngg-image-14432\" class=\"ngg-gallery-thumbnail-box\"  >\r\n\t\t<div class=\"ngg-gallery-thumbnail\" >\r\n\t\t\t<a href=\"https:\/\/spbielsk.pl\/wp-content\/gallery\/jesien-w-swietlicy-wrzesien-2019\/1227.jpg\" title=\" \"   rel=\"lightbox[4665]\">\r\n\t\t\t\t\t\t\t\t<img decoding=\"async\" title=\"1227\" alt=\"1227\" src=\"https:\/\/spbielsk.pl\/wp-content\/gallery\/jesien-w-swietlicy-wrzesien-2019\/thumbs\/thumbs_1227.jpg\" width=\"120\" height=\"90\" \/>\r\n\t\t\t\t\t\t\t<\/a>\r\n\t\t<\/div>\r\n\t<\/div>\r\n\t\r\n\t\t\r\n \t\t\r\n\t<div id=\"ngg-image-14433\" class=\"ngg-gallery-thumbnail-box\"  >\r\n\t\t<div class=\"ngg-gallery-thumbnail\" >\r\n\t\t\t<a href=\"https:\/\/spbielsk.pl\/wp-content\/gallery\/jesien-w-swietlicy-wrzesien-2019\/1228.jpg\" title=\" \"   rel=\"lightbox[4665]\">\r\n\t\t\t\t\t\t\t\t<img loading=\"lazy\" decoding=\"async\" title=\"1228\" alt=\"1228\" src=\"https:\/\/spbielsk.pl\/wp-content\/gallery\/jesien-w-swietlicy-wrzesien-2019\/thumbs\/thumbs_1228.jpg\" width=\"120\" height=\"90\" \/>\r\n\t\t\t\t\t\t\t<\/a>\r\n\t\t<\/div>\r\n\t<\/div>\r\n\t\r\n\t\t\r\n \t\t\r\n\t<div id=\"ngg-image-14434\" class=\"ngg-gallery-thumbnail-box\"  >\r\n\t\t<div class=\"ngg-gallery-thumbnail\" >\r\n\t\t\t<a href=\"https:\/\/spbielsk.pl\/wp-content\/gallery\/jesien-w-swietlicy-wrzesien-2019\/1229.jpg\" title=\" \"   rel=\"lightbox[4665]\">\r\n\t\t\t\t\t\t\t\t<img loading=\"lazy\" decoding=\"async\" title=\"1229\" alt=\"1229\" src=\"https:\/\/spbielsk.pl\/wp-content\/gallery\/jesien-w-swietlicy-wrzesien-2019\/thumbs\/thumbs_1229.jpg\" width=\"120\" height=\"90\" \/>\r\n\t\t\t\t\t\t\t<\/a>\r\n\t\t<\/div>\r\n\t<\/div>\r\n\t\r\n\t\t\r\n \t\t\r\n\t<div id=\"ngg-image-14435\" class=\"ngg-gallery-thumbnail-box\"  >\r\n\t\t<div class=\"ngg-gallery-thumbnail\" >\r\n\t\t\t<a href=\"https:\/\/spbielsk.pl\/wp-content\/gallery\/jesien-w-swietlicy-wrzesien-2019\/1230.jpg\" title=\" \"   rel=\"lightbox[4665]\">\r\n\t\t\t\t\t\t\t\t<img loading=\"lazy\" decoding=\"async\" title=\"1230\" alt=\"1230\" src=\"https:\/\/spbielsk.pl\/wp-content\/gallery\/jesien-w-swietlicy-wrzesien-2019\/thumbs\/thumbs_1230.jpg\" width=\"120\" height=\"90\" \/>\r\n\t\t\t\t\t\t\t<\/a>\r\n\t\t<\/div>\r\n\t<\/div>\r\n\t\r\n\t\t\r\n \t\t\r\n\t<div id=\"ngg-image-14436\" class=\"ngg-gallery-thumbnail-box\"  >\r\n\t\t<div class=\"ngg-gallery-thumbnail\" >\r\n\t\t\t<a href=\"https:\/\/spbielsk.pl\/wp-content\/gallery\/jesien-w-swietlicy-wrzesien-2019\/1246.jpg\" title=\" \"   rel=\"lightbox[4665]\">\r\n\t\t\t\t\t\t\t\t<img loading=\"lazy\" decoding=\"async\" title=\"1246\" alt=\"1246\" src=\"https:\/\/spbielsk.pl\/wp-content\/gallery\/jesien-w-swietlicy-wrzesien-2019\/thumbs\/thumbs_1246.jpg\" width=\"120\" height=\"90\" \/>\r\n\t\t\t\t\t\t\t<\/a>\r\n\t\t<\/div>\r\n\t<\/div>\r\n\t\r\n\t\t\r\n \t\t\r\n\t<div id=\"ngg-image-14437\" class=\"ngg-gallery-thumbnail-box\"  >\r\n\t\t<div class=\"ngg-gallery-thumbnail\" >\r\n\t\t\t<a href=\"https:\/\/spbielsk.pl\/wp-content\/gallery\/jesien-w-swietlicy-wrzesien-2019\/1247.jpg\" title=\" \"   rel=\"lightbox[4665]\">\r\n\t\t\t\t\t\t\t\t<img loading=\"lazy\" decoding=\"async\" title=\"1247\" alt=\"1247\" src=\"https:\/\/spbielsk.pl\/wp-content\/gallery\/jesien-w-swietlicy-wrzesien-2019\/thumbs\/thumbs_1247.jpg\" width=\"120\" height=\"90\" \/>\r\n\t\t\t\t\t\t\t<\/a>\r\n\t\t<\/div>\r\n\t<\/div>\r\n\t\r\n\t\t\r\n \t\t\r\n\t<div id=\"ngg-image-14438\" class=\"ngg-gallery-thumbnail-box\"  >\r\n\t\t<div class=\"ngg-gallery-thumbnail\" >\r\n\t\t\t<a href=\"https:\/\/spbielsk.pl\/wp-content\/gallery\/jesien-w-swietlicy-wrzesien-2019\/1248.jpg\" title=\" \"   rel=\"lightbox[4665]\">\r\n\t\t\t\t\t\t\t\t<img loading=\"lazy\" decoding=\"async\" title=\"1248\" alt=\"1248\" src=\"https:\/\/spbielsk.pl\/wp-content\/gallery\/jesien-w-swietlicy-wrzesien-2019\/thumbs\/thumbs_1248.jpg\" width=\"120\" height=\"90\" \/>\r\n\t\t\t\t\t\t\t<\/a>\r\n\t\t<\/div>\r\n\t<\/div>\r\n\t\r\n\t\t\r\n \t\t\r\n\t<div id=\"ngg-image-14439\" class=\"ngg-gallery-thumbnail-box\"  >\r\n\t\t<div class=\"ngg-gallery-thumbnail\" >\r\n\t\t\t<a href=\"https:\/\/spbielsk.pl\/wp-content\/gallery\/jesien-w-swietlicy-wrzesien-2019\/1250.jpg\" title=\" \"   rel=\"lightbox[4665]\">\r\n\t\t\t\t\t\t\t\t<img loading=\"lazy\" decoding=\"async\" title=\"1250\" alt=\"1250\" src=\"https:\/\/spbielsk.pl\/wp-content\/gallery\/jesien-w-swietlicy-wrzesien-2019\/thumbs\/thumbs_1250.jpg\" width=\"120\" height=\"90\" \/>\r\n\t\t\t\t\t\t\t<\/a>\r\n\t\t<\/div>\r\n\t<\/div>\r\n\t\r\n\t\t\r\n \t\t\r\n\t<div id=\"ngg-image-14440\" class=\"ngg-gallery-thumbnail-box\"  >\r\n\t\t<div class=\"ngg-gallery-thumbnail\" >\r\n\t\t\t<a href=\"https:\/\/spbielsk.pl\/wp-content\/gallery\/jesien-w-swietlicy-wrzesien-2019\/1252.jpg\" title=\" \"   rel=\"lightbox[4665]\">\r\n\t\t\t\t\t\t\t\t<img loading=\"lazy\" decoding=\"async\" title=\"1252\" alt=\"1252\" src=\"https:\/\/spbielsk.pl\/wp-content\/gallery\/jesien-w-swietlicy-wrzesien-2019\/thumbs\/thumbs_1252.jpg\" width=\"120\" height=\"90\" \/>\r\n\t\t\t\t\t\t\t<\/a>\r\n\t\t<\/div>\r\n\t<\/div>\r\n\t\r\n\t\t\r\n \t\t\r\n\t<div id=\"ngg-image-14441\" class=\"ngg-gallery-thumbnail-box\"  >\r\n\t\t<div class=\"ngg-gallery-thumbnail\" >\r\n\t\t\t<a href=\"https:\/\/spbielsk.pl\/wp-content\/gallery\/jesien-w-swietlicy-wrzesien-2019\/1254.jpg\" title=\" \"   rel=\"lightbox[4665]\">\r\n\t\t\t\t\t\t\t\t<img loading=\"lazy\" decoding=\"async\" title=\"1254\" alt=\"1254\" src=\"https:\/\/spbielsk.pl\/wp-content\/gallery\/jesien-w-swietlicy-wrzesien-2019\/thumbs\/thumbs_1254.jpg\" width=\"120\" height=\"90\" \/>\r\n\t\t\t\t\t\t\t<\/a>\r\n\t\t<\/div>\r\n\t<\/div>\r\n\t\r\n\t\t\r\n \t \t\r\n\t<!-- Pagination -->\r\n \t<div class='ngg-clear'><\/div>\n \t\r\n<\/div>\r\n\r\n<\/p>\n","protected":false},"excerpt":{"rendered":"<p>Kto powiedzia\u0142, \u017ce jesie\u0144 jest smutna, \u017be ma kolor szarego p\u0142\u00f3tna, \u017be jej prawie nie wida\u0107 we mgle? Kto to wszystko powiedzia\u0142? Ja nie! Dla mnie jesie\u0144 to pora weso\u0142a, Roze\u015bmiana i gwarna jak szko\u0142a! L\u015bni\u0105ca sk\u00f3rk\u0105 kasztana na trawie, W odlot ptaka wpatrzona ciekawie. Jesie\u0144 \u2013 roztargniona malarka Gubi farby po lasach i parkach, [&hellip;]<\/p>\n","protected":false},"author":1,"featured_media":4667,"comment_status":"closed","ping_status":"closed","sticky":false,"template":"","format":"standard","meta":{"footnotes":""},"categories":[5],"tags":[],"class_list":["post-4665","post","type-post","status-publish","format-standard","has-post-thumbnail","hentry","category-s-p-bielsk"],"_links":{"self":[{"href":"https:\/\/spbielsk.pl\/index.php?rest_route=\/wp\/v2\/posts\/4665","targetHints":{"allow":["GET"]}}],"collection":[{"href":"https:\/\/spbielsk.pl\/index.php?rest_route=\/wp\/v2\/posts"}],"about":[{"href":"https:\/\/spbielsk.pl\/index.php?rest_route=\/wp\/v2\/types\/post"}],"author":[{"embeddable":true,"href":"https:\/\/spbielsk.pl\/index.php?rest_route=\/wp\/v2\/users\/1"}],"replies":[{"embeddable":true,"href":"https:\/\/spbielsk.pl\/index.php?rest_route=%2Fwp%2Fv2%2Fcomments&post=4665"}],"version-history":[{"count":2,"href":"https:\/\/spbielsk.pl\/index.php?rest_route=\/wp\/v2\/posts\/4665\/revisions"}],"predecessor-version":[{"id":4668,"href":"https:\/\/spbielsk.pl\/index.php?rest_route=\/wp\/v2\/posts\/4665\/revisions\/4668"}],"wp:featuredmedia":[{"embeddable":true,"href":"https:\/\/spbielsk.pl\/index.php?rest_route=\/wp\/v2\/media\/4667"}],"wp:attachment":[{"href":"https:\/\/spbielsk.pl\/index.php?rest_route=%2Fwp%2Fv2%2Fmedia&parent=4665"}],"wp:term":[{"taxonomy":"category","embeddable":true,"href":"https:\/\/spbielsk.pl\/index.php?rest_route=%2Fwp%2Fv2%2Fcategories&post=4665"},{"taxonomy":"post_tag","embeddable":true,"href":"https:\/\/spbielsk.pl\/index.php?rest_route=%2Fwp%2Fv2%2Ftags&post=4665"}],"curies":[{"name":"wp","href":"https:\/\/api.w.org\/{rel}","templated":true}]}}