{"id":4659,"date":"2019-09-26T15:38:13","date_gmt":"2019-09-26T14:38:13","guid":{"rendered":"http:\/\/spbielsk.pl\/?p=4659"},"modified":"2019-09-26T15:38:13","modified_gmt":"2019-09-26T14:38:13","slug":"37-pielgrzymka-dzieci-i-mlodziezy-przasnysz-rostkowo-14-wrzesnia-2019-nie-jestem-sam","status":"publish","type":"post","link":"https:\/\/spbielsk.pl\/?p=4659","title":{"rendered":"37. Pielgrzymka Dzieci i M\u0142odzie\u017cy Przasnysz \u2013 Rostkowo 14 wrze\u015bnia 2019 nie &#8211; JESTEM &#8211; sam."},"content":{"rendered":"<p>Dnia\u00a0 14 wrze\u015bnia\u00a0 nasi\u00a0 uczniowie uczestniczyli w \u00a0pielgrzymce dzieci z Przasnysza do Rostkowa. Kilkutysi\u0119czna pielgrzymka wyruszy\u0142a w kilkunastu grupach. Pielgrzymi mieli do przej\u015bcia drog\u0119\u00a0 ok. 6\u00a0 km z ko\u015bcio\u0142a chrztu do miejsca urodzenia swego patrona, kt\u00f3r\u0105 to przez 14 lat swego m\u0142odzie\u0144czego \u017cycia, ponad 450 lat temu, przemierza\u0142 \u015bw. Stanis\u0142aw. Pielgrzymka\u00a0 przebiega\u0142a pod\u00a0 has\u0142em: &#8222;Nie jestem sam&#8221;. Mszy \u015bw. Przewodniczy\u0142 \u00a0bp Miros\u0142aw Milewski.<\/p>\n<p>Pielgrzymce dzieci towarzyszy\u0142a akcja <strong><em>&#8222;Szczoteczka i pasta do z\u0119b\u00f3w dla dzieci z Czadu&#8221;,<\/em><\/strong> kt\u00f3r\u0105 Wydzia\u0142 Duszpasterski p\u0142ockiej kurii zorganizowa\u0142 razem z Diakoni\u0105 Misyjn\u0105 Ruchu \u015awiat\u0142o\u2013\u017bycie Diecezji P\u0142ockiej. Dzieci po przybyciu do Rostkowa sk\u0142ada\u0142y przed o\u0142tarzem szczoteczki i pasty do z\u0119b\u00f3w, kt\u00f3re zostan\u0105 wys\u0142ane do Mission Catolique Baikoro w Czadzie. Ksi\u0105dz Jaros\u0142aw Kami\u0144ski, dyrektor Wydzia\u0142u Duszpasterskiego Kurii Diecezjalnej P\u0142ockiej powiedzia\u0142: <em>,,Akcja przeros\u0142a nasze oczekiwania, katecheci i dzieci bardzo wielkodusznie odpowiedzieli na nasz apel\u201d.<\/em><\/p>\n<p><!--more-->Klub\u00a0 Wolontariusza\u00a0 naszej\u00a0 szko\u0142y\u00a0 zorganizowa\u0142 zbi\u00f3rk\u0119 past i\u00a0 szczoteczek do\u00a0 z\u0119b\u00f3w dzi\u0119ki czemu nasi\u00a0 pielgrzymi mogli odpowiedzie\u0107\u00a0 pozytywnie\u00a0 na t\u0119 akcj\u0119.\u00a0 Serdecznie dzi\u0119kujemy pielgrzymom za trud pielgrzymowania. Wolontariuszom, rodzicom i\u00a0 wszystkim kt\u00f3rzy w\u0142\u0105czyli si\u0119 w akcj\u0119 za wparcie i\u00a0 zrozumienie.<\/p>\n<p style=\"text-align: right;\">Ma\u0142gorzata Maruszewska<br \/>\n\u0141ukasz J\u0119drzejewski<br \/>\nMilena Wi\u015bniewska<br \/>\nks. Kamil\u00a0 Kozakowski<\/p>\n<p style=\"text-align: center;\">\r\n<div class=\"ngg-galleryoverview\" id=\"ngg-gallery-508-4659\">\r\n\r\n\t<!-- Slideshow link -->\r\n\t<div class=\"slideshowlink\">\r\n\t\t<a class=\"slideshowlink\" href=\"https:\/\/spbielsk.pl\/?p=4659&amp;show=slide\">\r\n\t\t\t[Show slideshow]\t\t<\/a>\r\n\t<\/div>\r\n\r\n\t\r\n\t<!-- Thumbnails -->\r\n\t\t\r\n\t<div id=\"ngg-image-14396\" class=\"ngg-gallery-thumbnail-box\"  >\r\n\t\t<div class=\"ngg-gallery-thumbnail\" >\r\n\t\t\t<a href=\"https:\/\/spbielsk.pl\/wp-content\/gallery\/pielgrzymka-rostkowo-wrzesien-2019\/20190914_104244.jpg\" title=\" \"   rel=\"lightbox[4659]\">\r\n\t\t\t\t\t\t\t\t<img decoding=\"async\" title=\"20190914_104244\" alt=\"20190914_104244\" src=\"https:\/\/spbielsk.pl\/wp-content\/gallery\/pielgrzymka-rostkowo-wrzesien-2019\/thumbs\/thumbs_20190914_104244.jpg\" width=\"120\" height=\"90\" \/>\r\n\t\t\t\t\t\t\t<\/a>\r\n\t\t<\/div>\r\n\t<\/div>\r\n\t\r\n\t\t\r\n \t\t\r\n\t<div id=\"ngg-image-14397\" class=\"ngg-gallery-thumbnail-box\"  >\r\n\t\t<div class=\"ngg-gallery-thumbnail\" >\r\n\t\t\t<a href=\"https:\/\/spbielsk.pl\/wp-content\/gallery\/pielgrzymka-rostkowo-wrzesien-2019\/20190914_104317.jpg\" title=\" \"   rel=\"lightbox[4659]\">\r\n\t\t\t\t\t\t\t\t<img decoding=\"async\" title=\"20190914_104317\" alt=\"20190914_104317\" src=\"https:\/\/spbielsk.pl\/wp-content\/gallery\/pielgrzymka-rostkowo-wrzesien-2019\/thumbs\/thumbs_20190914_104317.jpg\" width=\"120\" height=\"90\" \/>\r\n\t\t\t\t\t\t\t<\/a>\r\n\t\t<\/div>\r\n\t<\/div>\r\n\t\r\n\t\t\r\n \t\t\r\n\t<div id=\"ngg-image-14398\" class=\"ngg-gallery-thumbnail-box\"  >\r\n\t\t<div class=\"ngg-gallery-thumbnail\" >\r\n\t\t\t<a href=\"https:\/\/spbielsk.pl\/wp-content\/gallery\/pielgrzymka-rostkowo-wrzesien-2019\/20190914_104319.jpg\" title=\" \"   rel=\"lightbox[4659]\">\r\n\t\t\t\t\t\t\t\t<img decoding=\"async\" title=\"20190914_104319\" alt=\"20190914_104319\" src=\"https:\/\/spbielsk.pl\/wp-content\/gallery\/pielgrzymka-rostkowo-wrzesien-2019\/thumbs\/thumbs_20190914_104319.jpg\" width=\"120\" height=\"90\" \/>\r\n\t\t\t\t\t\t\t<\/a>\r\n\t\t<\/div>\r\n\t<\/div>\r\n\t\r\n\t\t\r\n \t\t\r\n\t<div id=\"ngg-image-14399\" class=\"ngg-gallery-thumbnail-box\"  >\r\n\t\t<div class=\"ngg-gallery-thumbnail\" >\r\n\t\t\t<a href=\"https:\/\/spbielsk.pl\/wp-content\/gallery\/pielgrzymka-rostkowo-wrzesien-2019\/20190914_104341.jpg\" title=\" \"   rel=\"lightbox[4659]\">\r\n\t\t\t\t\t\t\t\t<img loading=\"lazy\" decoding=\"async\" title=\"20190914_104341\" alt=\"20190914_104341\" src=\"https:\/\/spbielsk.pl\/wp-content\/gallery\/pielgrzymka-rostkowo-wrzesien-2019\/thumbs\/thumbs_20190914_104341.jpg\" width=\"120\" height=\"90\" \/>\r\n\t\t\t\t\t\t\t<\/a>\r\n\t\t<\/div>\r\n\t<\/div>\r\n\t\r\n\t\t\r\n \t\t\r\n\t<div id=\"ngg-image-14400\" class=\"ngg-gallery-thumbnail-box\"  >\r\n\t\t<div class=\"ngg-gallery-thumbnail\" >\r\n\t\t\t<a href=\"https:\/\/spbielsk.pl\/wp-content\/gallery\/pielgrzymka-rostkowo-wrzesien-2019\/20190914_104342.jpg\" title=\" \"   rel=\"lightbox[4659]\">\r\n\t\t\t\t\t\t\t\t<img loading=\"lazy\" decoding=\"async\" title=\"20190914_104342\" alt=\"20190914_104342\" src=\"https:\/\/spbielsk.pl\/wp-content\/gallery\/pielgrzymka-rostkowo-wrzesien-2019\/thumbs\/thumbs_20190914_104342.jpg\" width=\"120\" height=\"90\" \/>\r\n\t\t\t\t\t\t\t<\/a>\r\n\t\t<\/div>\r\n\t<\/div>\r\n\t\r\n\t\t\r\n \t\t\r\n\t<div id=\"ngg-image-14401\" class=\"ngg-gallery-thumbnail-box\"  >\r\n\t\t<div class=\"ngg-gallery-thumbnail\" >\r\n\t\t\t<a href=\"https:\/\/spbielsk.pl\/wp-content\/gallery\/pielgrzymka-rostkowo-wrzesien-2019\/20190914_104349.jpg\" title=\" \"   rel=\"lightbox[4659]\">\r\n\t\t\t\t\t\t\t\t<img loading=\"lazy\" decoding=\"async\" title=\"20190914_104349\" alt=\"20190914_104349\" src=\"https:\/\/spbielsk.pl\/wp-content\/gallery\/pielgrzymka-rostkowo-wrzesien-2019\/thumbs\/thumbs_20190914_104349.jpg\" width=\"120\" height=\"90\" \/>\r\n\t\t\t\t\t\t\t<\/a>\r\n\t\t<\/div>\r\n\t<\/div>\r\n\t\r\n\t\t\r\n \t\t\r\n\t<div id=\"ngg-image-14402\" class=\"ngg-gallery-thumbnail-box\"  >\r\n\t\t<div class=\"ngg-gallery-thumbnail\" >\r\n\t\t\t<a href=\"https:\/\/spbielsk.pl\/wp-content\/gallery\/pielgrzymka-rostkowo-wrzesien-2019\/20190914_104353.jpg\" title=\" \"   rel=\"lightbox[4659]\">\r\n\t\t\t\t\t\t\t\t<img loading=\"lazy\" decoding=\"async\" title=\"20190914_104353\" alt=\"20190914_104353\" src=\"https:\/\/spbielsk.pl\/wp-content\/gallery\/pielgrzymka-rostkowo-wrzesien-2019\/thumbs\/thumbs_20190914_104353.jpg\" width=\"120\" height=\"90\" \/>\r\n\t\t\t\t\t\t\t<\/a>\r\n\t\t<\/div>\r\n\t<\/div>\r\n\t\r\n\t\t\r\n \t\t\r\n\t<div id=\"ngg-image-14403\" class=\"ngg-gallery-thumbnail-box\"  >\r\n\t\t<div class=\"ngg-gallery-thumbnail\" >\r\n\t\t\t<a href=\"https:\/\/spbielsk.pl\/wp-content\/gallery\/pielgrzymka-rostkowo-wrzesien-2019\/20190914_105215.jpg\" title=\" \"   rel=\"lightbox[4659]\">\r\n\t\t\t\t\t\t\t\t<img loading=\"lazy\" decoding=\"async\" title=\"20190914_105215\" alt=\"20190914_105215\" src=\"https:\/\/spbielsk.pl\/wp-content\/gallery\/pielgrzymka-rostkowo-wrzesien-2019\/thumbs\/thumbs_20190914_105215.jpg\" width=\"120\" height=\"90\" \/>\r\n\t\t\t\t\t\t\t<\/a>\r\n\t\t<\/div>\r\n\t<\/div>\r\n\t\r\n\t\t\r\n \t\t\r\n\t<div id=\"ngg-image-14404\" class=\"ngg-gallery-thumbnail-box\"  >\r\n\t\t<div class=\"ngg-gallery-thumbnail\" >\r\n\t\t\t<a href=\"https:\/\/spbielsk.pl\/wp-content\/gallery\/pielgrzymka-rostkowo-wrzesien-2019\/20190914_105225.jpg\" title=\" \"   rel=\"lightbox[4659]\">\r\n\t\t\t\t\t\t\t\t<img loading=\"lazy\" decoding=\"async\" title=\"20190914_105225\" alt=\"20190914_105225\" src=\"https:\/\/spbielsk.pl\/wp-content\/gallery\/pielgrzymka-rostkowo-wrzesien-2019\/thumbs\/thumbs_20190914_105225.jpg\" width=\"120\" height=\"90\" \/>\r\n\t\t\t\t\t\t\t<\/a>\r\n\t\t<\/div>\r\n\t<\/div>\r\n\t\r\n\t\t\r\n \t\t\r\n\t<div id=\"ngg-image-14405\" class=\"ngg-gallery-thumbnail-box\"  >\r\n\t\t<div class=\"ngg-gallery-thumbnail\" >\r\n\t\t\t<a href=\"https:\/\/spbielsk.pl\/wp-content\/gallery\/pielgrzymka-rostkowo-wrzesien-2019\/20190914_110132.jpg\" title=\" \"   rel=\"lightbox[4659]\">\r\n\t\t\t\t\t\t\t\t<img loading=\"lazy\" decoding=\"async\" title=\"20190914_110132\" alt=\"20190914_110132\" src=\"https:\/\/spbielsk.pl\/wp-content\/gallery\/pielgrzymka-rostkowo-wrzesien-2019\/thumbs\/thumbs_20190914_110132.jpg\" width=\"120\" height=\"90\" \/>\r\n\t\t\t\t\t\t\t<\/a>\r\n\t\t<\/div>\r\n\t<\/div>\r\n\t\r\n\t\t\r\n \t\t\r\n\t<div id=\"ngg-image-14406\" class=\"ngg-gallery-thumbnail-box\"  >\r\n\t\t<div class=\"ngg-gallery-thumbnail\" >\r\n\t\t\t<a href=\"https:\/\/spbielsk.pl\/wp-content\/gallery\/pielgrzymka-rostkowo-wrzesien-2019\/20190914_110137.jpg\" title=\" \"   rel=\"lightbox[4659]\">\r\n\t\t\t\t\t\t\t\t<img loading=\"lazy\" decoding=\"async\" title=\"20190914_110137\" alt=\"20190914_110137\" src=\"https:\/\/spbielsk.pl\/wp-content\/gallery\/pielgrzymka-rostkowo-wrzesien-2019\/thumbs\/thumbs_20190914_110137.jpg\" width=\"120\" height=\"90\" \/>\r\n\t\t\t\t\t\t\t<\/a>\r\n\t\t<\/div>\r\n\t<\/div>\r\n\t\r\n\t\t\r\n \t\t\r\n\t<div id=\"ngg-image-14407\" class=\"ngg-gallery-thumbnail-box\"  >\r\n\t\t<div class=\"ngg-gallery-thumbnail\" >\r\n\t\t\t<a href=\"https:\/\/spbielsk.pl\/wp-content\/gallery\/pielgrzymka-rostkowo-wrzesien-2019\/20190914_124220.jpg\" title=\" \"   rel=\"lightbox[4659]\">\r\n\t\t\t\t\t\t\t\t<img loading=\"lazy\" decoding=\"async\" title=\"20190914_124220\" alt=\"20190914_124220\" src=\"https:\/\/spbielsk.pl\/wp-content\/gallery\/pielgrzymka-rostkowo-wrzesien-2019\/thumbs\/thumbs_20190914_124220.jpg\" width=\"120\" height=\"90\" \/>\r\n\t\t\t\t\t\t\t<\/a>\r\n\t\t<\/div>\r\n\t<\/div>\r\n\t\r\n\t\t\r\n \t\t\r\n\t<div id=\"ngg-image-14408\" class=\"ngg-gallery-thumbnail-box\"  >\r\n\t\t<div class=\"ngg-gallery-thumbnail\" >\r\n\t\t\t<a href=\"https:\/\/spbielsk.pl\/wp-content\/gallery\/pielgrzymka-rostkowo-wrzesien-2019\/20190914_141400.jpg\" title=\" \"   rel=\"lightbox[4659]\">\r\n\t\t\t\t\t\t\t\t<img loading=\"lazy\" decoding=\"async\" title=\"20190914_141400\" alt=\"20190914_141400\" src=\"https:\/\/spbielsk.pl\/wp-content\/gallery\/pielgrzymka-rostkowo-wrzesien-2019\/thumbs\/thumbs_20190914_141400.jpg\" width=\"120\" height=\"90\" \/>\r\n\t\t\t\t\t\t\t<\/a>\r\n\t\t<\/div>\r\n\t<\/div>\r\n\t\r\n\t\t\r\n \t\t\r\n\t<div id=\"ngg-image-14409\" class=\"ngg-gallery-thumbnail-box\"  >\r\n\t\t<div class=\"ngg-gallery-thumbnail\" >\r\n\t\t\t<a href=\"https:\/\/spbielsk.pl\/wp-content\/gallery\/pielgrzymka-rostkowo-wrzesien-2019\/20190914_141411.jpg\" title=\" \"   rel=\"lightbox[4659]\">\r\n\t\t\t\t\t\t\t\t<img loading=\"lazy\" decoding=\"async\" title=\"20190914_141411\" alt=\"20190914_141411\" src=\"https:\/\/spbielsk.pl\/wp-content\/gallery\/pielgrzymka-rostkowo-wrzesien-2019\/thumbs\/thumbs_20190914_141411.jpg\" width=\"120\" height=\"90\" \/>\r\n\t\t\t\t\t\t\t<\/a>\r\n\t\t<\/div>\r\n\t<\/div>\r\n\t\r\n\t\t\r\n \t\t\r\n\t<div id=\"ngg-image-14410\" class=\"ngg-gallery-thumbnail-box\"  >\r\n\t\t<div class=\"ngg-gallery-thumbnail\" >\r\n\t\t\t<a href=\"https:\/\/spbielsk.pl\/wp-content\/gallery\/pielgrzymka-rostkowo-wrzesien-2019\/20190914_141413.jpg\" title=\" \"   rel=\"lightbox[4659]\">\r\n\t\t\t\t\t\t\t\t<img loading=\"lazy\" decoding=\"async\" title=\"20190914_141413\" alt=\"20190914_141413\" src=\"https:\/\/spbielsk.pl\/wp-content\/gallery\/pielgrzymka-rostkowo-wrzesien-2019\/thumbs\/thumbs_20190914_141413.jpg\" width=\"120\" height=\"90\" \/>\r\n\t\t\t\t\t\t\t<\/a>\r\n\t\t<\/div>\r\n\t<\/div>\r\n\t\r\n\t\t\r\n \t\t\r\n\t<div id=\"ngg-image-14411\" class=\"ngg-gallery-thumbnail-box\"  >\r\n\t\t<div class=\"ngg-gallery-thumbnail\" >\r\n\t\t\t<a href=\"https:\/\/spbielsk.pl\/wp-content\/gallery\/pielgrzymka-rostkowo-wrzesien-2019\/20190914_141429.jpg\" title=\" \"   rel=\"lightbox[4659]\">\r\n\t\t\t\t\t\t\t\t<img loading=\"lazy\" decoding=\"async\" title=\"20190914_141429\" alt=\"20190914_141429\" src=\"https:\/\/spbielsk.pl\/wp-content\/gallery\/pielgrzymka-rostkowo-wrzesien-2019\/thumbs\/thumbs_20190914_141429.jpg\" width=\"120\" height=\"90\" \/>\r\n\t\t\t\t\t\t\t<\/a>\r\n\t\t<\/div>\r\n\t<\/div>\r\n\t\r\n\t\t\r\n \t\t\r\n\t<div id=\"ngg-image-14412\" class=\"ngg-gallery-thumbnail-box\"  >\r\n\t\t<div class=\"ngg-gallery-thumbnail\" >\r\n\t\t\t<a href=\"https:\/\/spbielsk.pl\/wp-content\/gallery\/pielgrzymka-rostkowo-wrzesien-2019\/20190914_142149.jpg\" title=\" \"   rel=\"lightbox[4659]\">\r\n\t\t\t\t\t\t\t\t<img loading=\"lazy\" decoding=\"async\" title=\"20190914_142149\" alt=\"20190914_142149\" src=\"https:\/\/spbielsk.pl\/wp-content\/gallery\/pielgrzymka-rostkowo-wrzesien-2019\/thumbs\/thumbs_20190914_142149.jpg\" width=\"120\" height=\"90\" \/>\r\n\t\t\t\t\t\t\t<\/a>\r\n\t\t<\/div>\r\n\t<\/div>\r\n\t\r\n\t\t\r\n \t\t\r\n\t<div id=\"ngg-image-14413\" class=\"ngg-gallery-thumbnail-box\"  >\r\n\t\t<div class=\"ngg-gallery-thumbnail\" >\r\n\t\t\t<a href=\"https:\/\/spbielsk.pl\/wp-content\/gallery\/pielgrzymka-rostkowo-wrzesien-2019\/20190914_142151.jpg\" title=\" \"   rel=\"lightbox[4659]\">\r\n\t\t\t\t\t\t\t\t<img loading=\"lazy\" decoding=\"async\" title=\"20190914_142151\" alt=\"20190914_142151\" src=\"https:\/\/spbielsk.pl\/wp-content\/gallery\/pielgrzymka-rostkowo-wrzesien-2019\/thumbs\/thumbs_20190914_142151.jpg\" width=\"120\" height=\"90\" \/>\r\n\t\t\t\t\t\t\t<\/a>\r\n\t\t<\/div>\r\n\t<\/div>\r\n\t\r\n\t\t\r\n \t\t\r\n\t<div id=\"ngg-image-14414\" class=\"ngg-gallery-thumbnail-box\"  >\r\n\t\t<div class=\"ngg-gallery-thumbnail\" >\r\n\t\t\t<a href=\"https:\/\/spbielsk.pl\/wp-content\/gallery\/pielgrzymka-rostkowo-wrzesien-2019\/20190914_142157.jpg\" title=\" \"   rel=\"lightbox[4659]\">\r\n\t\t\t\t\t\t\t\t<img loading=\"lazy\" decoding=\"async\" title=\"20190914_142157\" alt=\"20190914_142157\" src=\"https:\/\/spbielsk.pl\/wp-content\/gallery\/pielgrzymka-rostkowo-wrzesien-2019\/thumbs\/thumbs_20190914_142157.jpg\" width=\"120\" height=\"90\" \/>\r\n\t\t\t\t\t\t\t<\/a>\r\n\t\t<\/div>\r\n\t<\/div>\r\n\t\r\n\t\t\r\n \t\t\r\n\t<div id=\"ngg-image-14415\" class=\"ngg-gallery-thumbnail-box\"  >\r\n\t\t<div class=\"ngg-gallery-thumbnail\" >\r\n\t\t\t<a href=\"https:\/\/spbielsk.pl\/wp-content\/gallery\/pielgrzymka-rostkowo-wrzesien-2019\/20190914_152028.jpg\" title=\" \"   rel=\"lightbox[4659]\">\r\n\t\t\t\t\t\t\t\t<img loading=\"lazy\" decoding=\"async\" title=\"20190914_152028\" alt=\"20190914_152028\" src=\"https:\/\/spbielsk.pl\/wp-content\/gallery\/pielgrzymka-rostkowo-wrzesien-2019\/thumbs\/thumbs_20190914_152028.jpg\" width=\"120\" height=\"90\" \/>\r\n\t\t\t\t\t\t\t<\/a>\r\n\t\t<\/div>\r\n\t<\/div>\r\n\t\r\n\t\t\r\n \t\t\r\n\t<div id=\"ngg-image-14416\" class=\"ngg-gallery-thumbnail-box\"  >\r\n\t\t<div class=\"ngg-gallery-thumbnail\" >\r\n\t\t\t<a href=\"https:\/\/spbielsk.pl\/wp-content\/gallery\/pielgrzymka-rostkowo-wrzesien-2019\/20190914_152045.jpg\" title=\" \"   rel=\"lightbox[4659]\">\r\n\t\t\t\t\t\t\t\t<img loading=\"lazy\" decoding=\"async\" title=\"20190914_152045\" alt=\"20190914_152045\" src=\"https:\/\/spbielsk.pl\/wp-content\/gallery\/pielgrzymka-rostkowo-wrzesien-2019\/thumbs\/thumbs_20190914_152045.jpg\" width=\"120\" height=\"90\" \/>\r\n\t\t\t\t\t\t\t<\/a>\r\n\t\t<\/div>\r\n\t<\/div>\r\n\t\r\n\t\t\r\n \t\t\r\n\t<div id=\"ngg-image-14417\" class=\"ngg-gallery-thumbnail-box\"  >\r\n\t\t<div class=\"ngg-gallery-thumbnail\" >\r\n\t\t\t<a href=\"https:\/\/spbielsk.pl\/wp-content\/gallery\/pielgrzymka-rostkowo-wrzesien-2019\/20190914_152436.jpg\" title=\" \"   rel=\"lightbox[4659]\">\r\n\t\t\t\t\t\t\t\t<img loading=\"lazy\" decoding=\"async\" title=\"20190914_152436\" alt=\"20190914_152436\" src=\"https:\/\/spbielsk.pl\/wp-content\/gallery\/pielgrzymka-rostkowo-wrzesien-2019\/thumbs\/thumbs_20190914_152436.jpg\" width=\"120\" height=\"90\" \/>\r\n\t\t\t\t\t\t\t<\/a>\r\n\t\t<\/div>\r\n\t<\/div>\r\n\t\r\n\t\t\r\n \t\t\r\n\t<div id=\"ngg-image-14418\" class=\"ngg-gallery-thumbnail-box\"  >\r\n\t\t<div class=\"ngg-gallery-thumbnail\" >\r\n\t\t\t<a href=\"https:\/\/spbielsk.pl\/wp-content\/gallery\/pielgrzymka-rostkowo-wrzesien-2019\/20190914_152438.jpg\" title=\" \"   rel=\"lightbox[4659]\">\r\n\t\t\t\t\t\t\t\t<img loading=\"lazy\" decoding=\"async\" title=\"20190914_152438\" alt=\"20190914_152438\" src=\"https:\/\/spbielsk.pl\/wp-content\/gallery\/pielgrzymka-rostkowo-wrzesien-2019\/thumbs\/thumbs_20190914_152438.jpg\" width=\"120\" height=\"90\" \/>\r\n\t\t\t\t\t\t\t<\/a>\r\n\t\t<\/div>\r\n\t<\/div>\r\n\t\r\n\t\t\r\n \t\t\r\n\t<div id=\"ngg-image-14419\" class=\"ngg-gallery-thumbnail-box\"  >\r\n\t\t<div class=\"ngg-gallery-thumbnail\" >\r\n\t\t\t<a href=\"https:\/\/spbielsk.pl\/wp-content\/gallery\/pielgrzymka-rostkowo-wrzesien-2019\/20190914_152447.jpg\" title=\" \"   rel=\"lightbox[4659]\">\r\n\t\t\t\t\t\t\t\t<img loading=\"lazy\" decoding=\"async\" title=\"20190914_152447\" alt=\"20190914_152447\" src=\"https:\/\/spbielsk.pl\/wp-content\/gallery\/pielgrzymka-rostkowo-wrzesien-2019\/thumbs\/thumbs_20190914_152447.jpg\" width=\"120\" height=\"90\" \/>\r\n\t\t\t\t\t\t\t<\/a>\r\n\t\t<\/div>\r\n\t<\/div>\r\n\t\r\n\t\t\r\n \t\t\r\n\t<div id=\"ngg-image-14420\" class=\"ngg-gallery-thumbnail-box\"  >\r\n\t\t<div class=\"ngg-gallery-thumbnail\" >\r\n\t\t\t<a href=\"https:\/\/spbielsk.pl\/wp-content\/gallery\/pielgrzymka-rostkowo-wrzesien-2019\/20190914_152453.jpg\" title=\" \"   rel=\"lightbox[4659]\">\r\n\t\t\t\t\t\t\t\t<img loading=\"lazy\" decoding=\"async\" title=\"20190914_152453\" alt=\"20190914_152453\" src=\"https:\/\/spbielsk.pl\/wp-content\/gallery\/pielgrzymka-rostkowo-wrzesien-2019\/thumbs\/thumbs_20190914_152453.jpg\" width=\"120\" height=\"90\" \/>\r\n\t\t\t\t\t\t\t<\/a>\r\n\t\t<\/div>\r\n\t<\/div>\r\n\t\r\n\t\t\r\n \t\t\r\n\t<div id=\"ngg-image-14421\" class=\"ngg-gallery-thumbnail-box\"  >\r\n\t\t<div class=\"ngg-gallery-thumbnail\" >\r\n\t\t\t<a href=\"https:\/\/spbielsk.pl\/wp-content\/gallery\/pielgrzymka-rostkowo-wrzesien-2019\/20190914_152455.jpg\" title=\" \"   rel=\"lightbox[4659]\">\r\n\t\t\t\t\t\t\t\t<img loading=\"lazy\" decoding=\"async\" title=\"20190914_152455\" alt=\"20190914_152455\" src=\"https:\/\/spbielsk.pl\/wp-content\/gallery\/pielgrzymka-rostkowo-wrzesien-2019\/thumbs\/thumbs_20190914_152455.jpg\" width=\"120\" height=\"90\" \/>\r\n\t\t\t\t\t\t\t<\/a>\r\n\t\t<\/div>\r\n\t<\/div>\r\n\t\r\n\t\t\r\n \t\t\r\n\t<div id=\"ngg-image-14422\" class=\"ngg-gallery-thumbnail-box\"  >\r\n\t\t<div class=\"ngg-gallery-thumbnail\" >\r\n\t\t\t<a href=\"https:\/\/spbielsk.pl\/wp-content\/gallery\/pielgrzymka-rostkowo-wrzesien-2019\/20190914_152507.jpg\" title=\" \"   rel=\"lightbox[4659]\">\r\n\t\t\t\t\t\t\t\t<img loading=\"lazy\" decoding=\"async\" title=\"20190914_152507\" alt=\"20190914_152507\" src=\"https:\/\/spbielsk.pl\/wp-content\/gallery\/pielgrzymka-rostkowo-wrzesien-2019\/thumbs\/thumbs_20190914_152507.jpg\" width=\"120\" height=\"90\" \/>\r\n\t\t\t\t\t\t\t<\/a>\r\n\t\t<\/div>\r\n\t<\/div>\r\n\t\r\n\t\t\r\n \t\t\r\n\t<div id=\"ngg-image-14423\" class=\"ngg-gallery-thumbnail-box\"  >\r\n\t\t<div class=\"ngg-gallery-thumbnail\" >\r\n\t\t\t<a href=\"https:\/\/spbielsk.pl\/wp-content\/gallery\/pielgrzymka-rostkowo-wrzesien-2019\/20190914_152517.jpg\" title=\" \"   rel=\"lightbox[4659]\">\r\n\t\t\t\t\t\t\t\t<img loading=\"lazy\" decoding=\"async\" title=\"20190914_152517\" alt=\"20190914_152517\" src=\"https:\/\/spbielsk.pl\/wp-content\/gallery\/pielgrzymka-rostkowo-wrzesien-2019\/thumbs\/thumbs_20190914_152517.jpg\" width=\"120\" height=\"90\" \/>\r\n\t\t\t\t\t\t\t<\/a>\r\n\t\t<\/div>\r\n\t<\/div>\r\n\t\r\n\t\t\r\n \t\t\r\n\t<div id=\"ngg-image-14424\" class=\"ngg-gallery-thumbnail-box\"  >\r\n\t\t<div class=\"ngg-gallery-thumbnail\" >\r\n\t\t\t<a href=\"https:\/\/spbielsk.pl\/wp-content\/gallery\/pielgrzymka-rostkowo-wrzesien-2019\/20190914_152521.jpg\" title=\" \"   rel=\"lightbox[4659]\">\r\n\t\t\t\t\t\t\t\t<img loading=\"lazy\" decoding=\"async\" title=\"20190914_152521\" alt=\"20190914_152521\" src=\"https:\/\/spbielsk.pl\/wp-content\/gallery\/pielgrzymka-rostkowo-wrzesien-2019\/thumbs\/thumbs_20190914_152521.jpg\" width=\"120\" height=\"90\" \/>\r\n\t\t\t\t\t\t\t<\/a>\r\n\t\t<\/div>\r\n\t<\/div>\r\n\t\r\n\t\t\r\n \t\t\r\n\t<div id=\"ngg-image-14425\" class=\"ngg-gallery-thumbnail-box\"  >\r\n\t\t<div class=\"ngg-gallery-thumbnail\" >\r\n\t\t\t<a href=\"https:\/\/spbielsk.pl\/wp-content\/gallery\/pielgrzymka-rostkowo-wrzesien-2019\/20190914_152524.jpg\" title=\" \"   rel=\"lightbox[4659]\">\r\n\t\t\t\t\t\t\t\t<img loading=\"lazy\" decoding=\"async\" title=\"20190914_152524\" alt=\"20190914_152524\" src=\"https:\/\/spbielsk.pl\/wp-content\/gallery\/pielgrzymka-rostkowo-wrzesien-2019\/thumbs\/thumbs_20190914_152524.jpg\" width=\"120\" height=\"90\" \/>\r\n\t\t\t\t\t\t\t<\/a>\r\n\t\t<\/div>\r\n\t<\/div>\r\n\t\r\n\t\t\r\n \t\t\r\n\t<div id=\"ngg-image-14426\" class=\"ngg-gallery-thumbnail-box\"  >\r\n\t\t<div class=\"ngg-gallery-thumbnail\" >\r\n\t\t\t<a href=\"https:\/\/spbielsk.pl\/wp-content\/gallery\/pielgrzymka-rostkowo-wrzesien-2019\/20190914_152528.jpg\" title=\" \"   rel=\"lightbox[4659]\">\r\n\t\t\t\t\t\t\t\t<img loading=\"lazy\" decoding=\"async\" title=\"20190914_152528\" alt=\"20190914_152528\" src=\"https:\/\/spbielsk.pl\/wp-content\/gallery\/pielgrzymka-rostkowo-wrzesien-2019\/thumbs\/thumbs_20190914_152528.jpg\" width=\"120\" height=\"90\" \/>\r\n\t\t\t\t\t\t\t<\/a>\r\n\t\t<\/div>\r\n\t<\/div>\r\n\t\r\n\t\t\r\n \t\t\r\n\t<div id=\"ngg-image-14427\" class=\"ngg-gallery-thumbnail-box\"  >\r\n\t\t<div class=\"ngg-gallery-thumbnail\" >\r\n\t\t\t<a href=\"https:\/\/spbielsk.pl\/wp-content\/gallery\/pielgrzymka-rostkowo-wrzesien-2019\/20190914_152538.jpg\" title=\" \"   rel=\"lightbox[4659]\">\r\n\t\t\t\t\t\t\t\t<img loading=\"lazy\" decoding=\"async\" title=\"20190914_152538\" alt=\"20190914_152538\" src=\"https:\/\/spbielsk.pl\/wp-content\/gallery\/pielgrzymka-rostkowo-wrzesien-2019\/thumbs\/thumbs_20190914_152538.jpg\" width=\"120\" height=\"90\" \/>\r\n\t\t\t\t\t\t\t<\/a>\r\n\t\t<\/div>\r\n\t<\/div>\r\n\t\r\n\t\t\r\n \t\t\r\n\t<div id=\"ngg-image-14428\" class=\"ngg-gallery-thumbnail-box\"  >\r\n\t\t<div class=\"ngg-gallery-thumbnail\" >\r\n\t\t\t<a href=\"https:\/\/spbielsk.pl\/wp-content\/gallery\/pielgrzymka-rostkowo-wrzesien-2019\/20190914_152600.jpg\" title=\" \"   rel=\"lightbox[4659]\">\r\n\t\t\t\t\t\t\t\t<img loading=\"lazy\" decoding=\"async\" title=\"20190914_152600\" alt=\"20190914_152600\" src=\"https:\/\/spbielsk.pl\/wp-content\/gallery\/pielgrzymka-rostkowo-wrzesien-2019\/thumbs\/thumbs_20190914_152600.jpg\" width=\"120\" height=\"90\" \/>\r\n\t\t\t\t\t\t\t<\/a>\r\n\t\t<\/div>\r\n\t<\/div>\r\n\t\r\n\t\t\r\n \t\t\r\n\t<div id=\"ngg-image-14429\" class=\"ngg-gallery-thumbnail-box\"  >\r\n\t\t<div class=\"ngg-gallery-thumbnail\" >\r\n\t\t\t<a href=\"https:\/\/spbielsk.pl\/wp-content\/gallery\/pielgrzymka-rostkowo-wrzesien-2019\/20190914_152601.jpg\" title=\" \"   rel=\"lightbox[4659]\">\r\n\t\t\t\t\t\t\t\t<img loading=\"lazy\" decoding=\"async\" title=\"20190914_152601\" alt=\"20190914_152601\" src=\"https:\/\/spbielsk.pl\/wp-content\/gallery\/pielgrzymka-rostkowo-wrzesien-2019\/thumbs\/thumbs_20190914_152601.jpg\" width=\"120\" height=\"90\" \/>\r\n\t\t\t\t\t\t\t<\/a>\r\n\t\t<\/div>\r\n\t<\/div>\r\n\t\r\n\t\t\r\n \t \t\r\n\t<!-- Pagination -->\r\n \t<div class='ngg-clear'><\/div>\n \t\r\n<\/div>\r\n\r\n<\/p>\n","protected":false},"excerpt":{"rendered":"<p>Dnia\u00a0 14 wrze\u015bnia\u00a0 nasi\u00a0 uczniowie uczestniczyli w \u00a0pielgrzymce dzieci z Przasnysza do Rostkowa. Kilkutysi\u0119czna pielgrzymka wyruszy\u0142a w kilkunastu grupach. Pielgrzymi mieli do przej\u015bcia drog\u0119\u00a0 ok. 6\u00a0 km z ko\u015bcio\u0142a chrztu do miejsca urodzenia swego patrona, kt\u00f3r\u0105 to przez 14 lat swego m\u0142odzie\u0144czego \u017cycia, ponad 450 lat temu, przemierza\u0142 \u015bw. Stanis\u0142aw. Pielgrzymka\u00a0 przebiega\u0142a pod\u00a0 has\u0142em: &#8222;Nie [&hellip;]<\/p>\n","protected":false},"author":1,"featured_media":4660,"comment_status":"closed","ping_status":"closed","sticky":false,"template":"","format":"standard","meta":{"footnotes":""},"categories":[5],"tags":[],"class_list":["post-4659","post","type-post","status-publish","format-standard","has-post-thumbnail","hentry","category-s-p-bielsk"],"_links":{"self":[{"href":"https:\/\/spbielsk.pl\/index.php?rest_route=\/wp\/v2\/posts\/4659","targetHints":{"allow":["GET"]}}],"collection":[{"href":"https:\/\/spbielsk.pl\/index.php?rest_route=\/wp\/v2\/posts"}],"about":[{"href":"https:\/\/spbielsk.pl\/index.php?rest_route=\/wp\/v2\/types\/post"}],"author":[{"embeddable":true,"href":"https:\/\/spbielsk.pl\/index.php?rest_route=\/wp\/v2\/users\/1"}],"replies":[{"embeddable":true,"href":"https:\/\/spbielsk.pl\/index.php?rest_route=%2Fwp%2Fv2%2Fcomments&post=4659"}],"version-history":[{"count":1,"href":"https:\/\/spbielsk.pl\/index.php?rest_route=\/wp\/v2\/posts\/4659\/revisions"}],"predecessor-version":[{"id":4661,"href":"https:\/\/spbielsk.pl\/index.php?rest_route=\/wp\/v2\/posts\/4659\/revisions\/4661"}],"wp:featuredmedia":[{"embeddable":true,"href":"https:\/\/spbielsk.pl\/index.php?rest_route=\/wp\/v2\/media\/4660"}],"wp:attachment":[{"href":"https:\/\/spbielsk.pl\/index.php?rest_route=%2Fwp%2Fv2%2Fmedia&parent=4659"}],"wp:term":[{"taxonomy":"category","embeddable":true,"href":"https:\/\/spbielsk.pl\/index.php?rest_route=%2Fwp%2Fv2%2Fcategories&post=4659"},{"taxonomy":"post_tag","embeddable":true,"href":"https:\/\/spbielsk.pl\/index.php?rest_route=%2Fwp%2Fv2%2Ftags&post=4659"}],"curies":[{"name":"wp","href":"https:\/\/api.w.org\/{rel}","templated":true}]}}