{"id":4386,"date":"2019-05-31T08:06:02","date_gmt":"2019-05-31T07:06:02","guid":{"rendered":"http:\/\/spbielsk.pl\/?p=4386"},"modified":"2019-06-04T08:13:46","modified_gmt":"2019-06-04T07:13:46","slug":"powiatowy-konkurs-historyczny-polskie-powstania-1794-1944","status":"publish","type":"post","link":"https:\/\/spbielsk.pl\/?p=4386","title":{"rendered":"Powiatowy Konkurs Historyczny \u201ePolskie powstania 1794-1944\u201d."},"content":{"rendered":"<p style=\"text-align: justify;\">W dniu 30 maja 2019 r. w Zespole Szk\u00f3\u0142 im. Leokadii Bergerowej w P\u0142ocku odby\u0142a si\u0119 XI edycja Powiatowego Konkursu Historycznego \u201ePolskie powstania 1794-1944\u201d.<br \/>\nCelem konkursu by\u0142o kszta\u0142towanie \u015bwiadomo\u015bci i postaw patriotycznych w\u015br\u00f3d m\u0142odego pokolenia poprzez upowszechnienie wiedzy historycznej z zakresu polskich powsta\u0144 oraz uczczenie 100. rocznicy odzyskania przez Polsk\u0119 niepodleg\u0142o\u015bci.<br \/>\nW konkursie udzia\u0142 wzi\u0119\u0142y szko\u0142y podstawowe i gimnazjalne z powiatu p\u0142ockiego, sierpeckiego, gostyni\u0144skiego. Nasz\u0105 szko\u0142\u0119 reprezentowali uczniowie klasy 7a: Adam Racki i Jakub Opolski wraz z opiekunem nauczycielem historii Panem \u0141ukaszem J\u0119drzejewskim.<!--more--><br \/>\nKonkurs sta\u0142 na wysokim i wyr\u00f3wnanym poziomie. O klasyfikacji decydowa\u0142y ma\u0142e r\u00f3\u017cnice punktowe wszystkich uczestnik\u00f3w.<br \/>\nAdam Racki zaj\u0105\u0142 6 miejsce, a Jakub Opolski 8 miejsce.<br \/>\nNagrody wr\u0119czy\u0142a Pani Wicestarosta Iwona Sierocka wraz z Panem Dyrektorem Jackiem K\u0142osi\u0144skim.<\/p>\n<p style=\"text-align: right;\">Serdecznie gratulujemy<\/p>\n<p style=\"text-align: center;\">\r\n<div class=\"ngg-galleryoverview\" id=\"ngg-gallery-484-4386\">\r\n\r\n\t<!-- Slideshow link -->\r\n\t<div class=\"slideshowlink\">\r\n\t\t<a class=\"slideshowlink\" href=\"https:\/\/spbielsk.pl\/?p=4386&amp;show=slide\">\r\n\t\t\t[Show slideshow]\t\t<\/a>\r\n\t<\/div>\r\n\r\n\t\r\n\t<!-- Thumbnails -->\r\n\t\t\r\n\t<div id=\"ngg-image-13774\" class=\"ngg-gallery-thumbnail-box\"  >\r\n\t\t<div class=\"ngg-gallery-thumbnail\" >\r\n\t\t\t<a href=\"https:\/\/spbielsk.pl\/wp-content\/gallery\/konkurs-historyczny-maj-2019\/1.jpg\" title=\" \"   rel=\"lightbox[4386]\">\r\n\t\t\t\t\t\t\t\t<img decoding=\"async\" title=\"1\" alt=\"1\" src=\"https:\/\/spbielsk.pl\/wp-content\/gallery\/konkurs-historyczny-maj-2019\/thumbs\/thumbs_1.jpg\" width=\"120\" height=\"90\" \/>\r\n\t\t\t\t\t\t\t<\/a>\r\n\t\t<\/div>\r\n\t<\/div>\r\n\t\r\n\t\t\r\n \t\t\r\n\t<div id=\"ngg-image-13775\" class=\"ngg-gallery-thumbnail-box\"  >\r\n\t\t<div class=\"ngg-gallery-thumbnail\" >\r\n\t\t\t<a href=\"https:\/\/spbielsk.pl\/wp-content\/gallery\/konkurs-historyczny-maj-2019\/20190530_103221.jpg\" title=\" \"   rel=\"lightbox[4386]\">\r\n\t\t\t\t\t\t\t\t<img decoding=\"async\" title=\"20190530_103221\" alt=\"20190530_103221\" src=\"https:\/\/spbielsk.pl\/wp-content\/gallery\/konkurs-historyczny-maj-2019\/thumbs\/thumbs_20190530_103221.jpg\" width=\"120\" height=\"90\" \/>\r\n\t\t\t\t\t\t\t<\/a>\r\n\t\t<\/div>\r\n\t<\/div>\r\n\t\r\n\t\t\r\n \t\t\r\n\t<div id=\"ngg-image-13776\" class=\"ngg-gallery-thumbnail-box\"  >\r\n\t\t<div class=\"ngg-gallery-thumbnail\" >\r\n\t\t\t<a href=\"https:\/\/spbielsk.pl\/wp-content\/gallery\/konkurs-historyczny-maj-2019\/20190530_103250.jpg\" title=\" \"   rel=\"lightbox[4386]\">\r\n\t\t\t\t\t\t\t\t<img decoding=\"async\" title=\"20190530_103250\" alt=\"20190530_103250\" src=\"https:\/\/spbielsk.pl\/wp-content\/gallery\/konkurs-historyczny-maj-2019\/thumbs\/thumbs_20190530_103250.jpg\" width=\"120\" height=\"90\" \/>\r\n\t\t\t\t\t\t\t<\/a>\r\n\t\t<\/div>\r\n\t<\/div>\r\n\t\r\n\t\t\r\n \t\t\r\n\t<div id=\"ngg-image-13777\" class=\"ngg-gallery-thumbnail-box\"  >\r\n\t\t<div class=\"ngg-gallery-thumbnail\" >\r\n\t\t\t<a href=\"https:\/\/spbielsk.pl\/wp-content\/gallery\/konkurs-historyczny-maj-2019\/20190530_115930.jpg\" title=\" \"   rel=\"lightbox[4386]\">\r\n\t\t\t\t\t\t\t\t<img loading=\"lazy\" decoding=\"async\" title=\"20190530_115930\" alt=\"20190530_115930\" src=\"https:\/\/spbielsk.pl\/wp-content\/gallery\/konkurs-historyczny-maj-2019\/thumbs\/thumbs_20190530_115930.jpg\" width=\"120\" height=\"90\" \/>\r\n\t\t\t\t\t\t\t<\/a>\r\n\t\t<\/div>\r\n\t<\/div>\r\n\t\r\n\t\t\r\n \t\t\r\n\t<div id=\"ngg-image-13778\" class=\"ngg-gallery-thumbnail-box\"  >\r\n\t\t<div class=\"ngg-gallery-thumbnail\" >\r\n\t\t\t<a href=\"https:\/\/spbielsk.pl\/wp-content\/gallery\/konkurs-historyczny-maj-2019\/20190530_125328.jpg\" title=\" \"   rel=\"lightbox[4386]\">\r\n\t\t\t\t\t\t\t\t<img loading=\"lazy\" decoding=\"async\" title=\"20190530_125328\" alt=\"20190530_125328\" src=\"https:\/\/spbielsk.pl\/wp-content\/gallery\/konkurs-historyczny-maj-2019\/thumbs\/thumbs_20190530_125328.jpg\" width=\"120\" height=\"90\" \/>\r\n\t\t\t\t\t\t\t<\/a>\r\n\t\t<\/div>\r\n\t<\/div>\r\n\t\r\n\t\t\r\n \t\t\r\n\t<div id=\"ngg-image-13779\" class=\"ngg-gallery-thumbnail-box\"  >\r\n\t\t<div class=\"ngg-gallery-thumbnail\" >\r\n\t\t\t<a href=\"https:\/\/spbielsk.pl\/wp-content\/gallery\/konkurs-historyczny-maj-2019\/20190530_125743.jpg\" title=\" \"   rel=\"lightbox[4386]\">\r\n\t\t\t\t\t\t\t\t<img loading=\"lazy\" decoding=\"async\" title=\"20190530_125743\" alt=\"20190530_125743\" src=\"https:\/\/spbielsk.pl\/wp-content\/gallery\/konkurs-historyczny-maj-2019\/thumbs\/thumbs_20190530_125743.jpg\" width=\"120\" height=\"90\" \/>\r\n\t\t\t\t\t\t\t<\/a>\r\n\t\t<\/div>\r\n\t<\/div>\r\n\t\r\n\t\t\r\n \t\t\r\n\t<div id=\"ngg-image-13780\" class=\"ngg-gallery-thumbnail-box\"  >\r\n\t\t<div class=\"ngg-gallery-thumbnail\" >\r\n\t\t\t<a href=\"https:\/\/spbielsk.pl\/wp-content\/gallery\/konkurs-historyczny-maj-2019\/20190530_125826.jpg\" title=\" \"   rel=\"lightbox[4386]\">\r\n\t\t\t\t\t\t\t\t<img loading=\"lazy\" decoding=\"async\" title=\"20190530_125826\" alt=\"20190530_125826\" src=\"https:\/\/spbielsk.pl\/wp-content\/gallery\/konkurs-historyczny-maj-2019\/thumbs\/thumbs_20190530_125826.jpg\" width=\"120\" height=\"90\" \/>\r\n\t\t\t\t\t\t\t<\/a>\r\n\t\t<\/div>\r\n\t<\/div>\r\n\t\r\n\t\t\r\n \t\t\r\n\t<div id=\"ngg-image-13781\" class=\"ngg-gallery-thumbnail-box\"  >\r\n\t\t<div class=\"ngg-gallery-thumbnail\" >\r\n\t\t\t<a href=\"https:\/\/spbielsk.pl\/wp-content\/gallery\/konkurs-historyczny-maj-2019\/61450059_2254862924580749_2869643559433142272_o.jpg\" title=\" \"   rel=\"lightbox[4386]\">\r\n\t\t\t\t\t\t\t\t<img loading=\"lazy\" decoding=\"async\" title=\"61450059_2254862924580749_2869643559433142272_o\" alt=\"61450059_2254862924580749_2869643559433142272_o\" src=\"https:\/\/spbielsk.pl\/wp-content\/gallery\/konkurs-historyczny-maj-2019\/thumbs\/thumbs_61450059_2254862924580749_2869643559433142272_o.jpg\" width=\"120\" height=\"90\" \/>\r\n\t\t\t\t\t\t\t<\/a>\r\n\t\t<\/div>\r\n\t<\/div>\r\n\t\r\n\t\t\r\n \t \t\r\n\t<!-- Pagination -->\r\n \t<div class='ngg-clear'><\/div>\n \t\r\n<\/div>\r\n\r\n<\/p>\n","protected":false},"excerpt":{"rendered":"<p>W dniu 30 maja 2019 r. w Zespole Szk\u00f3\u0142 im. Leokadii Bergerowej w P\u0142ocku odby\u0142a si\u0119 XI edycja Powiatowego Konkursu Historycznego \u201ePolskie powstania 1794-1944\u201d. Celem konkursu by\u0142o kszta\u0142towanie \u015bwiadomo\u015bci i postaw patriotycznych w\u015br\u00f3d m\u0142odego pokolenia poprzez upowszechnienie wiedzy historycznej z zakresu polskich powsta\u0144 oraz uczczenie 100. rocznicy odzyskania przez Polsk\u0119 niepodleg\u0142o\u015bci. W konkursie udzia\u0142 wzi\u0119\u0142y [&hellip;]<\/p>\n","protected":false},"author":1,"featured_media":2213,"comment_status":"closed","ping_status":"closed","sticky":false,"template":"","format":"standard","meta":{"footnotes":""},"categories":[5],"tags":[],"class_list":["post-4386","post","type-post","status-publish","format-standard","has-post-thumbnail","hentry","category-s-p-bielsk"],"_links":{"self":[{"href":"https:\/\/spbielsk.pl\/index.php?rest_route=\/wp\/v2\/posts\/4386","targetHints":{"allow":["GET"]}}],"collection":[{"href":"https:\/\/spbielsk.pl\/index.php?rest_route=\/wp\/v2\/posts"}],"about":[{"href":"https:\/\/spbielsk.pl\/index.php?rest_route=\/wp\/v2\/types\/post"}],"author":[{"embeddable":true,"href":"https:\/\/spbielsk.pl\/index.php?rest_route=\/wp\/v2\/users\/1"}],"replies":[{"embeddable":true,"href":"https:\/\/spbielsk.pl\/index.php?rest_route=%2Fwp%2Fv2%2Fcomments&post=4386"}],"version-history":[{"count":1,"href":"https:\/\/spbielsk.pl\/index.php?rest_route=\/wp\/v2\/posts\/4386\/revisions"}],"predecessor-version":[{"id":4387,"href":"https:\/\/spbielsk.pl\/index.php?rest_route=\/wp\/v2\/posts\/4386\/revisions\/4387"}],"wp:featuredmedia":[{"embeddable":true,"href":"https:\/\/spbielsk.pl\/index.php?rest_route=\/wp\/v2\/media\/2213"}],"wp:attachment":[{"href":"https:\/\/spbielsk.pl\/index.php?rest_route=%2Fwp%2Fv2%2Fmedia&parent=4386"}],"wp:term":[{"taxonomy":"category","embeddable":true,"href":"https:\/\/spbielsk.pl\/index.php?rest_route=%2Fwp%2Fv2%2Fcategories&post=4386"},{"taxonomy":"post_tag","embeddable":true,"href":"https:\/\/spbielsk.pl\/index.php?rest_route=%2Fwp%2Fv2%2Ftags&post=4386"}],"curies":[{"name":"wp","href":"https:\/\/api.w.org\/{rel}","templated":true}]}}