{"id":4382,"date":"2019-05-30T20:22:06","date_gmt":"2019-05-30T19:22:06","guid":{"rendered":"http:\/\/spbielsk.pl\/?p=4382"},"modified":"2019-05-30T20:22:06","modified_gmt":"2019-05-30T19:22:06","slug":"konkurs-plastyczny-stanislaw-moniuszko-czlowiek-roku-2019","status":"publish","type":"post","link":"https:\/\/spbielsk.pl\/?p=4382","title":{"rendered":"Konkurs plastyczny \u201eStanis\u0142aw Moniuszko \u2013 cz\u0142owiek roku 2019\u201d"},"content":{"rendered":"<p style=\"text-align: justify;\">W zawi\u0105zku z ustanowieniem roku 2019 rokiem Stanis\u0142awa Moniuszki p. Renata Dymek, p. Wies\u0142awa Rosmanowska i p. Aneta Skom\u00f3rska zorganizowa\u0142y w naszej szkole konkurs plastyczny dla uczni\u00f3w klas 5 \u2013 8. Form\u0105 pracy by\u0142 plakat.<br \/>\nCelem konkursu by\u0142o: rozwijanie postawy patriotycznej, przybli\u017cenie postaci Stanis\u0142awa Moniuszki, pobudzanie uczni\u00f3w do aktywno\u015bci tw\u00f3rczej na forum szko\u0142y, rozwijanie zdolno\u015bci plastycznych.<br \/>\nKomisja oceniaj\u0105ca bra\u0142a pod uwag\u0119: zgodno\u015b\u0107 z tematyk\u0105, pomys\u0142owo\u015b\u0107 i ciekawe uj\u0119cie tematu oraz estetyk\u0119 pracy.<br \/>\nSk\u0142ad komisji: p. Milena Wi\u015bniewska, p. Katarzyna Rajkowska, p. Bo\u017cena W\u00f3jcik.<br \/>\nMiejsca nagrodzone:<strong> Maja Kurek klasa 7a \u2013 1 miejsce, Julia Dymek klasa 8b \u2013 2 miejsce, Zofia Jakubowska klasa 2b \u2013 3 miejsce.<\/strong><br \/>\nUczniowie nagrodzeni otrzymali dyplomy i nagrody ksi\u0105\u017ckowe.<\/p>\n","protected":false},"excerpt":{"rendered":"<p>W zawi\u0105zku z ustanowieniem roku 2019 rokiem Stanis\u0142awa Moniuszki p. Renata Dymek, p. Wies\u0142awa Rosmanowska i p. Aneta Skom\u00f3rska zorganizowa\u0142y w naszej szkole konkurs plastyczny dla uczni\u00f3w klas 5 \u2013 8. Form\u0105 pracy by\u0142 plakat. Celem konkursu by\u0142o: rozwijanie postawy patriotycznej, przybli\u017cenie postaci Stanis\u0142awa Moniuszki, pobudzanie uczni\u00f3w do aktywno\u015bci tw\u00f3rczej na forum szko\u0142y, rozwijanie zdolno\u015bci [&hellip;]<\/p>\n","protected":false},"author":1,"featured_media":4383,"comment_status":"closed","ping_status":"closed","sticky":false,"template":"","format":"standard","meta":{"footnotes":""},"categories":[5],"tags":[],"class_list":["post-4382","post","type-post","status-publish","format-standard","has-post-thumbnail","hentry","category-s-p-bielsk"],"_links":{"self":[{"href":"https:\/\/spbielsk.pl\/index.php?rest_route=\/wp\/v2\/posts\/4382","targetHints":{"allow":["GET"]}}],"collection":[{"href":"https:\/\/spbielsk.pl\/index.php?rest_route=\/wp\/v2\/posts"}],"about":[{"href":"https:\/\/spbielsk.pl\/index.php?rest_route=\/wp\/v2\/types\/post"}],"author":[{"embeddable":true,"href":"https:\/\/spbielsk.pl\/index.php?rest_route=\/wp\/v2\/users\/1"}],"replies":[{"embeddable":true,"href":"https:\/\/spbielsk.pl\/index.php?rest_route=%2Fwp%2Fv2%2Fcomments&post=4382"}],"version-history":[{"count":1,"href":"https:\/\/spbielsk.pl\/index.php?rest_route=\/wp\/v2\/posts\/4382\/revisions"}],"predecessor-version":[{"id":4384,"href":"https:\/\/spbielsk.pl\/index.php?rest_route=\/wp\/v2\/posts\/4382\/revisions\/4384"}],"wp:featuredmedia":[{"embeddable":true,"href":"https:\/\/spbielsk.pl\/index.php?rest_route=\/wp\/v2\/media\/4383"}],"wp:attachment":[{"href":"https:\/\/spbielsk.pl\/index.php?rest_route=%2Fwp%2Fv2%2Fmedia&parent=4382"}],"wp:term":[{"taxonomy":"category","embeddable":true,"href":"https:\/\/spbielsk.pl\/index.php?rest_route=%2Fwp%2Fv2%2Fcategories&post=4382"},{"taxonomy":"post_tag","embeddable":true,"href":"https:\/\/spbielsk.pl\/index.php?rest_route=%2Fwp%2Fv2%2Ftags&post=4382"}],"curies":[{"name":"wp","href":"https:\/\/api.w.org\/{rel}","templated":true}]}}