{"id":4345,"date":"2019-05-25T20:06:01","date_gmt":"2019-05-25T19:06:01","guid":{"rendered":"http:\/\/spbielsk.pl\/?p=4345"},"modified":"2019-05-25T20:06:01","modified_gmt":"2019-05-25T19:06:01","slug":"ogolnopolski-tydzien-bibliotek-2019","status":"publish","type":"post","link":"https:\/\/spbielsk.pl\/?p=4345","title":{"rendered":"OG\u00d3LNOPOLSKI TYDZIE\u0143 BIBLIOTEK 2019"},"content":{"rendered":"<p style=\"text-align: justify;\">W dn. 08.05.2019 r. \u2013 15.05.2019 r. biblioteka szkolna uczestniczy\u0142a w corocznych obchodach Og\u00f3lnopolskiego Tygodnia Bibliotek. W ramach tego wydarzenia zainicjowano r\u00f3\u017cnorodne dzia\u0142ania popularyzuj\u0105ce czytelnictwo: przygotowano wystaw\u0119 \u201e<em>Ksi\u0105\u017cki zakazane<\/em>\u201d po\u015bwi\u0119con\u0105 publikacjom, kt\u00f3re na przestrzeni wiek\u00f3w podlega\u0142y ocenzurowaniu; przeprowadzono zaj\u0119cia biblioteczne dla klas pierwszych, podczas kt\u00f3rych zaprezentowano bajk\u0119 w wersji polsko-angielskiej z wykorzystaniem teatrzyku <em>kamishibai <\/em>oraz zorganizowano konkurs \u201e<em>Plastyczna interpretacja wybranej ba\u015bni<\/em>\u201d,\u00a0 kt\u00f3rego laureatami zostali Nikola Brudzy\u0144ska (1. miejsce), Zofia Jakubowska (2. miejsce), Gabriel Ma\u0107kiewicz (3. miejsce), Zuzanna \u0141\u0105czy\u0144ska (wyr\u00f3\u017cnienie) oraz Ksawery Kwasiborski (wyr\u00f3\u017cnienie).<!--more--><\/p>\n<p style=\"text-align: center;\">\r\n<div class=\"ngg-galleryoverview\" id=\"ngg-gallery-477-4345\">\r\n\r\n\t<!-- Slideshow link -->\r\n\t<div class=\"slideshowlink\">\r\n\t\t<a class=\"slideshowlink\" href=\"https:\/\/spbielsk.pl\/?p=4345&amp;show=slide\">\r\n\t\t\t[Show slideshow]\t\t<\/a>\r\n\t<\/div>\r\n\r\n\t\r\n\t<!-- Thumbnails -->\r\n\t\t\r\n\t<div id=\"ngg-image-13669\" class=\"ngg-gallery-thumbnail-box\"  >\r\n\t\t<div class=\"ngg-gallery-thumbnail\" >\r\n\t\t\t<a href=\"https:\/\/spbielsk.pl\/wp-content\/gallery\/tydzien-bibliotek-2019\/1.jpg\" title=\"0x0002\"   rel=\"lightbox[4345]\">\r\n\t\t\t\t\t\t\t\t<img decoding=\"async\" title=\"1\" alt=\"1\" src=\"https:\/\/spbielsk.pl\/wp-content\/gallery\/tydzien-bibliotek-2019\/thumbs\/thumbs_1.jpg\" width=\"120\" height=\"90\" \/>\r\n\t\t\t\t\t\t\t<\/a>\r\n\t\t<\/div>\r\n\t<\/div>\r\n\t\r\n\t\t\r\n \t\t\r\n\t<div id=\"ngg-image-13670\" class=\"ngg-gallery-thumbnail-box\"  >\r\n\t\t<div class=\"ngg-gallery-thumbnail\" >\r\n\t\t\t<a href=\"https:\/\/spbielsk.pl\/wp-content\/gallery\/tydzien-bibliotek-2019\/2.jpg\" title=\" \"   rel=\"lightbox[4345]\">\r\n\t\t\t\t\t\t\t\t<img decoding=\"async\" title=\"2\" alt=\"2\" src=\"https:\/\/spbielsk.pl\/wp-content\/gallery\/tydzien-bibliotek-2019\/thumbs\/thumbs_2.jpg\" width=\"120\" height=\"90\" \/>\r\n\t\t\t\t\t\t\t<\/a>\r\n\t\t<\/div>\r\n\t<\/div>\r\n\t\r\n\t\t\r\n \t\t\r\n\t<div id=\"ngg-image-13671\" class=\"ngg-gallery-thumbnail-box\"  >\r\n\t\t<div class=\"ngg-gallery-thumbnail\" >\r\n\t\t\t<a href=\"https:\/\/spbielsk.pl\/wp-content\/gallery\/tydzien-bibliotek-2019\/3.jpg\" title=\" \"   rel=\"lightbox[4345]\">\r\n\t\t\t\t\t\t\t\t<img decoding=\"async\" title=\"3\" alt=\"3\" src=\"https:\/\/spbielsk.pl\/wp-content\/gallery\/tydzien-bibliotek-2019\/thumbs\/thumbs_3.jpg\" width=\"120\" height=\"90\" \/>\r\n\t\t\t\t\t\t\t<\/a>\r\n\t\t<\/div>\r\n\t<\/div>\r\n\t\r\n\t\t\r\n \t\t\r\n\t<div id=\"ngg-image-13672\" class=\"ngg-gallery-thumbnail-box\"  >\r\n\t\t<div class=\"ngg-gallery-thumbnail\" >\r\n\t\t\t<a href=\"https:\/\/spbielsk.pl\/wp-content\/gallery\/tydzien-bibliotek-2019\/4.jpg\" title=\"0x0000\"   rel=\"lightbox[4345]\">\r\n\t\t\t\t\t\t\t\t<img loading=\"lazy\" decoding=\"async\" title=\"4\" alt=\"4\" src=\"https:\/\/spbielsk.pl\/wp-content\/gallery\/tydzien-bibliotek-2019\/thumbs\/thumbs_4.jpg\" width=\"120\" height=\"90\" \/>\r\n\t\t\t\t\t\t\t<\/a>\r\n\t\t<\/div>\r\n\t<\/div>\r\n\t\r\n\t\t\r\n \t\t\r\n\t<div id=\"ngg-image-13673\" class=\"ngg-gallery-thumbnail-box\"  >\r\n\t\t<div class=\"ngg-gallery-thumbnail\" >\r\n\t\t\t<a href=\"https:\/\/spbielsk.pl\/wp-content\/gallery\/tydzien-bibliotek-2019\/5.jpg\" title=\"0x0040\"   rel=\"lightbox[4345]\">\r\n\t\t\t\t\t\t\t\t<img loading=\"lazy\" decoding=\"async\" title=\"5\" alt=\"5\" src=\"https:\/\/spbielsk.pl\/wp-content\/gallery\/tydzien-bibliotek-2019\/thumbs\/thumbs_5.jpg\" width=\"120\" height=\"90\" \/>\r\n\t\t\t\t\t\t\t<\/a>\r\n\t\t<\/div>\r\n\t<\/div>\r\n\t\r\n\t\t\r\n \t \t\r\n\t<!-- Pagination -->\r\n \t<div class='ngg-clear'><\/div>\n \t\r\n<\/div>\r\n\r\n<\/p>\n","protected":false},"excerpt":{"rendered":"<p>W dn. 08.05.2019 r. \u2013 15.05.2019 r. biblioteka szkolna uczestniczy\u0142a w corocznych obchodach Og\u00f3lnopolskiego Tygodnia Bibliotek. W ramach tego wydarzenia zainicjowano r\u00f3\u017cnorodne dzia\u0142ania popularyzuj\u0105ce czytelnictwo: przygotowano wystaw\u0119 \u201eKsi\u0105\u017cki zakazane\u201d po\u015bwi\u0119con\u0105 publikacjom, kt\u00f3re na przestrzeni wiek\u00f3w podlega\u0142y ocenzurowaniu; przeprowadzono zaj\u0119cia biblioteczne dla klas pierwszych, podczas kt\u00f3rych zaprezentowano bajk\u0119 w wersji polsko-angielskiej z wykorzystaniem teatrzyku kamishibai oraz [&hellip;]<\/p>\n","protected":false},"author":1,"featured_media":2213,"comment_status":"closed","ping_status":"closed","sticky":false,"template":"","format":"standard","meta":{"footnotes":""},"categories":[5],"tags":[],"class_list":["post-4345","post","type-post","status-publish","format-standard","has-post-thumbnail","hentry","category-s-p-bielsk"],"_links":{"self":[{"href":"https:\/\/spbielsk.pl\/index.php?rest_route=\/wp\/v2\/posts\/4345","targetHints":{"allow":["GET"]}}],"collection":[{"href":"https:\/\/spbielsk.pl\/index.php?rest_route=\/wp\/v2\/posts"}],"about":[{"href":"https:\/\/spbielsk.pl\/index.php?rest_route=\/wp\/v2\/types\/post"}],"author":[{"embeddable":true,"href":"https:\/\/spbielsk.pl\/index.php?rest_route=\/wp\/v2\/users\/1"}],"replies":[{"embeddable":true,"href":"https:\/\/spbielsk.pl\/index.php?rest_route=%2Fwp%2Fv2%2Fcomments&post=4345"}],"version-history":[{"count":1,"href":"https:\/\/spbielsk.pl\/index.php?rest_route=\/wp\/v2\/posts\/4345\/revisions"}],"predecessor-version":[{"id":4347,"href":"https:\/\/spbielsk.pl\/index.php?rest_route=\/wp\/v2\/posts\/4345\/revisions\/4347"}],"wp:featuredmedia":[{"embeddable":true,"href":"https:\/\/spbielsk.pl\/index.php?rest_route=\/wp\/v2\/media\/2213"}],"wp:attachment":[{"href":"https:\/\/spbielsk.pl\/index.php?rest_route=%2Fwp%2Fv2%2Fmedia&parent=4345"}],"wp:term":[{"taxonomy":"category","embeddable":true,"href":"https:\/\/spbielsk.pl\/index.php?rest_route=%2Fwp%2Fv2%2Fcategories&post=4345"},{"taxonomy":"post_tag","embeddable":true,"href":"https:\/\/spbielsk.pl\/index.php?rest_route=%2Fwp%2Fv2%2Ftags&post=4345"}],"curies":[{"name":"wp","href":"https:\/\/api.w.org\/{rel}","templated":true}]}}