{"id":4339,"date":"2019-05-19T15:01:57","date_gmt":"2019-05-19T14:01:57","guid":{"rendered":"http:\/\/spbielsk.pl\/?p=4339"},"modified":"2019-05-19T15:01:57","modified_gmt":"2019-05-19T14:01:57","slug":"konkurs-historyczno-plastyczny-z-okazji-228-rocznicy-uchwalenia-konstytucji-3-maja-1791-roku","status":"publish","type":"post","link":"https:\/\/spbielsk.pl\/?p=4339","title":{"rendered":"KONKURS HISTORYCZNO-PLASTYCZNY Z OKAZJI 228. ROCZNICY UCHWALENIA KONSTYTUCJI 3 MAJA 1791 ROKU"},"content":{"rendered":"<p style=\"text-align: justify;\">W pi\u0105tek 17 maja mia\u0142o miejsce uroczyste podsumowanie i wr\u0119czenie nagr\u00f3d w konkursie historyczno-plastycznym. Uczniowie przygotowywali prace plastyczne, kt\u00f3re by\u0142y ocenianie w trzech kategoriach wiekowych: klasy I-III, IV-V oraz VI &#8211; VIII.<br \/>\nW ka\u017cdej kategorii wiekowej wp\u0142yn\u0119\u0142o kilkana\u015bcie prac, z kt\u00f3rych komisja konkursowa wybra\u0142a zwyci\u0119zc\u00f3w oraz wyr\u00f3\u017cnienia. Nagrodzone prace wystawione zosta\u0142y na specjalnie przygotowanych tablicach, kt\u00f3re mo\u017cna ogl\u0105da\u0107 na dolnym korytarzu. Nagrody wr\u0119czyli organizatorzy wraz z Panem Dyrektorem Artura Zdziarskiego, a pozyskano je ze \u015brodk\u00f3w Urz\u0119du Marsza\u0142kowskiego Wojew\u00f3dzkiego Mazowieckiego.<!--more--><\/p>\n<p style=\"text-align: justify;\">Laureaci konkursu:<br \/>\nKlasy I-III<br \/>\nI nagroda: Karolina Chmielewska Ib<br \/>\nwyr\u00f3\u017cnienia: Nikola Leszczy\u0144ska Ia; Wiktoria Miko\u0142ajczyk IIb; Alicja Rakowska Ic<\/p>\n<p style=\"text-align: justify;\">Klasy IV-V<br \/>\nI nagroda: Wiktoria Filant Vc<br \/>\nwyr\u00f3\u017cnienie: Julia Staniszewska IVa<\/p>\n<p style=\"text-align: justify;\">Klasy VI-VIII<br \/>\nI nagroda: Julia W\u00f3jcik VIIa<br \/>\nwyr\u00f3\u017cnienie: Roksana Staniszewska VIIIb<\/p>\n<p style=\"text-align: right;\">Serdecznie gratulujemy<\/p>\n<p style=\"text-align: right;\">Organizatorzy:<br \/>\n\u0141ukasz J\u0119drzejewski<br \/>\nAlicja Wojtunik<br \/>\nKamilla Pi\u0105tkowska<br \/>\nWies\u0142awa Rosmanowska<br \/>\nAneta Skom\u00f3rska<\/p>\n<p style=\"text-align: center;\">\r\n<div class=\"ngg-galleryoverview\" id=\"ngg-gallery-476-4339\">\r\n\r\n\t<!-- Slideshow link -->\r\n\t<div class=\"slideshowlink\">\r\n\t\t<a class=\"slideshowlink\" href=\"https:\/\/spbielsk.pl\/?p=4339&amp;show=slide\">\r\n\t\t\t[Show slideshow]\t\t<\/a>\r\n\t<\/div>\r\n\r\n\t\r\n\t<!-- Thumbnails -->\r\n\t\t\r\n\t<div id=\"ngg-image-13658\" class=\"ngg-gallery-thumbnail-box\"  >\r\n\t\t<div class=\"ngg-gallery-thumbnail\" >\r\n\t\t\t<a href=\"https:\/\/spbielsk.pl\/wp-content\/gallery\/3maj-2019\/1.jpg\" title=\" \"   rel=\"lightbox[4339]\">\r\n\t\t\t\t\t\t\t\t<img decoding=\"async\" title=\"1\" alt=\"1\" src=\"https:\/\/spbielsk.pl\/wp-content\/gallery\/3maj-2019\/thumbs\/thumbs_1.jpg\" width=\"120\" height=\"90\" \/>\r\n\t\t\t\t\t\t\t<\/a>\r\n\t\t<\/div>\r\n\t<\/div>\r\n\t\r\n\t\t\r\n \t\t\r\n\t<div id=\"ngg-image-13659\" class=\"ngg-gallery-thumbnail-box\"  >\r\n\t\t<div class=\"ngg-gallery-thumbnail\" >\r\n\t\t\t<a href=\"https:\/\/spbielsk.pl\/wp-content\/gallery\/3maj-2019\/2.jpg\" title=\" \"   rel=\"lightbox[4339]\">\r\n\t\t\t\t\t\t\t\t<img decoding=\"async\" title=\"2\" alt=\"2\" src=\"https:\/\/spbielsk.pl\/wp-content\/gallery\/3maj-2019\/thumbs\/thumbs_2.jpg\" width=\"120\" height=\"90\" \/>\r\n\t\t\t\t\t\t\t<\/a>\r\n\t\t<\/div>\r\n\t<\/div>\r\n\t\r\n\t\t\r\n \t\t\r\n\t<div id=\"ngg-image-13660\" class=\"ngg-gallery-thumbnail-box\"  >\r\n\t\t<div class=\"ngg-gallery-thumbnail\" >\r\n\t\t\t<a href=\"https:\/\/spbielsk.pl\/wp-content\/gallery\/3maj-2019\/20190517_104951.jpg\" title=\" \"   rel=\"lightbox[4339]\">\r\n\t\t\t\t\t\t\t\t<img decoding=\"async\" title=\"20190517_104951\" alt=\"20190517_104951\" src=\"https:\/\/spbielsk.pl\/wp-content\/gallery\/3maj-2019\/thumbs\/thumbs_20190517_104951.jpg\" width=\"120\" height=\"90\" \/>\r\n\t\t\t\t\t\t\t<\/a>\r\n\t\t<\/div>\r\n\t<\/div>\r\n\t\r\n\t\t\r\n \t\t\r\n\t<div id=\"ngg-image-13661\" class=\"ngg-gallery-thumbnail-box\"  >\r\n\t\t<div class=\"ngg-gallery-thumbnail\" >\r\n\t\t\t<a href=\"https:\/\/spbielsk.pl\/wp-content\/gallery\/3maj-2019\/20190517_105014.jpg\" title=\" \"   rel=\"lightbox[4339]\">\r\n\t\t\t\t\t\t\t\t<img loading=\"lazy\" decoding=\"async\" title=\"20190517_105014\" alt=\"20190517_105014\" src=\"https:\/\/spbielsk.pl\/wp-content\/gallery\/3maj-2019\/thumbs\/thumbs_20190517_105014.jpg\" width=\"120\" height=\"90\" \/>\r\n\t\t\t\t\t\t\t<\/a>\r\n\t\t<\/div>\r\n\t<\/div>\r\n\t\r\n\t\t\r\n \t\t\r\n\t<div id=\"ngg-image-13662\" class=\"ngg-gallery-thumbnail-box\"  >\r\n\t\t<div class=\"ngg-gallery-thumbnail\" >\r\n\t\t\t<a href=\"https:\/\/spbielsk.pl\/wp-content\/gallery\/3maj-2019\/20190517_105027.jpg\" title=\" \"   rel=\"lightbox[4339]\">\r\n\t\t\t\t\t\t\t\t<img loading=\"lazy\" decoding=\"async\" title=\"20190517_105027\" alt=\"20190517_105027\" src=\"https:\/\/spbielsk.pl\/wp-content\/gallery\/3maj-2019\/thumbs\/thumbs_20190517_105027.jpg\" width=\"120\" height=\"90\" \/>\r\n\t\t\t\t\t\t\t<\/a>\r\n\t\t<\/div>\r\n\t<\/div>\r\n\t\r\n\t\t\r\n \t\t\r\n\t<div id=\"ngg-image-13663\" class=\"ngg-gallery-thumbnail-box\"  >\r\n\t\t<div class=\"ngg-gallery-thumbnail\" >\r\n\t\t\t<a href=\"https:\/\/spbielsk.pl\/wp-content\/gallery\/3maj-2019\/20190517_105112.jpg\" title=\" \"   rel=\"lightbox[4339]\">\r\n\t\t\t\t\t\t\t\t<img loading=\"lazy\" decoding=\"async\" title=\"20190517_105112\" alt=\"20190517_105112\" src=\"https:\/\/spbielsk.pl\/wp-content\/gallery\/3maj-2019\/thumbs\/thumbs_20190517_105112.jpg\" width=\"120\" height=\"90\" \/>\r\n\t\t\t\t\t\t\t<\/a>\r\n\t\t<\/div>\r\n\t<\/div>\r\n\t\r\n\t\t\r\n \t\t\r\n\t<div id=\"ngg-image-13664\" class=\"ngg-gallery-thumbnail-box\"  >\r\n\t\t<div class=\"ngg-gallery-thumbnail\" >\r\n\t\t\t<a href=\"https:\/\/spbielsk.pl\/wp-content\/gallery\/3maj-2019\/20190517_105124.jpg\" title=\" \"   rel=\"lightbox[4339]\">\r\n\t\t\t\t\t\t\t\t<img loading=\"lazy\" decoding=\"async\" title=\"20190517_105124\" alt=\"20190517_105124\" src=\"https:\/\/spbielsk.pl\/wp-content\/gallery\/3maj-2019\/thumbs\/thumbs_20190517_105124.jpg\" width=\"120\" height=\"90\" \/>\r\n\t\t\t\t\t\t\t<\/a>\r\n\t\t<\/div>\r\n\t<\/div>\r\n\t\r\n\t\t\r\n \t\t\r\n\t<div id=\"ngg-image-13665\" class=\"ngg-gallery-thumbnail-box\"  >\r\n\t\t<div class=\"ngg-gallery-thumbnail\" >\r\n\t\t\t<a href=\"https:\/\/spbielsk.pl\/wp-content\/gallery\/3maj-2019\/20190517_105154.jpg\" title=\" \"   rel=\"lightbox[4339]\">\r\n\t\t\t\t\t\t\t\t<img loading=\"lazy\" decoding=\"async\" title=\"20190517_105154\" alt=\"20190517_105154\" src=\"https:\/\/spbielsk.pl\/wp-content\/gallery\/3maj-2019\/thumbs\/thumbs_20190517_105154.jpg\" width=\"120\" height=\"90\" \/>\r\n\t\t\t\t\t\t\t<\/a>\r\n\t\t<\/div>\r\n\t<\/div>\r\n\t\r\n\t\t\r\n \t\t\r\n\t<div id=\"ngg-image-13666\" class=\"ngg-gallery-thumbnail-box\"  >\r\n\t\t<div class=\"ngg-gallery-thumbnail\" >\r\n\t\t\t<a href=\"https:\/\/spbielsk.pl\/wp-content\/gallery\/3maj-2019\/20190517_105217.jpg\" title=\" \"   rel=\"lightbox[4339]\">\r\n\t\t\t\t\t\t\t\t<img loading=\"lazy\" decoding=\"async\" title=\"20190517_105217\" alt=\"20190517_105217\" src=\"https:\/\/spbielsk.pl\/wp-content\/gallery\/3maj-2019\/thumbs\/thumbs_20190517_105217.jpg\" width=\"120\" height=\"90\" \/>\r\n\t\t\t\t\t\t\t<\/a>\r\n\t\t<\/div>\r\n\t<\/div>\r\n\t\r\n\t\t\r\n \t\t\r\n\t<div id=\"ngg-image-13667\" class=\"ngg-gallery-thumbnail-box\"  >\r\n\t\t<div class=\"ngg-gallery-thumbnail\" >\r\n\t\t\t<a href=\"https:\/\/spbielsk.pl\/wp-content\/gallery\/3maj-2019\/20190517_105226.jpg\" title=\" \"   rel=\"lightbox[4339]\">\r\n\t\t\t\t\t\t\t\t<img loading=\"lazy\" decoding=\"async\" title=\"20190517_105226\" alt=\"20190517_105226\" src=\"https:\/\/spbielsk.pl\/wp-content\/gallery\/3maj-2019\/thumbs\/thumbs_20190517_105226.jpg\" width=\"120\" height=\"90\" \/>\r\n\t\t\t\t\t\t\t<\/a>\r\n\t\t<\/div>\r\n\t<\/div>\r\n\t\r\n\t\t\r\n \t\t\r\n\t<div id=\"ngg-image-13668\" class=\"ngg-gallery-thumbnail-box\"  >\r\n\t\t<div class=\"ngg-gallery-thumbnail\" >\r\n\t\t\t<a href=\"https:\/\/spbielsk.pl\/wp-content\/gallery\/3maj-2019\/20190517_105243.jpg\" title=\" \"   rel=\"lightbox[4339]\">\r\n\t\t\t\t\t\t\t\t<img loading=\"lazy\" decoding=\"async\" title=\"20190517_105243\" alt=\"20190517_105243\" src=\"https:\/\/spbielsk.pl\/wp-content\/gallery\/3maj-2019\/thumbs\/thumbs_20190517_105243.jpg\" width=\"120\" height=\"90\" \/>\r\n\t\t\t\t\t\t\t<\/a>\r\n\t\t<\/div>\r\n\t<\/div>\r\n\t\r\n\t\t\r\n \t \t\r\n\t<!-- Pagination -->\r\n \t<div class='ngg-clear'><\/div>\n \t\r\n<\/div>\r\n\r\n<\/p>\n","protected":false},"excerpt":{"rendered":"<p>W pi\u0105tek 17 maja mia\u0142o miejsce uroczyste podsumowanie i wr\u0119czenie nagr\u00f3d w konkursie historyczno-plastycznym. Uczniowie przygotowywali prace plastyczne, kt\u00f3re by\u0142y ocenianie w trzech kategoriach wiekowych: klasy I-III, IV-V oraz VI &#8211; VIII. W ka\u017cdej kategorii wiekowej wp\u0142yn\u0119\u0142o kilkana\u015bcie prac, z kt\u00f3rych komisja konkursowa wybra\u0142a zwyci\u0119zc\u00f3w oraz wyr\u00f3\u017cnienia. Nagrodzone prace wystawione zosta\u0142y na specjalnie przygotowanych tablicach, [&hellip;]<\/p>\n","protected":false},"author":1,"featured_media":4340,"comment_status":"closed","ping_status":"closed","sticky":false,"template":"","format":"standard","meta":{"footnotes":""},"categories":[5],"tags":[],"class_list":["post-4339","post","type-post","status-publish","format-standard","has-post-thumbnail","hentry","category-s-p-bielsk"],"_links":{"self":[{"href":"https:\/\/spbielsk.pl\/index.php?rest_route=\/wp\/v2\/posts\/4339","targetHints":{"allow":["GET"]}}],"collection":[{"href":"https:\/\/spbielsk.pl\/index.php?rest_route=\/wp\/v2\/posts"}],"about":[{"href":"https:\/\/spbielsk.pl\/index.php?rest_route=\/wp\/v2\/types\/post"}],"author":[{"embeddable":true,"href":"https:\/\/spbielsk.pl\/index.php?rest_route=\/wp\/v2\/users\/1"}],"replies":[{"embeddable":true,"href":"https:\/\/spbielsk.pl\/index.php?rest_route=%2Fwp%2Fv2%2Fcomments&post=4339"}],"version-history":[{"count":1,"href":"https:\/\/spbielsk.pl\/index.php?rest_route=\/wp\/v2\/posts\/4339\/revisions"}],"predecessor-version":[{"id":4341,"href":"https:\/\/spbielsk.pl\/index.php?rest_route=\/wp\/v2\/posts\/4339\/revisions\/4341"}],"wp:featuredmedia":[{"embeddable":true,"href":"https:\/\/spbielsk.pl\/index.php?rest_route=\/wp\/v2\/media\/4340"}],"wp:attachment":[{"href":"https:\/\/spbielsk.pl\/index.php?rest_route=%2Fwp%2Fv2%2Fmedia&parent=4339"}],"wp:term":[{"taxonomy":"category","embeddable":true,"href":"https:\/\/spbielsk.pl\/index.php?rest_route=%2Fwp%2Fv2%2Fcategories&post=4339"},{"taxonomy":"post_tag","embeddable":true,"href":"https:\/\/spbielsk.pl\/index.php?rest_route=%2Fwp%2Fv2%2Ftags&post=4339"}],"curies":[{"name":"wp","href":"https:\/\/api.w.org\/{rel}","templated":true}]}}