{"id":4308,"date":"2019-05-10T11:40:02","date_gmt":"2019-05-10T10:40:02","guid":{"rendered":"http:\/\/spbielsk.pl\/?p=4308"},"modified":"2019-05-13T10:37:51","modified_gmt":"2019-05-13T09:37:51","slug":"zebranie-z-rodzicami-osiagniecia-edukacyjne-i-zachowanie-uczniow","status":"publish","type":"post","link":"https:\/\/spbielsk.pl\/?p=4308","title":{"rendered":"ZEBRANIE Z RODZICAMI \u2013 OSI\u0104GNI\u0118CIA EDUKACYJNE I ZACHOWANIE UCZNI\u00d3W"},"content":{"rendered":"<p style=\"text-align: center;\"><strong>Wszystkie zebrania rozpoczynaj\u0105 si\u0119 o godzinie 16.00.<\/strong><\/p>\n<p style=\"text-align: center;\"><a href=\"http:\/\/spbielsk.pl\/wp-content\/uploads\/2019\/05\/zebrania-maj-19.jpg\" rel=\"lightbox[4308]\"><img fetchpriority=\"high\" decoding=\"async\" class=\"aligncenter wp-image-4309 size-medium\" src=\"http:\/\/spbielsk.pl\/wp-content\/uploads\/2019\/05\/zebrania-maj-19-280x300.jpg\" alt=\"\" width=\"280\" height=\"300\" srcset=\"https:\/\/spbielsk.pl\/wp-content\/uploads\/2019\/05\/zebrania-maj-19-280x300.jpg 280w, https:\/\/spbielsk.pl\/wp-content\/uploads\/2019\/05\/zebrania-maj-19.jpg 589w\" sizes=\"(max-width: 280px) 100vw, 280px\" \/><\/a><\/p>\n<p style=\"text-align: center;\">Dy\u017cur psychologa i pedagoga szkolnego w \u015brod\u0119 15:10 &#8211; 16:10.<\/p>\n","protected":false},"excerpt":{"rendered":"<p>Wszystkie zebrania rozpoczynaj\u0105 si\u0119 o godzinie 16.00. Dy\u017cur psychologa i pedagoga szkolnego w \u015brod\u0119 15:10 &#8211; 16:10.<\/p>\n","protected":false},"author":1,"featured_media":0,"comment_status":"closed","ping_status":"closed","sticky":false,"template":"","format":"standard","meta":{"footnotes":""},"categories":[5],"tags":[],"class_list":["post-4308","post","type-post","status-publish","format-standard","hentry","category-s-p-bielsk"],"_links":{"self":[{"href":"https:\/\/spbielsk.pl\/index.php?rest_route=\/wp\/v2\/posts\/4308","targetHints":{"allow":["GET"]}}],"collection":[{"href":"https:\/\/spbielsk.pl\/index.php?rest_route=\/wp\/v2\/posts"}],"about":[{"href":"https:\/\/spbielsk.pl\/index.php?rest_route=\/wp\/v2\/types\/post"}],"author":[{"embeddable":true,"href":"https:\/\/spbielsk.pl\/index.php?rest_route=\/wp\/v2\/users\/1"}],"replies":[{"embeddable":true,"href":"https:\/\/spbielsk.pl\/index.php?rest_route=%2Fwp%2Fv2%2Fcomments&post=4308"}],"version-history":[{"count":2,"href":"https:\/\/spbielsk.pl\/index.php?rest_route=\/wp\/v2\/posts\/4308\/revisions"}],"predecessor-version":[{"id":4320,"href":"https:\/\/spbielsk.pl\/index.php?rest_route=\/wp\/v2\/posts\/4308\/revisions\/4320"}],"wp:attachment":[{"href":"https:\/\/spbielsk.pl\/index.php?rest_route=%2Fwp%2Fv2%2Fmedia&parent=4308"}],"wp:term":[{"taxonomy":"category","embeddable":true,"href":"https:\/\/spbielsk.pl\/index.php?rest_route=%2Fwp%2Fv2%2Fcategories&post=4308"},{"taxonomy":"post_tag","embeddable":true,"href":"https:\/\/spbielsk.pl\/index.php?rest_route=%2Fwp%2Fv2%2Ftags&post=4308"}],"curies":[{"name":"wp","href":"https:\/\/api.w.org\/{rel}","templated":true}]}}