{"id":4276,"date":"2019-04-01T10:46:30","date_gmt":"2019-04-01T09:46:30","guid":{"rendered":"http:\/\/spbielsk.pl\/?p=4276"},"modified":"2019-04-01T10:46:30","modified_gmt":"2019-04-01T09:46:30","slug":"z-wizyta-w-jednostce-wojskowej","status":"publish","type":"post","link":"https:\/\/spbielsk.pl\/?p=4276","title":{"rendered":"Z WIZYT\u0104 W JEDNOSTCE WOJSKOWEJ"},"content":{"rendered":"<p style=\"text-align: justify;\"><strong>29 marca \u00a0uczniowie z klas sz\u00f3stych oraz klasy si\u00f3dmej \u201eA\u201d<\/strong>\u00a0 <strong>ze Szko\u0142y Podstawowej im. W\u0142adys\u0142awa Broniewskiego w Bielsku\u00a0 wzi\u0119li udzia\u0142 w dniu otwartym z okazji \u015bwi\u0119ta 37. Dywizjonu Rakietowego Obrony Powietrznej na terenie jednostki wojskowej w Bielicach ko\u0142o Sochaczewa. <\/strong><\/p>\n<p style=\"text-align: justify;\">Na miejsce dotarli\u015bmy oko\u0142o godziny dziesi\u0105tej. \u00a0Mieli\u015bmy okazj\u0119 zobaczy\u0107 mn\u00f3stwo niesamowitych maszyn wojskowych. Prawdziwe czo\u0142gi i samochody z rakietami, dzia\u0142ka i wyrzutnie rakiet. Ka\u017cdy sprz\u0119t by\u0142 prezentowany przez \u017co\u0142nierzy. <!--more-->Niekt\u00f3rzy mogli\u00a0 nawet usi\u0105\u015b\u0107 w kabinie takiego wozu bojowego. Wszystko robi\u0142o wielkie wra\u017cenie, bo nie ka\u017cdy mo\u017ce z bliska ogl\u0105da\u0107 tak profesjonalny sprz\u0119t. Du\u017cym zainteresowaniem cieszy\u0142o si\u0119 te\u017c wyposa\u017cenie \u017co\u0142nierza. Ka\u017cdy mia\u0142 okazj\u0119 za\u0142o\u017cy\u0107 wojskowy he\u0142m, mask\u0119 bojow\u0105 czy zobaczy\u0107 jak wygl\u0105da radio do komunikacji.\u00a0 Po prezentacji rozpocz\u0105\u0142 si\u0119 uroczysty apel. \u017bo\u0142nierze w kroku marszowym i odpowiednim szyku zaj\u0119li\u00a0 miejsca na placu. Po chwili uroczy\u015bcie zosta\u0142a wci\u0105gni\u0119ta flaga Polski na wysoki maszt. Przem\u00f3wienia wa\u017cnych go\u015bci i hymn naszego kraju w wykonaniu wojskowej orkiestry wielu z nas wprawi\u0142 w nastr\u00f3j dumy. Kto wie, \u00a0mo\u017ce niekt\u00f3rzy z nas zasil\u0105 w przysz\u0142o\u015bci szeregi naszej wspania\u0142ej armii.<\/p>\n<p style=\"text-align: center;\">\r\n<div class=\"ngg-galleryoverview\" id=\"ngg-gallery-463-4276\">\r\n\r\n\t<!-- Slideshow link -->\r\n\t<div class=\"slideshowlink\">\r\n\t\t<a class=\"slideshowlink\" href=\"https:\/\/spbielsk.pl\/?p=4276&amp;show=slide\">\r\n\t\t\t[Show slideshow]\t\t<\/a>\r\n\t<\/div>\r\n\r\n\t\r\n\t<!-- Thumbnails -->\r\n\t\t\r\n\t<div id=\"ngg-image-13333\" class=\"ngg-gallery-thumbnail-box\"  >\r\n\t\t<div class=\"ngg-gallery-thumbnail\" >\r\n\t\t\t<a href=\"https:\/\/spbielsk.pl\/wp-content\/gallery\/klasy-6-w-wojsku-2019\/img_0268.jpg\" title=\" \"   rel=\"lightbox[4276]\">\r\n\t\t\t\t\t\t\t\t<img decoding=\"async\" title=\"img_0268\" alt=\"img_0268\" src=\"https:\/\/spbielsk.pl\/wp-content\/gallery\/klasy-6-w-wojsku-2019\/thumbs\/thumbs_img_0268.jpg\" width=\"120\" height=\"90\" \/>\r\n\t\t\t\t\t\t\t<\/a>\r\n\t\t<\/div>\r\n\t<\/div>\r\n\t\r\n\t\t\r\n \t\t\r\n\t<div id=\"ngg-image-13334\" class=\"ngg-gallery-thumbnail-box\"  >\r\n\t\t<div class=\"ngg-gallery-thumbnail\" >\r\n\t\t\t<a href=\"https:\/\/spbielsk.pl\/wp-content\/gallery\/klasy-6-w-wojsku-2019\/img_0294.jpg\" title=\" \"   rel=\"lightbox[4276]\">\r\n\t\t\t\t\t\t\t\t<img decoding=\"async\" title=\"img_0294\" alt=\"img_0294\" src=\"https:\/\/spbielsk.pl\/wp-content\/gallery\/klasy-6-w-wojsku-2019\/thumbs\/thumbs_img_0294.jpg\" width=\"120\" height=\"90\" \/>\r\n\t\t\t\t\t\t\t<\/a>\r\n\t\t<\/div>\r\n\t<\/div>\r\n\t\r\n\t\t\r\n \t\t\r\n\t<div id=\"ngg-image-13335\" class=\"ngg-gallery-thumbnail-box\"  >\r\n\t\t<div class=\"ngg-gallery-thumbnail\" >\r\n\t\t\t<a href=\"https:\/\/spbielsk.pl\/wp-content\/gallery\/klasy-6-w-wojsku-2019\/img_20190329_101040.jpg\" title=\"sdr\"   rel=\"lightbox[4276]\">\r\n\t\t\t\t\t\t\t\t<img decoding=\"async\" title=\"sdr\" alt=\"sdr\" src=\"https:\/\/spbielsk.pl\/wp-content\/gallery\/klasy-6-w-wojsku-2019\/thumbs\/thumbs_img_20190329_101040.jpg\" width=\"120\" height=\"90\" \/>\r\n\t\t\t\t\t\t\t<\/a>\r\n\t\t<\/div>\r\n\t<\/div>\r\n\t\r\n\t\t\r\n \t\t\r\n\t<div id=\"ngg-image-13336\" class=\"ngg-gallery-thumbnail-box\"  >\r\n\t\t<div class=\"ngg-gallery-thumbnail\" >\r\n\t\t\t<a href=\"https:\/\/spbielsk.pl\/wp-content\/gallery\/klasy-6-w-wojsku-2019\/img_20190329_101044.jpg\" title=\"dav\"   rel=\"lightbox[4276]\">\r\n\t\t\t\t\t\t\t\t<img loading=\"lazy\" decoding=\"async\" title=\"dav\" alt=\"dav\" src=\"https:\/\/spbielsk.pl\/wp-content\/gallery\/klasy-6-w-wojsku-2019\/thumbs\/thumbs_img_20190329_101044.jpg\" width=\"120\" height=\"90\" \/>\r\n\t\t\t\t\t\t\t<\/a>\r\n\t\t<\/div>\r\n\t<\/div>\r\n\t\r\n\t\t\r\n \t\t\r\n\t<div id=\"ngg-image-13337\" class=\"ngg-gallery-thumbnail-box\"  >\r\n\t\t<div class=\"ngg-gallery-thumbnail\" >\r\n\t\t\t<a href=\"https:\/\/spbielsk.pl\/wp-content\/gallery\/klasy-6-w-wojsku-2019\/img_20190329_101100.jpg\" title=\"sdr\"   rel=\"lightbox[4276]\">\r\n\t\t\t\t\t\t\t\t<img loading=\"lazy\" decoding=\"async\" title=\"sdr\" alt=\"sdr\" src=\"https:\/\/spbielsk.pl\/wp-content\/gallery\/klasy-6-w-wojsku-2019\/thumbs\/thumbs_img_20190329_101100.jpg\" width=\"120\" height=\"90\" \/>\r\n\t\t\t\t\t\t\t<\/a>\r\n\t\t<\/div>\r\n\t<\/div>\r\n\t\r\n\t\t\r\n \t\t\r\n\t<div id=\"ngg-image-13338\" class=\"ngg-gallery-thumbnail-box\"  >\r\n\t\t<div class=\"ngg-gallery-thumbnail\" >\r\n\t\t\t<a href=\"https:\/\/spbielsk.pl\/wp-content\/gallery\/klasy-6-w-wojsku-2019\/img_20190329_101146.jpg\" title=\"sdr\"   rel=\"lightbox[4276]\">\r\n\t\t\t\t\t\t\t\t<img loading=\"lazy\" decoding=\"async\" title=\"sdr\" alt=\"sdr\" src=\"https:\/\/spbielsk.pl\/wp-content\/gallery\/klasy-6-w-wojsku-2019\/thumbs\/thumbs_img_20190329_101146.jpg\" width=\"120\" height=\"90\" \/>\r\n\t\t\t\t\t\t\t<\/a>\r\n\t\t<\/div>\r\n\t<\/div>\r\n\t\r\n\t\t\r\n \t\t\r\n\t<div id=\"ngg-image-13339\" class=\"ngg-gallery-thumbnail-box\"  >\r\n\t\t<div class=\"ngg-gallery-thumbnail\" >\r\n\t\t\t<a href=\"https:\/\/spbielsk.pl\/wp-content\/gallery\/klasy-6-w-wojsku-2019\/img_20190329_101210.jpg\" title=\"dav\"   rel=\"lightbox[4276]\">\r\n\t\t\t\t\t\t\t\t<img loading=\"lazy\" decoding=\"async\" title=\"dav\" alt=\"dav\" src=\"https:\/\/spbielsk.pl\/wp-content\/gallery\/klasy-6-w-wojsku-2019\/thumbs\/thumbs_img_20190329_101210.jpg\" width=\"120\" height=\"90\" \/>\r\n\t\t\t\t\t\t\t<\/a>\r\n\t\t<\/div>\r\n\t<\/div>\r\n\t\r\n\t\t\r\n \t\t\r\n\t<div id=\"ngg-image-13340\" class=\"ngg-gallery-thumbnail-box\"  >\r\n\t\t<div class=\"ngg-gallery-thumbnail\" >\r\n\t\t\t<a href=\"https:\/\/spbielsk.pl\/wp-content\/gallery\/klasy-6-w-wojsku-2019\/img_20190329_101224.jpg\" title=\"sdr\"   rel=\"lightbox[4276]\">\r\n\t\t\t\t\t\t\t\t<img loading=\"lazy\" decoding=\"async\" title=\"sdr\" alt=\"sdr\" src=\"https:\/\/spbielsk.pl\/wp-content\/gallery\/klasy-6-w-wojsku-2019\/thumbs\/thumbs_img_20190329_101224.jpg\" width=\"120\" height=\"90\" \/>\r\n\t\t\t\t\t\t\t<\/a>\r\n\t\t<\/div>\r\n\t<\/div>\r\n\t\r\n\t\t\r\n \t\t\r\n\t<div id=\"ngg-image-13341\" class=\"ngg-gallery-thumbnail-box\"  >\r\n\t\t<div class=\"ngg-gallery-thumbnail\" >\r\n\t\t\t<a href=\"https:\/\/spbielsk.pl\/wp-content\/gallery\/klasy-6-w-wojsku-2019\/img_20190329_101240.jpg\" title=\"sdr\"   rel=\"lightbox[4276]\">\r\n\t\t\t\t\t\t\t\t<img loading=\"lazy\" decoding=\"async\" title=\"sdr\" alt=\"sdr\" src=\"https:\/\/spbielsk.pl\/wp-content\/gallery\/klasy-6-w-wojsku-2019\/thumbs\/thumbs_img_20190329_101240.jpg\" width=\"120\" height=\"90\" \/>\r\n\t\t\t\t\t\t\t<\/a>\r\n\t\t<\/div>\r\n\t<\/div>\r\n\t\r\n\t\t\r\n \t\t\r\n\t<div id=\"ngg-image-13342\" class=\"ngg-gallery-thumbnail-box\"  >\r\n\t\t<div class=\"ngg-gallery-thumbnail\" >\r\n\t\t\t<a href=\"https:\/\/spbielsk.pl\/wp-content\/gallery\/klasy-6-w-wojsku-2019\/img_20190329_101425.jpg\" title=\"sdr\"   rel=\"lightbox[4276]\">\r\n\t\t\t\t\t\t\t\t<img loading=\"lazy\" decoding=\"async\" title=\"sdr\" alt=\"sdr\" src=\"https:\/\/spbielsk.pl\/wp-content\/gallery\/klasy-6-w-wojsku-2019\/thumbs\/thumbs_img_20190329_101425.jpg\" width=\"120\" height=\"90\" \/>\r\n\t\t\t\t\t\t\t<\/a>\r\n\t\t<\/div>\r\n\t<\/div>\r\n\t\r\n\t\t\r\n \t\t\r\n\t<div id=\"ngg-image-13343\" class=\"ngg-gallery-thumbnail-box\"  >\r\n\t\t<div class=\"ngg-gallery-thumbnail\" >\r\n\t\t\t<a href=\"https:\/\/spbielsk.pl\/wp-content\/gallery\/klasy-6-w-wojsku-2019\/img_20190329_102305.jpg\" title=\"sdr\"   rel=\"lightbox[4276]\">\r\n\t\t\t\t\t\t\t\t<img loading=\"lazy\" decoding=\"async\" title=\"sdr\" alt=\"sdr\" src=\"https:\/\/spbielsk.pl\/wp-content\/gallery\/klasy-6-w-wojsku-2019\/thumbs\/thumbs_img_20190329_102305.jpg\" width=\"120\" height=\"90\" \/>\r\n\t\t\t\t\t\t\t<\/a>\r\n\t\t<\/div>\r\n\t<\/div>\r\n\t\r\n\t\t\r\n \t\t\r\n\t<div id=\"ngg-image-13344\" class=\"ngg-gallery-thumbnail-box\"  >\r\n\t\t<div class=\"ngg-gallery-thumbnail\" >\r\n\t\t\t<a href=\"https:\/\/spbielsk.pl\/wp-content\/gallery\/klasy-6-w-wojsku-2019\/img_20190329_102316.jpg\" title=\"sdr\"   rel=\"lightbox[4276]\">\r\n\t\t\t\t\t\t\t\t<img loading=\"lazy\" decoding=\"async\" title=\"sdr\" alt=\"sdr\" src=\"https:\/\/spbielsk.pl\/wp-content\/gallery\/klasy-6-w-wojsku-2019\/thumbs\/thumbs_img_20190329_102316.jpg\" width=\"120\" height=\"90\" \/>\r\n\t\t\t\t\t\t\t<\/a>\r\n\t\t<\/div>\r\n\t<\/div>\r\n\t\r\n\t\t\r\n \t\t\r\n\t<div id=\"ngg-image-13345\" class=\"ngg-gallery-thumbnail-box\"  >\r\n\t\t<div class=\"ngg-gallery-thumbnail\" >\r\n\t\t\t<a href=\"https:\/\/spbielsk.pl\/wp-content\/gallery\/klasy-6-w-wojsku-2019\/img_20190329_102319.jpg\" title=\"dav\"   rel=\"lightbox[4276]\">\r\n\t\t\t\t\t\t\t\t<img loading=\"lazy\" decoding=\"async\" title=\"dav\" alt=\"dav\" src=\"https:\/\/spbielsk.pl\/wp-content\/gallery\/klasy-6-w-wojsku-2019\/thumbs\/thumbs_img_20190329_102319.jpg\" width=\"120\" height=\"90\" \/>\r\n\t\t\t\t\t\t\t<\/a>\r\n\t\t<\/div>\r\n\t<\/div>\r\n\t\r\n\t\t\r\n \t\t\r\n\t<div id=\"ngg-image-13346\" class=\"ngg-gallery-thumbnail-box\"  >\r\n\t\t<div class=\"ngg-gallery-thumbnail\" >\r\n\t\t\t<a href=\"https:\/\/spbielsk.pl\/wp-content\/gallery\/klasy-6-w-wojsku-2019\/img_20190329_102334.jpg\" title=\"sdr\"   rel=\"lightbox[4276]\">\r\n\t\t\t\t\t\t\t\t<img loading=\"lazy\" decoding=\"async\" title=\"sdr\" alt=\"sdr\" src=\"https:\/\/spbielsk.pl\/wp-content\/gallery\/klasy-6-w-wojsku-2019\/thumbs\/thumbs_img_20190329_102334.jpg\" width=\"120\" height=\"90\" \/>\r\n\t\t\t\t\t\t\t<\/a>\r\n\t\t<\/div>\r\n\t<\/div>\r\n\t\r\n\t\t\r\n \t\t\r\n\t<div id=\"ngg-image-13347\" class=\"ngg-gallery-thumbnail-box\"  >\r\n\t\t<div class=\"ngg-gallery-thumbnail\" >\r\n\t\t\t<a href=\"https:\/\/spbielsk.pl\/wp-content\/gallery\/klasy-6-w-wojsku-2019\/img_20190329_102629.jpg\" title=\"sdr\"   rel=\"lightbox[4276]\">\r\n\t\t\t\t\t\t\t\t<img loading=\"lazy\" decoding=\"async\" title=\"sdr\" alt=\"sdr\" src=\"https:\/\/spbielsk.pl\/wp-content\/gallery\/klasy-6-w-wojsku-2019\/thumbs\/thumbs_img_20190329_102629.jpg\" width=\"120\" height=\"90\" \/>\r\n\t\t\t\t\t\t\t<\/a>\r\n\t\t<\/div>\r\n\t<\/div>\r\n\t\r\n\t\t\r\n \t\t\r\n\t<div id=\"ngg-image-13348\" class=\"ngg-gallery-thumbnail-box\"  >\r\n\t\t<div class=\"ngg-gallery-thumbnail\" >\r\n\t\t\t<a href=\"https:\/\/spbielsk.pl\/wp-content\/gallery\/klasy-6-w-wojsku-2019\/img_20190329_102717.jpg\" title=\"dav\"   rel=\"lightbox[4276]\">\r\n\t\t\t\t\t\t\t\t<img loading=\"lazy\" decoding=\"async\" title=\"dav\" alt=\"dav\" src=\"https:\/\/spbielsk.pl\/wp-content\/gallery\/klasy-6-w-wojsku-2019\/thumbs\/thumbs_img_20190329_102717.jpg\" width=\"120\" height=\"90\" \/>\r\n\t\t\t\t\t\t\t<\/a>\r\n\t\t<\/div>\r\n\t<\/div>\r\n\t\r\n\t\t\r\n \t\t\r\n\t<div id=\"ngg-image-13349\" class=\"ngg-gallery-thumbnail-box\"  >\r\n\t\t<div class=\"ngg-gallery-thumbnail\" >\r\n\t\t\t<a href=\"https:\/\/spbielsk.pl\/wp-content\/gallery\/klasy-6-w-wojsku-2019\/img_20190329_102849.jpg\" title=\"sdr\"   rel=\"lightbox[4276]\">\r\n\t\t\t\t\t\t\t\t<img loading=\"lazy\" decoding=\"async\" title=\"sdr\" alt=\"sdr\" src=\"https:\/\/spbielsk.pl\/wp-content\/gallery\/klasy-6-w-wojsku-2019\/thumbs\/thumbs_img_20190329_102849.jpg\" width=\"120\" height=\"90\" \/>\r\n\t\t\t\t\t\t\t<\/a>\r\n\t\t<\/div>\r\n\t<\/div>\r\n\t\r\n\t\t\r\n \t\t\r\n\t<div id=\"ngg-image-13350\" class=\"ngg-gallery-thumbnail-box\"  >\r\n\t\t<div class=\"ngg-gallery-thumbnail\" >\r\n\t\t\t<a href=\"https:\/\/spbielsk.pl\/wp-content\/gallery\/klasy-6-w-wojsku-2019\/img_20190329_102903.jpg\" title=\"dav\"   rel=\"lightbox[4276]\">\r\n\t\t\t\t\t\t\t\t<img loading=\"lazy\" decoding=\"async\" title=\"dav\" alt=\"dav\" src=\"https:\/\/spbielsk.pl\/wp-content\/gallery\/klasy-6-w-wojsku-2019\/thumbs\/thumbs_img_20190329_102903.jpg\" width=\"120\" height=\"90\" \/>\r\n\t\t\t\t\t\t\t<\/a>\r\n\t\t<\/div>\r\n\t<\/div>\r\n\t\r\n\t\t\r\n \t\t\r\n\t<div id=\"ngg-image-13351\" class=\"ngg-gallery-thumbnail-box\"  >\r\n\t\t<div class=\"ngg-gallery-thumbnail\" >\r\n\t\t\t<a href=\"https:\/\/spbielsk.pl\/wp-content\/gallery\/klasy-6-w-wojsku-2019\/img_20190329_102934.jpg\" title=\"sdr\"   rel=\"lightbox[4276]\">\r\n\t\t\t\t\t\t\t\t<img loading=\"lazy\" decoding=\"async\" title=\"sdr\" alt=\"sdr\" src=\"https:\/\/spbielsk.pl\/wp-content\/gallery\/klasy-6-w-wojsku-2019\/thumbs\/thumbs_img_20190329_102934.jpg\" width=\"120\" height=\"90\" \/>\r\n\t\t\t\t\t\t\t<\/a>\r\n\t\t<\/div>\r\n\t<\/div>\r\n\t\r\n\t\t\r\n \t\t\r\n\t<div id=\"ngg-image-13352\" class=\"ngg-gallery-thumbnail-box\"  >\r\n\t\t<div class=\"ngg-gallery-thumbnail\" >\r\n\t\t\t<a href=\"https:\/\/spbielsk.pl\/wp-content\/gallery\/klasy-6-w-wojsku-2019\/img_20190329_102941.jpg\" title=\"dav\"   rel=\"lightbox[4276]\">\r\n\t\t\t\t\t\t\t\t<img loading=\"lazy\" decoding=\"async\" title=\"dav\" alt=\"dav\" src=\"https:\/\/spbielsk.pl\/wp-content\/gallery\/klasy-6-w-wojsku-2019\/thumbs\/thumbs_img_20190329_102941.jpg\" width=\"120\" height=\"90\" \/>\r\n\t\t\t\t\t\t\t<\/a>\r\n\t\t<\/div>\r\n\t<\/div>\r\n\t\r\n\t\t\r\n \t\t\r\n\t<div id=\"ngg-image-13353\" class=\"ngg-gallery-thumbnail-box\"  >\r\n\t\t<div class=\"ngg-gallery-thumbnail\" >\r\n\t\t\t<a href=\"https:\/\/spbielsk.pl\/wp-content\/gallery\/klasy-6-w-wojsku-2019\/img_20190329_103147.jpg\" title=\"dav\"   rel=\"lightbox[4276]\">\r\n\t\t\t\t\t\t\t\t<img loading=\"lazy\" decoding=\"async\" title=\"dav\" alt=\"dav\" src=\"https:\/\/spbielsk.pl\/wp-content\/gallery\/klasy-6-w-wojsku-2019\/thumbs\/thumbs_img_20190329_103147.jpg\" width=\"120\" height=\"90\" \/>\r\n\t\t\t\t\t\t\t<\/a>\r\n\t\t<\/div>\r\n\t<\/div>\r\n\t\r\n\t\t\r\n \t\t\r\n\t<div id=\"ngg-image-13354\" class=\"ngg-gallery-thumbnail-box\"  >\r\n\t\t<div class=\"ngg-gallery-thumbnail\" >\r\n\t\t\t<a href=\"https:\/\/spbielsk.pl\/wp-content\/gallery\/klasy-6-w-wojsku-2019\/img_20190329_103154.jpg\" title=\"dav\"   rel=\"lightbox[4276]\">\r\n\t\t\t\t\t\t\t\t<img loading=\"lazy\" decoding=\"async\" title=\"dav\" alt=\"dav\" src=\"https:\/\/spbielsk.pl\/wp-content\/gallery\/klasy-6-w-wojsku-2019\/thumbs\/thumbs_img_20190329_103154.jpg\" width=\"120\" height=\"90\" \/>\r\n\t\t\t\t\t\t\t<\/a>\r\n\t\t<\/div>\r\n\t<\/div>\r\n\t\r\n\t\t\r\n \t\t\r\n\t<div id=\"ngg-image-13355\" class=\"ngg-gallery-thumbnail-box\"  >\r\n\t\t<div class=\"ngg-gallery-thumbnail\" >\r\n\t\t\t<a href=\"https:\/\/spbielsk.pl\/wp-content\/gallery\/klasy-6-w-wojsku-2019\/img_20190329_103222.jpg\" title=\"dav\"   rel=\"lightbox[4276]\">\r\n\t\t\t\t\t\t\t\t<img loading=\"lazy\" decoding=\"async\" title=\"dav\" alt=\"dav\" src=\"https:\/\/spbielsk.pl\/wp-content\/gallery\/klasy-6-w-wojsku-2019\/thumbs\/thumbs_img_20190329_103222.jpg\" width=\"120\" height=\"90\" \/>\r\n\t\t\t\t\t\t\t<\/a>\r\n\t\t<\/div>\r\n\t<\/div>\r\n\t\r\n\t\t\r\n \t\t\r\n\t<div id=\"ngg-image-13356\" class=\"ngg-gallery-thumbnail-box\"  >\r\n\t\t<div class=\"ngg-gallery-thumbnail\" >\r\n\t\t\t<a href=\"https:\/\/spbielsk.pl\/wp-content\/gallery\/klasy-6-w-wojsku-2019\/img_20190329_103316.jpg\" title=\"sdr\"   rel=\"lightbox[4276]\">\r\n\t\t\t\t\t\t\t\t<img loading=\"lazy\" decoding=\"async\" title=\"sdr\" alt=\"sdr\" src=\"https:\/\/spbielsk.pl\/wp-content\/gallery\/klasy-6-w-wojsku-2019\/thumbs\/thumbs_img_20190329_103316.jpg\" width=\"120\" height=\"90\" \/>\r\n\t\t\t\t\t\t\t<\/a>\r\n\t\t<\/div>\r\n\t<\/div>\r\n\t\r\n\t\t\r\n \t\t\r\n\t<div id=\"ngg-image-13357\" class=\"ngg-gallery-thumbnail-box\"  >\r\n\t\t<div class=\"ngg-gallery-thumbnail\" >\r\n\t\t\t<a href=\"https:\/\/spbielsk.pl\/wp-content\/gallery\/klasy-6-w-wojsku-2019\/img_20190329_103322.jpg\" title=\"sdr\"   rel=\"lightbox[4276]\">\r\n\t\t\t\t\t\t\t\t<img loading=\"lazy\" decoding=\"async\" title=\"sdr\" alt=\"sdr\" src=\"https:\/\/spbielsk.pl\/wp-content\/gallery\/klasy-6-w-wojsku-2019\/thumbs\/thumbs_img_20190329_103322.jpg\" width=\"120\" height=\"90\" \/>\r\n\t\t\t\t\t\t\t<\/a>\r\n\t\t<\/div>\r\n\t<\/div>\r\n\t\r\n\t\t\r\n \t\t\r\n\t<div id=\"ngg-image-13358\" class=\"ngg-gallery-thumbnail-box\"  >\r\n\t\t<div class=\"ngg-gallery-thumbnail\" >\r\n\t\t\t<a href=\"https:\/\/spbielsk.pl\/wp-content\/gallery\/klasy-6-w-wojsku-2019\/img_20190329_104051.jpg\" title=\"dav\"   rel=\"lightbox[4276]\">\r\n\t\t\t\t\t\t\t\t<img loading=\"lazy\" decoding=\"async\" title=\"dav\" alt=\"dav\" src=\"https:\/\/spbielsk.pl\/wp-content\/gallery\/klasy-6-w-wojsku-2019\/thumbs\/thumbs_img_20190329_104051.jpg\" width=\"120\" height=\"90\" \/>\r\n\t\t\t\t\t\t\t<\/a>\r\n\t\t<\/div>\r\n\t<\/div>\r\n\t\r\n\t\t\r\n \t\t\r\n\t<div id=\"ngg-image-13359\" class=\"ngg-gallery-thumbnail-box\"  >\r\n\t\t<div class=\"ngg-gallery-thumbnail\" >\r\n\t\t\t<a href=\"https:\/\/spbielsk.pl\/wp-content\/gallery\/klasy-6-w-wojsku-2019\/img_20190329_104750.jpg\" title=\"dav\"   rel=\"lightbox[4276]\">\r\n\t\t\t\t\t\t\t\t<img loading=\"lazy\" decoding=\"async\" title=\"dav\" alt=\"dav\" src=\"https:\/\/spbielsk.pl\/wp-content\/gallery\/klasy-6-w-wojsku-2019\/thumbs\/thumbs_img_20190329_104750.jpg\" width=\"120\" height=\"90\" \/>\r\n\t\t\t\t\t\t\t<\/a>\r\n\t\t<\/div>\r\n\t<\/div>\r\n\t\r\n\t\t\r\n \t\t\r\n\t<div id=\"ngg-image-13360\" class=\"ngg-gallery-thumbnail-box\"  >\r\n\t\t<div class=\"ngg-gallery-thumbnail\" >\r\n\t\t\t<a href=\"https:\/\/spbielsk.pl\/wp-content\/gallery\/klasy-6-w-wojsku-2019\/img_20190329_104754.jpg\" title=\"dav\"   rel=\"lightbox[4276]\">\r\n\t\t\t\t\t\t\t\t<img loading=\"lazy\" decoding=\"async\" title=\"dav\" alt=\"dav\" src=\"https:\/\/spbielsk.pl\/wp-content\/gallery\/klasy-6-w-wojsku-2019\/thumbs\/thumbs_img_20190329_104754.jpg\" width=\"120\" height=\"90\" \/>\r\n\t\t\t\t\t\t\t<\/a>\r\n\t\t<\/div>\r\n\t<\/div>\r\n\t\r\n\t\t\r\n \t\t\r\n\t<div id=\"ngg-image-13361\" class=\"ngg-gallery-thumbnail-box\"  >\r\n\t\t<div class=\"ngg-gallery-thumbnail\" >\r\n\t\t\t<a href=\"https:\/\/spbielsk.pl\/wp-content\/gallery\/klasy-6-w-wojsku-2019\/img_20190329_104807.jpg\" title=\"dav\"   rel=\"lightbox[4276]\">\r\n\t\t\t\t\t\t\t\t<img loading=\"lazy\" decoding=\"async\" title=\"dav\" alt=\"dav\" src=\"https:\/\/spbielsk.pl\/wp-content\/gallery\/klasy-6-w-wojsku-2019\/thumbs\/thumbs_img_20190329_104807.jpg\" width=\"120\" height=\"90\" \/>\r\n\t\t\t\t\t\t\t<\/a>\r\n\t\t<\/div>\r\n\t<\/div>\r\n\t\r\n\t\t\r\n \t\t\r\n\t<div id=\"ngg-image-13362\" class=\"ngg-gallery-thumbnail-box\"  >\r\n\t\t<div class=\"ngg-gallery-thumbnail\" >\r\n\t\t\t<a href=\"https:\/\/spbielsk.pl\/wp-content\/gallery\/klasy-6-w-wojsku-2019\/img_20190329_104853.jpg\" title=\"oznor\"   rel=\"lightbox[4276]\">\r\n\t\t\t\t\t\t\t\t<img loading=\"lazy\" decoding=\"async\" title=\"oznor\" alt=\"oznor\" src=\"https:\/\/spbielsk.pl\/wp-content\/gallery\/klasy-6-w-wojsku-2019\/thumbs\/thumbs_img_20190329_104853.jpg\" width=\"120\" height=\"90\" \/>\r\n\t\t\t\t\t\t\t<\/a>\r\n\t\t<\/div>\r\n\t<\/div>\r\n\t\r\n\t\t\r\n \t\t\r\n\t<div id=\"ngg-image-13363\" class=\"ngg-gallery-thumbnail-box\"  >\r\n\t\t<div class=\"ngg-gallery-thumbnail\" >\r\n\t\t\t<a href=\"https:\/\/spbielsk.pl\/wp-content\/gallery\/klasy-6-w-wojsku-2019\/img_20190329_104905.jpg\" title=\"oznor\"   rel=\"lightbox[4276]\">\r\n\t\t\t\t\t\t\t\t<img loading=\"lazy\" decoding=\"async\" title=\"oznor\" alt=\"oznor\" src=\"https:\/\/spbielsk.pl\/wp-content\/gallery\/klasy-6-w-wojsku-2019\/thumbs\/thumbs_img_20190329_104905.jpg\" width=\"120\" height=\"90\" \/>\r\n\t\t\t\t\t\t\t<\/a>\r\n\t\t<\/div>\r\n\t<\/div>\r\n\t\r\n\t\t\r\n \t\t\r\n\t<div id=\"ngg-image-13364\" class=\"ngg-gallery-thumbnail-box\"  >\r\n\t\t<div class=\"ngg-gallery-thumbnail\" >\r\n\t\t\t<a href=\"https:\/\/spbielsk.pl\/wp-content\/gallery\/klasy-6-w-wojsku-2019\/img_20190329_105649.jpg\" title=\"oznor\"   rel=\"lightbox[4276]\">\r\n\t\t\t\t\t\t\t\t<img loading=\"lazy\" decoding=\"async\" title=\"oznor\" alt=\"oznor\" src=\"https:\/\/spbielsk.pl\/wp-content\/gallery\/klasy-6-w-wojsku-2019\/thumbs\/thumbs_img_20190329_105649.jpg\" width=\"120\" height=\"90\" \/>\r\n\t\t\t\t\t\t\t<\/a>\r\n\t\t<\/div>\r\n\t<\/div>\r\n\t\r\n\t\t\r\n \t\t\r\n\t<div id=\"ngg-image-13365\" class=\"ngg-gallery-thumbnail-box\"  >\r\n\t\t<div class=\"ngg-gallery-thumbnail\" >\r\n\t\t\t<a href=\"https:\/\/spbielsk.pl\/wp-content\/gallery\/klasy-6-w-wojsku-2019\/img_20190329_110509.jpg\" title=\"oznor\"   rel=\"lightbox[4276]\">\r\n\t\t\t\t\t\t\t\t<img loading=\"lazy\" decoding=\"async\" title=\"oznor\" alt=\"oznor\" src=\"https:\/\/spbielsk.pl\/wp-content\/gallery\/klasy-6-w-wojsku-2019\/thumbs\/thumbs_img_20190329_110509.jpg\" width=\"120\" height=\"90\" \/>\r\n\t\t\t\t\t\t\t<\/a>\r\n\t\t<\/div>\r\n\t<\/div>\r\n\t\r\n\t\t\r\n \t\t\r\n\t<div id=\"ngg-image-13366\" class=\"ngg-gallery-thumbnail-box\"  >\r\n\t\t<div class=\"ngg-gallery-thumbnail\" >\r\n\t\t\t<a href=\"https:\/\/spbielsk.pl\/wp-content\/gallery\/klasy-6-w-wojsku-2019\/img_20190329_110601.jpg\" title=\"oznor\"   rel=\"lightbox[4276]\">\r\n\t\t\t\t\t\t\t\t<img loading=\"lazy\" decoding=\"async\" title=\"oznor\" alt=\"oznor\" src=\"https:\/\/spbielsk.pl\/wp-content\/gallery\/klasy-6-w-wojsku-2019\/thumbs\/thumbs_img_20190329_110601.jpg\" width=\"120\" height=\"90\" \/>\r\n\t\t\t\t\t\t\t<\/a>\r\n\t\t<\/div>\r\n\t<\/div>\r\n\t\r\n\t\t\r\n \t\t\r\n\t<div id=\"ngg-image-13367\" class=\"ngg-gallery-thumbnail-box\"  >\r\n\t\t<div class=\"ngg-gallery-thumbnail\" >\r\n\t\t\t<a href=\"https:\/\/spbielsk.pl\/wp-content\/gallery\/klasy-6-w-wojsku-2019\/img_20190329_110618.jpg\" title=\"oznor\"   rel=\"lightbox[4276]\">\r\n\t\t\t\t\t\t\t\t<img loading=\"lazy\" decoding=\"async\" title=\"oznor\" alt=\"oznor\" src=\"https:\/\/spbielsk.pl\/wp-content\/gallery\/klasy-6-w-wojsku-2019\/thumbs\/thumbs_img_20190329_110618.jpg\" width=\"120\" height=\"90\" \/>\r\n\t\t\t\t\t\t\t<\/a>\r\n\t\t<\/div>\r\n\t<\/div>\r\n\t\r\n\t\t\r\n \t\t\r\n\t<div id=\"ngg-image-13368\" class=\"ngg-gallery-thumbnail-box\"  >\r\n\t\t<div class=\"ngg-gallery-thumbnail\" >\r\n\t\t\t<a href=\"https:\/\/spbielsk.pl\/wp-content\/gallery\/klasy-6-w-wojsku-2019\/img_20190329_110641.jpg\" title=\"oznor\"   rel=\"lightbox[4276]\">\r\n\t\t\t\t\t\t\t\t<img loading=\"lazy\" decoding=\"async\" title=\"oznor\" alt=\"oznor\" src=\"https:\/\/spbielsk.pl\/wp-content\/gallery\/klasy-6-w-wojsku-2019\/thumbs\/thumbs_img_20190329_110641.jpg\" width=\"120\" height=\"90\" \/>\r\n\t\t\t\t\t\t\t<\/a>\r\n\t\t<\/div>\r\n\t<\/div>\r\n\t\r\n\t\t\r\n \t\t\r\n\t<div id=\"ngg-image-13369\" class=\"ngg-gallery-thumbnail-box\"  >\r\n\t\t<div class=\"ngg-gallery-thumbnail\" >\r\n\t\t\t<a href=\"https:\/\/spbielsk.pl\/wp-content\/gallery\/klasy-6-w-wojsku-2019\/img_20190329_110849.jpg\" title=\"oznor\"   rel=\"lightbox[4276]\">\r\n\t\t\t\t\t\t\t\t<img loading=\"lazy\" decoding=\"async\" title=\"oznor\" alt=\"oznor\" src=\"https:\/\/spbielsk.pl\/wp-content\/gallery\/klasy-6-w-wojsku-2019\/thumbs\/thumbs_img_20190329_110849.jpg\" width=\"120\" height=\"90\" \/>\r\n\t\t\t\t\t\t\t<\/a>\r\n\t\t<\/div>\r\n\t<\/div>\r\n\t\r\n\t\t\r\n \t \t\r\n\t<!-- Pagination -->\r\n \t<div class='ngg-clear'><\/div>\n \t\r\n<\/div>\r\n\r\n<\/p>\n","protected":false},"excerpt":{"rendered":"<p>29 marca \u00a0uczniowie z klas sz\u00f3stych oraz klasy si\u00f3dmej \u201eA\u201d\u00a0 ze Szko\u0142y Podstawowej im. W\u0142adys\u0142awa Broniewskiego w Bielsku\u00a0 wzi\u0119li udzia\u0142 w dniu otwartym z okazji \u015bwi\u0119ta 37. Dywizjonu Rakietowego Obrony Powietrznej na terenie jednostki wojskowej w Bielicach ko\u0142o Sochaczewa. Na miejsce dotarli\u015bmy oko\u0142o godziny dziesi\u0105tej. \u00a0Mieli\u015bmy okazj\u0119 zobaczy\u0107 mn\u00f3stwo niesamowitych maszyn wojskowych. Prawdziwe czo\u0142gi i [&hellip;]<\/p>\n","protected":false},"author":1,"featured_media":4277,"comment_status":"closed","ping_status":"closed","sticky":false,"template":"","format":"standard","meta":{"footnotes":""},"categories":[5],"tags":[],"class_list":["post-4276","post","type-post","status-publish","format-standard","has-post-thumbnail","hentry","category-s-p-bielsk"],"_links":{"self":[{"href":"https:\/\/spbielsk.pl\/index.php?rest_route=\/wp\/v2\/posts\/4276","targetHints":{"allow":["GET"]}}],"collection":[{"href":"https:\/\/spbielsk.pl\/index.php?rest_route=\/wp\/v2\/posts"}],"about":[{"href":"https:\/\/spbielsk.pl\/index.php?rest_route=\/wp\/v2\/types\/post"}],"author":[{"embeddable":true,"href":"https:\/\/spbielsk.pl\/index.php?rest_route=\/wp\/v2\/users\/1"}],"replies":[{"embeddable":true,"href":"https:\/\/spbielsk.pl\/index.php?rest_route=%2Fwp%2Fv2%2Fcomments&post=4276"}],"version-history":[{"count":1,"href":"https:\/\/spbielsk.pl\/index.php?rest_route=\/wp\/v2\/posts\/4276\/revisions"}],"predecessor-version":[{"id":4278,"href":"https:\/\/spbielsk.pl\/index.php?rest_route=\/wp\/v2\/posts\/4276\/revisions\/4278"}],"wp:featuredmedia":[{"embeddable":true,"href":"https:\/\/spbielsk.pl\/index.php?rest_route=\/wp\/v2\/media\/4277"}],"wp:attachment":[{"href":"https:\/\/spbielsk.pl\/index.php?rest_route=%2Fwp%2Fv2%2Fmedia&parent=4276"}],"wp:term":[{"taxonomy":"category","embeddable":true,"href":"https:\/\/spbielsk.pl\/index.php?rest_route=%2Fwp%2Fv2%2Fcategories&post=4276"},{"taxonomy":"post_tag","embeddable":true,"href":"https:\/\/spbielsk.pl\/index.php?rest_route=%2Fwp%2Fv2%2Ftags&post=4276"}],"curies":[{"name":"wp","href":"https:\/\/api.w.org\/{rel}","templated":true}]}}