{"id":4132,"date":"2019-02-26T10:12:04","date_gmt":"2019-02-26T09:12:04","guid":{"rendered":"http:\/\/spbielsk.pl\/?p=4132"},"modified":"2019-02-26T10:17:00","modified_gmt":"2019-02-26T09:17:00","slug":"dzien-mysli-braterskiej-w-szkole-podstawowej-w-bielsku-22-02-2019r","status":"publish","type":"post","link":"https:\/\/spbielsk.pl\/?p=4132","title":{"rendered":"DZIE\u0143 MY\u015aLI BRATERSKIEJ W SZKOLE PODSTAWOWEJ W BIELSKU \u2013 22.02.2019r."},"content":{"rendered":"<p style=\"text-align: justify;\"><strong>W ubieg\u0142y pi\u0105tek\u00a0 zuchy i harcerze ze Szko\u0142y Podstawowej im. W. Broniewskiego w Bielsku \u015bwi\u0119towali z okazji harcerskiego \u015bwi\u0119ta. W rocznic\u0119 urodzin za\u0142o\u017cyciela skautingu, Roberta Baden \u2013Powella, \u00a0odby\u0142o si\u0119 \u015bwieczkowisko w stylu india\u0144skim.<\/strong><\/p>\n<p style=\"text-align: justify;\">Zbi\u00f3rka rozpocz\u0119\u0142a si\u0119 o godzinie 18.00. Go\u015bciem specjalnym by\u0142 pan \u0141ukasz J\u0119drzejewski, kt\u00f3ry jest nauczycielem historii naszej szkole, jednak tym razem lekcja by\u0142a do\u015b\u0107 nietypowa, gdy\u017c pan J\u0119drzejewski jest stra\u017cakiem OSP w Go\u015blicach. Zebrali\u015bmy si\u0119 w harc\u00f3wce, a pan J\u0119drzejewski pokaza\u0142 nam czym jest s\u0142u\u017cba w stra\u017cy po\u017carnej.\u00a0 Z prezentacji, kt\u00f3r\u0105 obejrzeli\u015bmy, dowiedzieli\u015bmy si\u0119 o pocz\u0105tkach stra\u017cy w Polsce, jak wygl\u0105daj\u0105 ro\u017cnego rodzaje formacje stra\u017cackie, odzie\u017c specjalistyczna oraz dzia\u0142alno\u015b\u0107 stra\u017cak\u00f3w na rzecz naszej gminy.\u00a0 <!--more-->Pan J\u0119drzejewski przyni\u00f3s\u0142 ze sob\u0105 niesamowity sprz\u0119t, kt\u00f3ry nie ka\u017cdy mo\u017ce ogl\u0105da\u0107 i dotyka\u0107. By\u0142y to m.in.: damskie i m\u0119skie stroje reprezentacyjne, odzie\u017c bojowa, he\u0142m\u00a0 u\u017cywany w akcjach ratowniczych, r\u0119kawice ognioodporne, r\u00f3\u017cne nakrycia g\u0142owy, w tym he\u0142m w srebrnym kolorze, kt\u00f3ra by\u0142 u\u017cywany w dawniejszych czasach, \u00a0a dzi\u015b jest jedynie u\u017cywany okazjonalnie, r\u00f3\u017cnego rodzaju medale i odznaczenia, figurka patrona stra\u017cak\u00f3w, toporek czy apteczka pierwszej pomocy z pe\u0142nym wyposa\u017ceniem i kroniki pami\u0105tkowe . Przekonali\u015bmy si\u0119, \u017ce taki str\u00f3j do\u015b\u0107 sporo wa\u017cy, a praca stra\u017caka wymaga wielkiej odwagi i dzielno\u015bci. Niezb\u0119dna jest tak\u017ce sprawno\u015b\u0107 fizyczna i ch\u0119\u0107 udzielania pomocy tym, kt\u00f3rzy jej potrzebuj\u0105. Lekcja z panem J\u0119drzejewskim by\u0142a bardzo pouczaj\u0105ca i interesuj\u0105ca. Na pami\u0105tk\u0119 dostali\u015bmy tabliczki z kalendarzem stra\u017cackim i regulaminem zachowania si\u0119 podczas po\u017caru.<\/p>\n<p style=\"text-align: justify;\">Kolejnym punktem naszego \u015bwi\u0119towania by\u0142a gra terenowa. Podzielili\u015bmy si\u0119 na dwa india\u0144skie szczepy i rozpocz\u0119li\u015bmy rozgrywk\u0119.<\/p>\n<p style=\"text-align: justify;\">Pierwsze zadanie polega\u0142o na znalezieniu india\u0144skich pi\u00f3r, kt\u00f3re ozdobi\u0142y g\u0142owy przyw\u00f3dc\u00f3w naszych india\u0144skich klan\u00f3w. Zadanie by\u0142o \u0142atwe i wszyscy sobie z nim poradzili\u015bmy. Kolejnie polega\u0142o na odszukaniu, przy pomocy znak\u00f3w patrolowych, ukrytego skarbu Indian. Z tym te\u017c nie mieli\u015bmy problemu, a odnaleziony skarb kry\u0142 w sobie zaszyfrowan\u0105 wiadomo\u015b\u0107- m\u0105dre s\u0142owa naczelnego skauta \u015bwiata\u00a0 Roberta Baden &#8211; Powella. Na szcz\u0119\u015bcie uda\u0142o nam si\u0119 szybko z\u0142ama\u0107 szyfr i mogli\u015bmy wykona\u0107 kolejne zadanie. Ka\u017cdy Indianin musi mie\u0107 wigwam. My swoje zbudowali\u015bmy z \u00a0kijk\u00f3w i papieru. Druhny powiedzia\u0142y, \u017ce s\u0105 pi\u0119kne i nawet maj\u0105 pod\u0142og\u0119 oraz dywan.<\/p>\n<p style=\"text-align: justify;\">Po kolacji, o godzinie 21.00 rozpocz\u0119\u0142o si\u0119 \u015bwieczkowisko. Druhna Iza opowiedzia\u0142a nam india\u0144sk\u0105 gaw\u0119d\u0119 o ptaku, kt\u00f3ry ofiarowa\u0142 ludziom ogie\u0144. Ta pi\u0119kna historia uzmys\u0142owi\u0142a nam, \u017ce warto by\u0107 dobrym i bezinteresownym oraz warto troszczy\u0107 si\u0119 o innych, bo wtedy zyskujemy co\u015b bezcennego \u2013 u\u015bmiech na twarzach innych ludzi, a dobro, kt\u00f3re ofiarujemy do nas wraca.<\/p>\n<p style=\"text-align: justify;\">Za dzieln\u0105 postaw\u0119 i doskonal\u0105 wsp\u00f3\u0142prac\u0119 w india\u0144skich szczepach druhny odznaczy\u0142y nas medalem z wizerunkiem india\u0144skiego pi\u00f3ra, kt\u00f3re przypi\u0119te do munduru, b\u0119dzie nam przypomina\u0142o o szerzeniu dobra ka\u017cdego dnia.<\/p>\n<p style=\"text-align: justify;\">To by\u0142 niesamowity dzie\u0144, pe\u0142en wra\u017ce\u0144 i refleksji. Ka\u017cdy z nas dzielnie si\u0119 spisa\u0142, a nauka, kt\u00f3r\u0105\u00a0 zyskali\u015bmy, by\u0107 mo\u017ce w przysz\u0142o\u015bci zaowocuje i kto\u015b z nas b\u0119dzie pomaga\u0142 ludziom tak, jak ka\u017cdy odwa\u017cny stra\u017cak.<\/p>\n<p style=\"text-align: right;\">Czuwaj!<\/p>\n<p style=\"text-align: center;\">\r\n<div class=\"ngg-galleryoverview\" id=\"ngg-gallery-445-4132\">\r\n\r\n\t<!-- Slideshow link -->\r\n\t<div class=\"slideshowlink\">\r\n\t\t<a class=\"slideshowlink\" href=\"https:\/\/spbielsk.pl\/?p=4132&amp;show=slide\">\r\n\t\t\t[Show slideshow]\t\t<\/a>\r\n\t<\/div>\r\n\r\n\t\r\n\t<!-- Thumbnails -->\r\n\t\t\r\n\t<div id=\"ngg-image-12924\" class=\"ngg-gallery-thumbnail-box\"  >\r\n\t\t<div class=\"ngg-gallery-thumbnail\" >\r\n\t\t\t<a href=\"https:\/\/spbielsk.pl\/wp-content\/gallery\/dzien-mysli-brat-2019\/img_20190222_175800.jpg\" title=\"bty\"   rel=\"lightbox[4132]\">\r\n\t\t\t\t\t\t\t\t<img decoding=\"async\" title=\"bty\" alt=\"bty\" src=\"https:\/\/spbielsk.pl\/wp-content\/gallery\/dzien-mysli-brat-2019\/thumbs\/thumbs_img_20190222_175800.jpg\" width=\"120\" height=\"90\" \/>\r\n\t\t\t\t\t\t\t<\/a>\r\n\t\t<\/div>\r\n\t<\/div>\r\n\t\r\n\t\t\r\n \t\t\r\n\t<div id=\"ngg-image-12925\" class=\"ngg-gallery-thumbnail-box\"  >\r\n\t\t<div class=\"ngg-gallery-thumbnail\" >\r\n\t\t\t<a href=\"https:\/\/spbielsk.pl\/wp-content\/gallery\/dzien-mysli-brat-2019\/img_20190222_182256.jpg\" title=\"bty\"   rel=\"lightbox[4132]\">\r\n\t\t\t\t\t\t\t\t<img decoding=\"async\" title=\"bty\" alt=\"bty\" src=\"https:\/\/spbielsk.pl\/wp-content\/gallery\/dzien-mysli-brat-2019\/thumbs\/thumbs_img_20190222_182256.jpg\" width=\"120\" height=\"90\" \/>\r\n\t\t\t\t\t\t\t<\/a>\r\n\t\t<\/div>\r\n\t<\/div>\r\n\t\r\n\t\t\r\n \t\t\r\n\t<div id=\"ngg-image-12926\" class=\"ngg-gallery-thumbnail-box\"  >\r\n\t\t<div class=\"ngg-gallery-thumbnail\" >\r\n\t\t\t<a href=\"https:\/\/spbielsk.pl\/wp-content\/gallery\/dzien-mysli-brat-2019\/img_20190222_182313.jpg\" title=\"bty\"   rel=\"lightbox[4132]\">\r\n\t\t\t\t\t\t\t\t<img decoding=\"async\" title=\"bty\" alt=\"bty\" src=\"https:\/\/spbielsk.pl\/wp-content\/gallery\/dzien-mysli-brat-2019\/thumbs\/thumbs_img_20190222_182313.jpg\" width=\"120\" height=\"90\" \/>\r\n\t\t\t\t\t\t\t<\/a>\r\n\t\t<\/div>\r\n\t<\/div>\r\n\t\r\n\t\t\r\n \t\t\r\n\t<div id=\"ngg-image-12927\" class=\"ngg-gallery-thumbnail-box\"  >\r\n\t\t<div class=\"ngg-gallery-thumbnail\" >\r\n\t\t\t<a href=\"https:\/\/spbielsk.pl\/wp-content\/gallery\/dzien-mysli-brat-2019\/img_20190222_182319.jpg\" title=\"bty\"   rel=\"lightbox[4132]\">\r\n\t\t\t\t\t\t\t\t<img loading=\"lazy\" decoding=\"async\" title=\"bty\" alt=\"bty\" src=\"https:\/\/spbielsk.pl\/wp-content\/gallery\/dzien-mysli-brat-2019\/thumbs\/thumbs_img_20190222_182319.jpg\" width=\"120\" height=\"90\" \/>\r\n\t\t\t\t\t\t\t<\/a>\r\n\t\t<\/div>\r\n\t<\/div>\r\n\t\r\n\t\t\r\n \t\t\r\n\t<div id=\"ngg-image-12928\" class=\"ngg-gallery-thumbnail-box\"  >\r\n\t\t<div class=\"ngg-gallery-thumbnail\" >\r\n\t\t\t<a href=\"https:\/\/spbielsk.pl\/wp-content\/gallery\/dzien-mysli-brat-2019\/img_20190222_182325.jpg\" title=\"bty\"   rel=\"lightbox[4132]\">\r\n\t\t\t\t\t\t\t\t<img loading=\"lazy\" decoding=\"async\" title=\"bty\" alt=\"bty\" src=\"https:\/\/spbielsk.pl\/wp-content\/gallery\/dzien-mysli-brat-2019\/thumbs\/thumbs_img_20190222_182325.jpg\" width=\"120\" height=\"90\" \/>\r\n\t\t\t\t\t\t\t<\/a>\r\n\t\t<\/div>\r\n\t<\/div>\r\n\t\r\n\t\t\r\n \t\t\r\n\t<div id=\"ngg-image-12929\" class=\"ngg-gallery-thumbnail-box\"  >\r\n\t\t<div class=\"ngg-gallery-thumbnail\" >\r\n\t\t\t<a href=\"https:\/\/spbielsk.pl\/wp-content\/gallery\/dzien-mysli-brat-2019\/img_20190222_182332.jpg\" title=\"bty\"   rel=\"lightbox[4132]\">\r\n\t\t\t\t\t\t\t\t<img loading=\"lazy\" decoding=\"async\" title=\"bty\" alt=\"bty\" src=\"https:\/\/spbielsk.pl\/wp-content\/gallery\/dzien-mysli-brat-2019\/thumbs\/thumbs_img_20190222_182332.jpg\" width=\"120\" height=\"90\" \/>\r\n\t\t\t\t\t\t\t<\/a>\r\n\t\t<\/div>\r\n\t<\/div>\r\n\t\r\n\t\t\r\n \t\t\r\n\t<div id=\"ngg-image-12930\" class=\"ngg-gallery-thumbnail-box\"  >\r\n\t\t<div class=\"ngg-gallery-thumbnail\" >\r\n\t\t\t<a href=\"https:\/\/spbielsk.pl\/wp-content\/gallery\/dzien-mysli-brat-2019\/img_20190222_182343.jpg\" title=\"bty\"   rel=\"lightbox[4132]\">\r\n\t\t\t\t\t\t\t\t<img loading=\"lazy\" decoding=\"async\" title=\"bty\" alt=\"bty\" src=\"https:\/\/spbielsk.pl\/wp-content\/gallery\/dzien-mysli-brat-2019\/thumbs\/thumbs_img_20190222_182343.jpg\" width=\"120\" height=\"90\" \/>\r\n\t\t\t\t\t\t\t<\/a>\r\n\t\t<\/div>\r\n\t<\/div>\r\n\t\r\n\t\t\r\n \t\t\r\n\t<div id=\"ngg-image-12931\" class=\"ngg-gallery-thumbnail-box\"  >\r\n\t\t<div class=\"ngg-gallery-thumbnail\" >\r\n\t\t\t<a href=\"https:\/\/spbielsk.pl\/wp-content\/gallery\/dzien-mysli-brat-2019\/img_20190222_182708.jpg\" title=\"bty\"   rel=\"lightbox[4132]\">\r\n\t\t\t\t\t\t\t\t<img loading=\"lazy\" decoding=\"async\" title=\"bty\" alt=\"bty\" src=\"https:\/\/spbielsk.pl\/wp-content\/gallery\/dzien-mysli-brat-2019\/thumbs\/thumbs_img_20190222_182708.jpg\" width=\"120\" height=\"90\" \/>\r\n\t\t\t\t\t\t\t<\/a>\r\n\t\t<\/div>\r\n\t<\/div>\r\n\t\r\n\t\t\r\n \t\t\r\n\t<div id=\"ngg-image-12932\" class=\"ngg-gallery-thumbnail-box\"  >\r\n\t\t<div class=\"ngg-gallery-thumbnail\" >\r\n\t\t\t<a href=\"https:\/\/spbielsk.pl\/wp-content\/gallery\/dzien-mysli-brat-2019\/img_20190222_184234.jpg\" title=\"bty\"   rel=\"lightbox[4132]\">\r\n\t\t\t\t\t\t\t\t<img loading=\"lazy\" decoding=\"async\" title=\"bty\" alt=\"bty\" src=\"https:\/\/spbielsk.pl\/wp-content\/gallery\/dzien-mysli-brat-2019\/thumbs\/thumbs_img_20190222_184234.jpg\" width=\"120\" height=\"90\" \/>\r\n\t\t\t\t\t\t\t<\/a>\r\n\t\t<\/div>\r\n\t<\/div>\r\n\t\r\n\t\t\r\n \t\t\r\n\t<div id=\"ngg-image-12933\" class=\"ngg-gallery-thumbnail-box\"  >\r\n\t\t<div class=\"ngg-gallery-thumbnail\" >\r\n\t\t\t<a href=\"https:\/\/spbielsk.pl\/wp-content\/gallery\/dzien-mysli-brat-2019\/img_20190222_184243.jpg\" title=\"bty\"   rel=\"lightbox[4132]\">\r\n\t\t\t\t\t\t\t\t<img loading=\"lazy\" decoding=\"async\" title=\"bty\" alt=\"bty\" src=\"https:\/\/spbielsk.pl\/wp-content\/gallery\/dzien-mysli-brat-2019\/thumbs\/thumbs_img_20190222_184243.jpg\" width=\"120\" height=\"90\" \/>\r\n\t\t\t\t\t\t\t<\/a>\r\n\t\t<\/div>\r\n\t<\/div>\r\n\t\r\n\t\t\r\n \t\t\r\n\t<div id=\"ngg-image-12934\" class=\"ngg-gallery-thumbnail-box\"  >\r\n\t\t<div class=\"ngg-gallery-thumbnail\" >\r\n\t\t\t<a href=\"https:\/\/spbielsk.pl\/wp-content\/gallery\/dzien-mysli-brat-2019\/img_20190222_184317.jpg\" title=\"bty\"   rel=\"lightbox[4132]\">\r\n\t\t\t\t\t\t\t\t<img loading=\"lazy\" decoding=\"async\" title=\"bty\" alt=\"bty\" src=\"https:\/\/spbielsk.pl\/wp-content\/gallery\/dzien-mysli-brat-2019\/thumbs\/thumbs_img_20190222_184317.jpg\" width=\"120\" height=\"90\" \/>\r\n\t\t\t\t\t\t\t<\/a>\r\n\t\t<\/div>\r\n\t<\/div>\r\n\t\r\n\t\t\r\n \t\t\r\n\t<div id=\"ngg-image-12935\" class=\"ngg-gallery-thumbnail-box\"  >\r\n\t\t<div class=\"ngg-gallery-thumbnail\" >\r\n\t\t\t<a href=\"https:\/\/spbielsk.pl\/wp-content\/gallery\/dzien-mysli-brat-2019\/img_20190222_184344.jpg\" title=\"bty\"   rel=\"lightbox[4132]\">\r\n\t\t\t\t\t\t\t\t<img loading=\"lazy\" decoding=\"async\" title=\"bty\" alt=\"bty\" src=\"https:\/\/spbielsk.pl\/wp-content\/gallery\/dzien-mysli-brat-2019\/thumbs\/thumbs_img_20190222_184344.jpg\" width=\"120\" height=\"90\" \/>\r\n\t\t\t\t\t\t\t<\/a>\r\n\t\t<\/div>\r\n\t<\/div>\r\n\t\r\n\t\t\r\n \t\t\r\n\t<div id=\"ngg-image-12936\" class=\"ngg-gallery-thumbnail-box\"  >\r\n\t\t<div class=\"ngg-gallery-thumbnail\" >\r\n\t\t\t<a href=\"https:\/\/spbielsk.pl\/wp-content\/gallery\/dzien-mysli-brat-2019\/img_20190222_184412.jpg\" title=\"bty\"   rel=\"lightbox[4132]\">\r\n\t\t\t\t\t\t\t\t<img loading=\"lazy\" decoding=\"async\" title=\"bty\" alt=\"bty\" src=\"https:\/\/spbielsk.pl\/wp-content\/gallery\/dzien-mysli-brat-2019\/thumbs\/thumbs_img_20190222_184412.jpg\" width=\"120\" height=\"90\" \/>\r\n\t\t\t\t\t\t\t<\/a>\r\n\t\t<\/div>\r\n\t<\/div>\r\n\t\r\n\t\t\r\n \t\t\r\n\t<div id=\"ngg-image-12937\" class=\"ngg-gallery-thumbnail-box\"  >\r\n\t\t<div class=\"ngg-gallery-thumbnail\" >\r\n\t\t\t<a href=\"https:\/\/spbielsk.pl\/wp-content\/gallery\/dzien-mysli-brat-2019\/img_20190222_184419.jpg\" title=\"bty\"   rel=\"lightbox[4132]\">\r\n\t\t\t\t\t\t\t\t<img loading=\"lazy\" decoding=\"async\" title=\"bty\" alt=\"bty\" src=\"https:\/\/spbielsk.pl\/wp-content\/gallery\/dzien-mysli-brat-2019\/thumbs\/thumbs_img_20190222_184419.jpg\" width=\"120\" height=\"90\" \/>\r\n\t\t\t\t\t\t\t<\/a>\r\n\t\t<\/div>\r\n\t<\/div>\r\n\t\r\n\t\t\r\n \t\t\r\n\t<div id=\"ngg-image-12938\" class=\"ngg-gallery-thumbnail-box\"  >\r\n\t\t<div class=\"ngg-gallery-thumbnail\" >\r\n\t\t\t<a href=\"https:\/\/spbielsk.pl\/wp-content\/gallery\/dzien-mysli-brat-2019\/img_20190222_184506.jpg\" title=\"bty\"   rel=\"lightbox[4132]\">\r\n\t\t\t\t\t\t\t\t<img loading=\"lazy\" decoding=\"async\" title=\"bty\" alt=\"bty\" src=\"https:\/\/spbielsk.pl\/wp-content\/gallery\/dzien-mysli-brat-2019\/thumbs\/thumbs_img_20190222_184506.jpg\" width=\"120\" height=\"90\" \/>\r\n\t\t\t\t\t\t\t<\/a>\r\n\t\t<\/div>\r\n\t<\/div>\r\n\t\r\n\t\t\r\n \t\t\r\n\t<div id=\"ngg-image-12939\" class=\"ngg-gallery-thumbnail-box\"  >\r\n\t\t<div class=\"ngg-gallery-thumbnail\" >\r\n\t\t\t<a href=\"https:\/\/spbielsk.pl\/wp-content\/gallery\/dzien-mysli-brat-2019\/img_20190222_184531.jpg\" title=\"bty\"   rel=\"lightbox[4132]\">\r\n\t\t\t\t\t\t\t\t<img loading=\"lazy\" decoding=\"async\" title=\"bty\" alt=\"bty\" src=\"https:\/\/spbielsk.pl\/wp-content\/gallery\/dzien-mysli-brat-2019\/thumbs\/thumbs_img_20190222_184531.jpg\" width=\"120\" height=\"90\" \/>\r\n\t\t\t\t\t\t\t<\/a>\r\n\t\t<\/div>\r\n\t<\/div>\r\n\t\r\n\t\t\r\n \t\t\r\n\t<div id=\"ngg-image-12940\" class=\"ngg-gallery-thumbnail-box\"  >\r\n\t\t<div class=\"ngg-gallery-thumbnail\" >\r\n\t\t\t<a href=\"https:\/\/spbielsk.pl\/wp-content\/gallery\/dzien-mysli-brat-2019\/img_20190222_184537.jpg\" title=\"bty\"   rel=\"lightbox[4132]\">\r\n\t\t\t\t\t\t\t\t<img loading=\"lazy\" decoding=\"async\" title=\"bty\" alt=\"bty\" src=\"https:\/\/spbielsk.pl\/wp-content\/gallery\/dzien-mysli-brat-2019\/thumbs\/thumbs_img_20190222_184537.jpg\" width=\"120\" height=\"90\" \/>\r\n\t\t\t\t\t\t\t<\/a>\r\n\t\t<\/div>\r\n\t<\/div>\r\n\t\r\n\t\t\r\n \t\t\r\n\t<div id=\"ngg-image-12941\" class=\"ngg-gallery-thumbnail-box\"  >\r\n\t\t<div class=\"ngg-gallery-thumbnail\" >\r\n\t\t\t<a href=\"https:\/\/spbielsk.pl\/wp-content\/gallery\/dzien-mysli-brat-2019\/img_20190222_184540.jpg\" title=\"bty\"   rel=\"lightbox[4132]\">\r\n\t\t\t\t\t\t\t\t<img loading=\"lazy\" decoding=\"async\" title=\"bty\" alt=\"bty\" src=\"https:\/\/spbielsk.pl\/wp-content\/gallery\/dzien-mysli-brat-2019\/thumbs\/thumbs_img_20190222_184540.jpg\" width=\"120\" height=\"90\" \/>\r\n\t\t\t\t\t\t\t<\/a>\r\n\t\t<\/div>\r\n\t<\/div>\r\n\t\r\n\t\t\r\n \t\t\r\n\t<div id=\"ngg-image-12942\" class=\"ngg-gallery-thumbnail-box\"  >\r\n\t\t<div class=\"ngg-gallery-thumbnail\" >\r\n\t\t\t<a href=\"https:\/\/spbielsk.pl\/wp-content\/gallery\/dzien-mysli-brat-2019\/img_20190222_184548.jpg\" title=\"bty\"   rel=\"lightbox[4132]\">\r\n\t\t\t\t\t\t\t\t<img loading=\"lazy\" decoding=\"async\" title=\"bty\" alt=\"bty\" src=\"https:\/\/spbielsk.pl\/wp-content\/gallery\/dzien-mysli-brat-2019\/thumbs\/thumbs_img_20190222_184548.jpg\" width=\"120\" height=\"90\" \/>\r\n\t\t\t\t\t\t\t<\/a>\r\n\t\t<\/div>\r\n\t<\/div>\r\n\t\r\n\t\t\r\n \t\t\r\n\t<div id=\"ngg-image-12943\" class=\"ngg-gallery-thumbnail-box\"  >\r\n\t\t<div class=\"ngg-gallery-thumbnail\" >\r\n\t\t\t<a href=\"https:\/\/spbielsk.pl\/wp-content\/gallery\/dzien-mysli-brat-2019\/img_20190222_184746.jpg\" title=\"bty\"   rel=\"lightbox[4132]\">\r\n\t\t\t\t\t\t\t\t<img loading=\"lazy\" decoding=\"async\" title=\"bty\" alt=\"bty\" src=\"https:\/\/spbielsk.pl\/wp-content\/gallery\/dzien-mysli-brat-2019\/thumbs\/thumbs_img_20190222_184746.jpg\" width=\"120\" height=\"90\" \/>\r\n\t\t\t\t\t\t\t<\/a>\r\n\t\t<\/div>\r\n\t<\/div>\r\n\t\r\n\t\t\r\n \t\t\r\n\t<div id=\"ngg-image-12944\" class=\"ngg-gallery-thumbnail-box\"  >\r\n\t\t<div class=\"ngg-gallery-thumbnail\" >\r\n\t\t\t<a href=\"https:\/\/spbielsk.pl\/wp-content\/gallery\/dzien-mysli-brat-2019\/img_20190222_185334.jpg\" title=\"bty\"   rel=\"lightbox[4132]\">\r\n\t\t\t\t\t\t\t\t<img loading=\"lazy\" decoding=\"async\" title=\"bty\" alt=\"bty\" src=\"https:\/\/spbielsk.pl\/wp-content\/gallery\/dzien-mysli-brat-2019\/thumbs\/thumbs_img_20190222_185334.jpg\" width=\"120\" height=\"90\" \/>\r\n\t\t\t\t\t\t\t<\/a>\r\n\t\t<\/div>\r\n\t<\/div>\r\n\t\r\n\t\t\r\n \t\t\r\n\t<div id=\"ngg-image-12945\" class=\"ngg-gallery-thumbnail-box\"  >\r\n\t\t<div class=\"ngg-gallery-thumbnail\" >\r\n\t\t\t<a href=\"https:\/\/spbielsk.pl\/wp-content\/gallery\/dzien-mysli-brat-2019\/img_20190222_191315.jpg\" title=\"bty\"   rel=\"lightbox[4132]\">\r\n\t\t\t\t\t\t\t\t<img loading=\"lazy\" decoding=\"async\" title=\"bty\" alt=\"bty\" src=\"https:\/\/spbielsk.pl\/wp-content\/gallery\/dzien-mysli-brat-2019\/thumbs\/thumbs_img_20190222_191315.jpg\" width=\"120\" height=\"90\" \/>\r\n\t\t\t\t\t\t\t<\/a>\r\n\t\t<\/div>\r\n\t<\/div>\r\n\t\r\n\t\t\r\n \t\t\r\n\t<div id=\"ngg-image-12946\" class=\"ngg-gallery-thumbnail-box\"  >\r\n\t\t<div class=\"ngg-gallery-thumbnail\" >\r\n\t\t\t<a href=\"https:\/\/spbielsk.pl\/wp-content\/gallery\/dzien-mysli-brat-2019\/img_20190222_191334.jpg\" title=\"bty\"   rel=\"lightbox[4132]\">\r\n\t\t\t\t\t\t\t\t<img loading=\"lazy\" decoding=\"async\" title=\"bty\" alt=\"bty\" src=\"https:\/\/spbielsk.pl\/wp-content\/gallery\/dzien-mysli-brat-2019\/thumbs\/thumbs_img_20190222_191334.jpg\" width=\"120\" height=\"90\" \/>\r\n\t\t\t\t\t\t\t<\/a>\r\n\t\t<\/div>\r\n\t<\/div>\r\n\t\r\n\t\t\r\n \t\t\r\n\t<div id=\"ngg-image-12947\" class=\"ngg-gallery-thumbnail-box\"  >\r\n\t\t<div class=\"ngg-gallery-thumbnail\" >\r\n\t\t\t<a href=\"https:\/\/spbielsk.pl\/wp-content\/gallery\/dzien-mysli-brat-2019\/img_20190222_191346.jpg\" title=\"bty\"   rel=\"lightbox[4132]\">\r\n\t\t\t\t\t\t\t\t<img loading=\"lazy\" decoding=\"async\" title=\"bty\" alt=\"bty\" src=\"https:\/\/spbielsk.pl\/wp-content\/gallery\/dzien-mysli-brat-2019\/thumbs\/thumbs_img_20190222_191346.jpg\" width=\"120\" height=\"90\" \/>\r\n\t\t\t\t\t\t\t<\/a>\r\n\t\t<\/div>\r\n\t<\/div>\r\n\t\r\n\t\t\r\n \t\t\r\n\t<div id=\"ngg-image-12948\" class=\"ngg-gallery-thumbnail-box\"  >\r\n\t\t<div class=\"ngg-gallery-thumbnail\" >\r\n\t\t\t<a href=\"https:\/\/spbielsk.pl\/wp-content\/gallery\/dzien-mysli-brat-2019\/img_20190222_191451.jpg\" title=\"bty\"   rel=\"lightbox[4132]\">\r\n\t\t\t\t\t\t\t\t<img loading=\"lazy\" decoding=\"async\" title=\"bty\" alt=\"bty\" src=\"https:\/\/spbielsk.pl\/wp-content\/gallery\/dzien-mysli-brat-2019\/thumbs\/thumbs_img_20190222_191451.jpg\" width=\"120\" height=\"90\" \/>\r\n\t\t\t\t\t\t\t<\/a>\r\n\t\t<\/div>\r\n\t<\/div>\r\n\t\r\n\t\t\r\n \t\t\r\n\t<div id=\"ngg-image-12949\" class=\"ngg-gallery-thumbnail-box\"  >\r\n\t\t<div class=\"ngg-gallery-thumbnail\" >\r\n\t\t\t<a href=\"https:\/\/spbielsk.pl\/wp-content\/gallery\/dzien-mysli-brat-2019\/img_20190222_191758.jpg\" title=\"bty\"   rel=\"lightbox[4132]\">\r\n\t\t\t\t\t\t\t\t<img loading=\"lazy\" decoding=\"async\" title=\"bty\" alt=\"bty\" src=\"https:\/\/spbielsk.pl\/wp-content\/gallery\/dzien-mysli-brat-2019\/thumbs\/thumbs_img_20190222_191758.jpg\" width=\"120\" height=\"90\" \/>\r\n\t\t\t\t\t\t\t<\/a>\r\n\t\t<\/div>\r\n\t<\/div>\r\n\t\r\n\t\t\r\n \t\t\r\n\t<div id=\"ngg-image-12950\" class=\"ngg-gallery-thumbnail-box\"  >\r\n\t\t<div class=\"ngg-gallery-thumbnail\" >\r\n\t\t\t<a href=\"https:\/\/spbielsk.pl\/wp-content\/gallery\/dzien-mysli-brat-2019\/img_20190222_191842.jpg\" title=\"bty\"   rel=\"lightbox[4132]\">\r\n\t\t\t\t\t\t\t\t<img loading=\"lazy\" decoding=\"async\" title=\"bty\" alt=\"bty\" src=\"https:\/\/spbielsk.pl\/wp-content\/gallery\/dzien-mysli-brat-2019\/thumbs\/thumbs_img_20190222_191842.jpg\" width=\"120\" height=\"90\" \/>\r\n\t\t\t\t\t\t\t<\/a>\r\n\t\t<\/div>\r\n\t<\/div>\r\n\t\r\n\t\t\r\n \t\t\r\n\t<div id=\"ngg-image-12951\" class=\"ngg-gallery-thumbnail-box\"  >\r\n\t\t<div class=\"ngg-gallery-thumbnail\" >\r\n\t\t\t<a href=\"https:\/\/spbielsk.pl\/wp-content\/gallery\/dzien-mysli-brat-2019\/img_20190222_191935.jpg\" title=\"bty\"   rel=\"lightbox[4132]\">\r\n\t\t\t\t\t\t\t\t<img loading=\"lazy\" decoding=\"async\" title=\"bty\" alt=\"bty\" src=\"https:\/\/spbielsk.pl\/wp-content\/gallery\/dzien-mysli-brat-2019\/thumbs\/thumbs_img_20190222_191935.jpg\" width=\"120\" height=\"90\" \/>\r\n\t\t\t\t\t\t\t<\/a>\r\n\t\t<\/div>\r\n\t<\/div>\r\n\t\r\n\t\t\r\n \t\t\r\n\t<div id=\"ngg-image-12952\" class=\"ngg-gallery-thumbnail-box\"  >\r\n\t\t<div class=\"ngg-gallery-thumbnail\" >\r\n\t\t\t<a href=\"https:\/\/spbielsk.pl\/wp-content\/gallery\/dzien-mysli-brat-2019\/img_20190222_191959.jpg\" title=\"bty\"   rel=\"lightbox[4132]\">\r\n\t\t\t\t\t\t\t\t<img loading=\"lazy\" decoding=\"async\" title=\"bty\" alt=\"bty\" src=\"https:\/\/spbielsk.pl\/wp-content\/gallery\/dzien-mysli-brat-2019\/thumbs\/thumbs_img_20190222_191959.jpg\" width=\"120\" height=\"90\" \/>\r\n\t\t\t\t\t\t\t<\/a>\r\n\t\t<\/div>\r\n\t<\/div>\r\n\t\r\n\t\t\r\n \t\t\r\n\t<div id=\"ngg-image-12953\" class=\"ngg-gallery-thumbnail-box\"  >\r\n\t\t<div class=\"ngg-gallery-thumbnail\" >\r\n\t\t\t<a href=\"https:\/\/spbielsk.pl\/wp-content\/gallery\/dzien-mysli-brat-2019\/img_20190222_192242.jpg\" title=\"bty\"   rel=\"lightbox[4132]\">\r\n\t\t\t\t\t\t\t\t<img loading=\"lazy\" decoding=\"async\" title=\"bty\" alt=\"bty\" src=\"https:\/\/spbielsk.pl\/wp-content\/gallery\/dzien-mysli-brat-2019\/thumbs\/thumbs_img_20190222_192242.jpg\" width=\"120\" height=\"90\" \/>\r\n\t\t\t\t\t\t\t<\/a>\r\n\t\t<\/div>\r\n\t<\/div>\r\n\t\r\n\t\t\r\n \t\t\r\n\t<div id=\"ngg-image-12954\" class=\"ngg-gallery-thumbnail-box\"  >\r\n\t\t<div class=\"ngg-gallery-thumbnail\" >\r\n\t\t\t<a href=\"https:\/\/spbielsk.pl\/wp-content\/gallery\/dzien-mysli-brat-2019\/img_20190222_192333.jpg\" title=\"bty\"   rel=\"lightbox[4132]\">\r\n\t\t\t\t\t\t\t\t<img loading=\"lazy\" decoding=\"async\" title=\"bty\" alt=\"bty\" src=\"https:\/\/spbielsk.pl\/wp-content\/gallery\/dzien-mysli-brat-2019\/thumbs\/thumbs_img_20190222_192333.jpg\" width=\"120\" height=\"90\" \/>\r\n\t\t\t\t\t\t\t<\/a>\r\n\t\t<\/div>\r\n\t<\/div>\r\n\t\r\n\t\t\r\n \t\t\r\n\t<div id=\"ngg-image-12955\" class=\"ngg-gallery-thumbnail-box\"  >\r\n\t\t<div class=\"ngg-gallery-thumbnail\" >\r\n\t\t\t<a href=\"https:\/\/spbielsk.pl\/wp-content\/gallery\/dzien-mysli-brat-2019\/img_20190222_192335.jpg\" title=\"bty\"   rel=\"lightbox[4132]\">\r\n\t\t\t\t\t\t\t\t<img loading=\"lazy\" decoding=\"async\" title=\"bty\" alt=\"bty\" src=\"https:\/\/spbielsk.pl\/wp-content\/gallery\/dzien-mysli-brat-2019\/thumbs\/thumbs_img_20190222_192335.jpg\" width=\"120\" height=\"90\" \/>\r\n\t\t\t\t\t\t\t<\/a>\r\n\t\t<\/div>\r\n\t<\/div>\r\n\t\r\n\t\t\r\n \t\t\r\n\t<div id=\"ngg-image-12956\" class=\"ngg-gallery-thumbnail-box\"  >\r\n\t\t<div class=\"ngg-gallery-thumbnail\" >\r\n\t\t\t<a href=\"https:\/\/spbielsk.pl\/wp-content\/gallery\/dzien-mysli-brat-2019\/img_20190222_192339.jpg\" title=\"bty\"   rel=\"lightbox[4132]\">\r\n\t\t\t\t\t\t\t\t<img loading=\"lazy\" decoding=\"async\" title=\"bty\" alt=\"bty\" src=\"https:\/\/spbielsk.pl\/wp-content\/gallery\/dzien-mysli-brat-2019\/thumbs\/thumbs_img_20190222_192339.jpg\" width=\"120\" height=\"90\" \/>\r\n\t\t\t\t\t\t\t<\/a>\r\n\t\t<\/div>\r\n\t<\/div>\r\n\t\r\n\t\t\r\n \t\t\r\n\t<div id=\"ngg-image-12957\" class=\"ngg-gallery-thumbnail-box\"  >\r\n\t\t<div class=\"ngg-gallery-thumbnail\" >\r\n\t\t\t<a href=\"https:\/\/spbielsk.pl\/wp-content\/gallery\/dzien-mysli-brat-2019\/img_20190222_192715.jpg\" title=\"bty\"   rel=\"lightbox[4132]\">\r\n\t\t\t\t\t\t\t\t<img loading=\"lazy\" decoding=\"async\" title=\"bty\" alt=\"bty\" src=\"https:\/\/spbielsk.pl\/wp-content\/gallery\/dzien-mysli-brat-2019\/thumbs\/thumbs_img_20190222_192715.jpg\" width=\"120\" height=\"90\" \/>\r\n\t\t\t\t\t\t\t<\/a>\r\n\t\t<\/div>\r\n\t<\/div>\r\n\t\r\n\t\t\r\n \t\t\r\n\t<div id=\"ngg-image-12958\" class=\"ngg-gallery-thumbnail-box\"  >\r\n\t\t<div class=\"ngg-gallery-thumbnail\" >\r\n\t\t\t<a href=\"https:\/\/spbielsk.pl\/wp-content\/gallery\/dzien-mysli-brat-2019\/img_20190222_192719.jpg\" title=\"bty\"   rel=\"lightbox[4132]\">\r\n\t\t\t\t\t\t\t\t<img loading=\"lazy\" decoding=\"async\" title=\"bty\" alt=\"bty\" src=\"https:\/\/spbielsk.pl\/wp-content\/gallery\/dzien-mysli-brat-2019\/thumbs\/thumbs_img_20190222_192719.jpg\" width=\"120\" height=\"90\" \/>\r\n\t\t\t\t\t\t\t<\/a>\r\n\t\t<\/div>\r\n\t<\/div>\r\n\t\r\n\t\t\r\n \t\t\r\n\t<div id=\"ngg-image-12959\" class=\"ngg-gallery-thumbnail-box\"  >\r\n\t\t<div class=\"ngg-gallery-thumbnail\" >\r\n\t\t\t<a href=\"https:\/\/spbielsk.pl\/wp-content\/gallery\/dzien-mysli-brat-2019\/img_20190222_192739.jpg\" title=\"bty\"   rel=\"lightbox[4132]\">\r\n\t\t\t\t\t\t\t\t<img loading=\"lazy\" decoding=\"async\" title=\"bty\" alt=\"bty\" src=\"https:\/\/spbielsk.pl\/wp-content\/gallery\/dzien-mysli-brat-2019\/thumbs\/thumbs_img_20190222_192739.jpg\" width=\"120\" height=\"90\" \/>\r\n\t\t\t\t\t\t\t<\/a>\r\n\t\t<\/div>\r\n\t<\/div>\r\n\t\r\n\t\t\r\n \t\t\r\n\t<div id=\"ngg-image-12960\" class=\"ngg-gallery-thumbnail-box\"  >\r\n\t\t<div class=\"ngg-gallery-thumbnail\" >\r\n\t\t\t<a href=\"https:\/\/spbielsk.pl\/wp-content\/gallery\/dzien-mysli-brat-2019\/img_20190222_192934.jpg\" title=\"bty\"   rel=\"lightbox[4132]\">\r\n\t\t\t\t\t\t\t\t<img loading=\"lazy\" decoding=\"async\" title=\"bty\" alt=\"bty\" src=\"https:\/\/spbielsk.pl\/wp-content\/gallery\/dzien-mysli-brat-2019\/thumbs\/thumbs_img_20190222_192934.jpg\" width=\"120\" height=\"90\" \/>\r\n\t\t\t\t\t\t\t<\/a>\r\n\t\t<\/div>\r\n\t<\/div>\r\n\t\r\n\t\t\r\n \t\t\r\n\t<div id=\"ngg-image-12961\" class=\"ngg-gallery-thumbnail-box\"  >\r\n\t\t<div class=\"ngg-gallery-thumbnail\" >\r\n\t\t\t<a href=\"https:\/\/spbielsk.pl\/wp-content\/gallery\/dzien-mysli-brat-2019\/img_20190222_193336.jpg\" title=\"bty\"   rel=\"lightbox[4132]\">\r\n\t\t\t\t\t\t\t\t<img loading=\"lazy\" decoding=\"async\" title=\"bty\" alt=\"bty\" src=\"https:\/\/spbielsk.pl\/wp-content\/gallery\/dzien-mysli-brat-2019\/thumbs\/thumbs_img_20190222_193336.jpg\" width=\"120\" height=\"90\" \/>\r\n\t\t\t\t\t\t\t<\/a>\r\n\t\t<\/div>\r\n\t<\/div>\r\n\t\r\n\t\t\r\n \t\t\r\n\t<div id=\"ngg-image-12962\" class=\"ngg-gallery-thumbnail-box\"  >\r\n\t\t<div class=\"ngg-gallery-thumbnail\" >\r\n\t\t\t<a href=\"https:\/\/spbielsk.pl\/wp-content\/gallery\/dzien-mysli-brat-2019\/img_20190222_193523.jpg\" title=\"bty\"   rel=\"lightbox[4132]\">\r\n\t\t\t\t\t\t\t\t<img loading=\"lazy\" decoding=\"async\" title=\"bty\" alt=\"bty\" src=\"https:\/\/spbielsk.pl\/wp-content\/gallery\/dzien-mysli-brat-2019\/thumbs\/thumbs_img_20190222_193523.jpg\" width=\"120\" height=\"90\" \/>\r\n\t\t\t\t\t\t\t<\/a>\r\n\t\t<\/div>\r\n\t<\/div>\r\n\t\r\n\t\t\r\n \t\t\r\n\t<div id=\"ngg-image-12963\" class=\"ngg-gallery-thumbnail-box\"  >\r\n\t\t<div class=\"ngg-gallery-thumbnail\" >\r\n\t\t\t<a href=\"https:\/\/spbielsk.pl\/wp-content\/gallery\/dzien-mysli-brat-2019\/img_20190222_193552.jpg\" title=\"bty\"   rel=\"lightbox[4132]\">\r\n\t\t\t\t\t\t\t\t<img loading=\"lazy\" decoding=\"async\" title=\"bty\" alt=\"bty\" src=\"https:\/\/spbielsk.pl\/wp-content\/gallery\/dzien-mysli-brat-2019\/thumbs\/thumbs_img_20190222_193552.jpg\" width=\"120\" height=\"90\" \/>\r\n\t\t\t\t\t\t\t<\/a>\r\n\t\t<\/div>\r\n\t<\/div>\r\n\t\r\n\t\t\r\n \t\t\r\n\t<div id=\"ngg-image-12964\" class=\"ngg-gallery-thumbnail-box\"  >\r\n\t\t<div class=\"ngg-gallery-thumbnail\" >\r\n\t\t\t<a href=\"https:\/\/spbielsk.pl\/wp-content\/gallery\/dzien-mysli-brat-2019\/img_20190222_194247.jpg\" title=\"bty\"   rel=\"lightbox[4132]\">\r\n\t\t\t\t\t\t\t\t<img loading=\"lazy\" decoding=\"async\" title=\"bty\" alt=\"bty\" src=\"https:\/\/spbielsk.pl\/wp-content\/gallery\/dzien-mysli-brat-2019\/thumbs\/thumbs_img_20190222_194247.jpg\" width=\"120\" height=\"90\" \/>\r\n\t\t\t\t\t\t\t<\/a>\r\n\t\t<\/div>\r\n\t<\/div>\r\n\t\r\n\t\t\r\n \t\t\r\n\t<div id=\"ngg-image-12965\" class=\"ngg-gallery-thumbnail-box\"  >\r\n\t\t<div class=\"ngg-gallery-thumbnail\" >\r\n\t\t\t<a href=\"https:\/\/spbielsk.pl\/wp-content\/gallery\/dzien-mysli-brat-2019\/img_20190222_194310.jpg\" title=\"bty\"   rel=\"lightbox[4132]\">\r\n\t\t\t\t\t\t\t\t<img loading=\"lazy\" decoding=\"async\" title=\"bty\" alt=\"bty\" src=\"https:\/\/spbielsk.pl\/wp-content\/gallery\/dzien-mysli-brat-2019\/thumbs\/thumbs_img_20190222_194310.jpg\" width=\"120\" height=\"90\" \/>\r\n\t\t\t\t\t\t\t<\/a>\r\n\t\t<\/div>\r\n\t<\/div>\r\n\t\r\n\t\t\r\n \t\t\r\n\t<div id=\"ngg-image-12966\" class=\"ngg-gallery-thumbnail-box\"  >\r\n\t\t<div class=\"ngg-gallery-thumbnail\" >\r\n\t\t\t<a href=\"https:\/\/spbielsk.pl\/wp-content\/gallery\/dzien-mysli-brat-2019\/img_20190222_195633.jpg\" title=\"bty\"   rel=\"lightbox[4132]\">\r\n\t\t\t\t\t\t\t\t<img loading=\"lazy\" decoding=\"async\" title=\"bty\" alt=\"bty\" src=\"https:\/\/spbielsk.pl\/wp-content\/gallery\/dzien-mysli-brat-2019\/thumbs\/thumbs_img_20190222_195633.jpg\" width=\"120\" height=\"90\" \/>\r\n\t\t\t\t\t\t\t<\/a>\r\n\t\t<\/div>\r\n\t<\/div>\r\n\t\r\n\t\t\r\n \t\t\r\n\t<div id=\"ngg-image-12967\" class=\"ngg-gallery-thumbnail-box\"  >\r\n\t\t<div class=\"ngg-gallery-thumbnail\" >\r\n\t\t\t<a href=\"https:\/\/spbielsk.pl\/wp-content\/gallery\/dzien-mysli-brat-2019\/img_20190222_195637.jpg\" title=\"bty\"   rel=\"lightbox[4132]\">\r\n\t\t\t\t\t\t\t\t<img loading=\"lazy\" decoding=\"async\" title=\"bty\" alt=\"bty\" src=\"https:\/\/spbielsk.pl\/wp-content\/gallery\/dzien-mysli-brat-2019\/thumbs\/thumbs_img_20190222_195637.jpg\" width=\"120\" height=\"90\" \/>\r\n\t\t\t\t\t\t\t<\/a>\r\n\t\t<\/div>\r\n\t<\/div>\r\n\t\r\n\t\t\r\n \t\t\r\n\t<div id=\"ngg-image-12968\" class=\"ngg-gallery-thumbnail-box\"  >\r\n\t\t<div class=\"ngg-gallery-thumbnail\" >\r\n\t\t\t<a href=\"https:\/\/spbielsk.pl\/wp-content\/gallery\/dzien-mysli-brat-2019\/img_20190222_195911.jpg\" title=\"bty\"   rel=\"lightbox[4132]\">\r\n\t\t\t\t\t\t\t\t<img loading=\"lazy\" decoding=\"async\" title=\"bty\" alt=\"bty\" src=\"https:\/\/spbielsk.pl\/wp-content\/gallery\/dzien-mysli-brat-2019\/thumbs\/thumbs_img_20190222_195911.jpg\" width=\"120\" height=\"90\" \/>\r\n\t\t\t\t\t\t\t<\/a>\r\n\t\t<\/div>\r\n\t<\/div>\r\n\t\r\n\t\t\r\n \t\t\r\n\t<div id=\"ngg-image-12969\" class=\"ngg-gallery-thumbnail-box\"  >\r\n\t\t<div class=\"ngg-gallery-thumbnail\" >\r\n\t\t\t<a href=\"https:\/\/spbielsk.pl\/wp-content\/gallery\/dzien-mysli-brat-2019\/img_20190222_200001.jpg\" title=\"bty\"   rel=\"lightbox[4132]\">\r\n\t\t\t\t\t\t\t\t<img loading=\"lazy\" decoding=\"async\" title=\"bty\" alt=\"bty\" src=\"https:\/\/spbielsk.pl\/wp-content\/gallery\/dzien-mysli-brat-2019\/thumbs\/thumbs_img_20190222_200001.jpg\" width=\"120\" height=\"90\" \/>\r\n\t\t\t\t\t\t\t<\/a>\r\n\t\t<\/div>\r\n\t<\/div>\r\n\t\r\n\t\t\r\n \t\t\r\n\t<div id=\"ngg-image-12970\" class=\"ngg-gallery-thumbnail-box\"  >\r\n\t\t<div class=\"ngg-gallery-thumbnail\" >\r\n\t\t\t<a href=\"https:\/\/spbielsk.pl\/wp-content\/gallery\/dzien-mysli-brat-2019\/img_20190222_200024.jpg\" title=\"bty\"   rel=\"lightbox[4132]\">\r\n\t\t\t\t\t\t\t\t<img loading=\"lazy\" decoding=\"async\" title=\"bty\" alt=\"bty\" src=\"https:\/\/spbielsk.pl\/wp-content\/gallery\/dzien-mysli-brat-2019\/thumbs\/thumbs_img_20190222_200024.jpg\" width=\"120\" height=\"90\" \/>\r\n\t\t\t\t\t\t\t<\/a>\r\n\t\t<\/div>\r\n\t<\/div>\r\n\t\r\n\t\t\r\n \t\t\r\n\t<div id=\"ngg-image-12971\" class=\"ngg-gallery-thumbnail-box\"  >\r\n\t\t<div class=\"ngg-gallery-thumbnail\" >\r\n\t\t\t<a href=\"https:\/\/spbielsk.pl\/wp-content\/gallery\/dzien-mysli-brat-2019\/img_20190222_200044.jpg\" title=\"bty\"   rel=\"lightbox[4132]\">\r\n\t\t\t\t\t\t\t\t<img loading=\"lazy\" decoding=\"async\" title=\"bty\" alt=\"bty\" src=\"https:\/\/spbielsk.pl\/wp-content\/gallery\/dzien-mysli-brat-2019\/thumbs\/thumbs_img_20190222_200044.jpg\" width=\"120\" height=\"90\" \/>\r\n\t\t\t\t\t\t\t<\/a>\r\n\t\t<\/div>\r\n\t<\/div>\r\n\t\r\n\t\t\r\n \t\t\r\n\t<div id=\"ngg-image-12972\" class=\"ngg-gallery-thumbnail-box\"  >\r\n\t\t<div class=\"ngg-gallery-thumbnail\" >\r\n\t\t\t<a href=\"https:\/\/spbielsk.pl\/wp-content\/gallery\/dzien-mysli-brat-2019\/img_20190222_200113.jpg\" title=\"bty\"   rel=\"lightbox[4132]\">\r\n\t\t\t\t\t\t\t\t<img loading=\"lazy\" decoding=\"async\" title=\"bty\" alt=\"bty\" src=\"https:\/\/spbielsk.pl\/wp-content\/gallery\/dzien-mysli-brat-2019\/thumbs\/thumbs_img_20190222_200113.jpg\" width=\"120\" height=\"90\" \/>\r\n\t\t\t\t\t\t\t<\/a>\r\n\t\t<\/div>\r\n\t<\/div>\r\n\t\r\n\t\t\r\n \t\t\r\n\t<div id=\"ngg-image-12973\" class=\"ngg-gallery-thumbnail-box\"  >\r\n\t\t<div class=\"ngg-gallery-thumbnail\" >\r\n\t\t\t<a href=\"https:\/\/spbielsk.pl\/wp-content\/gallery\/dzien-mysli-brat-2019\/img_20190222_200857.jpg\" title=\"bty\"   rel=\"lightbox[4132]\">\r\n\t\t\t\t\t\t\t\t<img loading=\"lazy\" decoding=\"async\" title=\"bty\" alt=\"bty\" src=\"https:\/\/spbielsk.pl\/wp-content\/gallery\/dzien-mysli-brat-2019\/thumbs\/thumbs_img_20190222_200857.jpg\" width=\"120\" height=\"90\" \/>\r\n\t\t\t\t\t\t\t<\/a>\r\n\t\t<\/div>\r\n\t<\/div>\r\n\t\r\n\t\t\r\n \t\t\r\n\t<div id=\"ngg-image-12974\" class=\"ngg-gallery-thumbnail-box\"  >\r\n\t\t<div class=\"ngg-gallery-thumbnail\" >\r\n\t\t\t<a href=\"https:\/\/spbielsk.pl\/wp-content\/gallery\/dzien-mysli-brat-2019\/img_20190222_201002.jpg\" title=\"bty\"   rel=\"lightbox[4132]\">\r\n\t\t\t\t\t\t\t\t<img loading=\"lazy\" decoding=\"async\" title=\"bty\" alt=\"bty\" src=\"https:\/\/spbielsk.pl\/wp-content\/gallery\/dzien-mysli-brat-2019\/thumbs\/thumbs_img_20190222_201002.jpg\" width=\"120\" height=\"90\" \/>\r\n\t\t\t\t\t\t\t<\/a>\r\n\t\t<\/div>\r\n\t<\/div>\r\n\t\r\n\t\t\r\n \t\t\r\n\t<div id=\"ngg-image-12975\" class=\"ngg-gallery-thumbnail-box\"  >\r\n\t\t<div class=\"ngg-gallery-thumbnail\" >\r\n\t\t\t<a href=\"https:\/\/spbielsk.pl\/wp-content\/gallery\/dzien-mysli-brat-2019\/img_20190222_201013.jpg\" title=\"bty\"   rel=\"lightbox[4132]\">\r\n\t\t\t\t\t\t\t\t<img loading=\"lazy\" decoding=\"async\" title=\"bty\" alt=\"bty\" src=\"https:\/\/spbielsk.pl\/wp-content\/gallery\/dzien-mysli-brat-2019\/thumbs\/thumbs_img_20190222_201013.jpg\" width=\"120\" height=\"90\" \/>\r\n\t\t\t\t\t\t\t<\/a>\r\n\t\t<\/div>\r\n\t<\/div>\r\n\t\r\n\t\t\r\n \t\t\r\n\t<div id=\"ngg-image-12976\" class=\"ngg-gallery-thumbnail-box\"  >\r\n\t\t<div class=\"ngg-gallery-thumbnail\" >\r\n\t\t\t<a href=\"https:\/\/spbielsk.pl\/wp-content\/gallery\/dzien-mysli-brat-2019\/img_20190222_201018.jpg\" title=\"bty\"   rel=\"lightbox[4132]\">\r\n\t\t\t\t\t\t\t\t<img loading=\"lazy\" decoding=\"async\" title=\"bty\" alt=\"bty\" src=\"https:\/\/spbielsk.pl\/wp-content\/gallery\/dzien-mysli-brat-2019\/thumbs\/thumbs_img_20190222_201018.jpg\" width=\"120\" height=\"90\" \/>\r\n\t\t\t\t\t\t\t<\/a>\r\n\t\t<\/div>\r\n\t<\/div>\r\n\t\r\n\t\t\r\n \t\t\r\n\t<div id=\"ngg-image-12977\" class=\"ngg-gallery-thumbnail-box\"  >\r\n\t\t<div class=\"ngg-gallery-thumbnail\" >\r\n\t\t\t<a href=\"https:\/\/spbielsk.pl\/wp-content\/gallery\/dzien-mysli-brat-2019\/img_20190222_201031.jpg\" title=\"bty\"   rel=\"lightbox[4132]\">\r\n\t\t\t\t\t\t\t\t<img loading=\"lazy\" decoding=\"async\" title=\"bty\" alt=\"bty\" src=\"https:\/\/spbielsk.pl\/wp-content\/gallery\/dzien-mysli-brat-2019\/thumbs\/thumbs_img_20190222_201031.jpg\" width=\"120\" height=\"90\" \/>\r\n\t\t\t\t\t\t\t<\/a>\r\n\t\t<\/div>\r\n\t<\/div>\r\n\t\r\n\t\t\r\n \t\t\r\n\t<div id=\"ngg-image-12978\" class=\"ngg-gallery-thumbnail-box\"  >\r\n\t\t<div class=\"ngg-gallery-thumbnail\" >\r\n\t\t\t<a href=\"https:\/\/spbielsk.pl\/wp-content\/gallery\/dzien-mysli-brat-2019\/img_20190222_201046.jpg\" title=\"bty\"   rel=\"lightbox[4132]\">\r\n\t\t\t\t\t\t\t\t<img loading=\"lazy\" decoding=\"async\" title=\"bty\" alt=\"bty\" src=\"https:\/\/spbielsk.pl\/wp-content\/gallery\/dzien-mysli-brat-2019\/thumbs\/thumbs_img_20190222_201046.jpg\" width=\"120\" height=\"90\" \/>\r\n\t\t\t\t\t\t\t<\/a>\r\n\t\t<\/div>\r\n\t<\/div>\r\n\t\r\n\t\t\r\n \t\t\r\n\t<div id=\"ngg-image-12979\" class=\"ngg-gallery-thumbnail-box\"  >\r\n\t\t<div class=\"ngg-gallery-thumbnail\" >\r\n\t\t\t<a href=\"https:\/\/spbielsk.pl\/wp-content\/gallery\/dzien-mysli-brat-2019\/img_20190222_201233.jpg\" title=\"bty\"   rel=\"lightbox[4132]\">\r\n\t\t\t\t\t\t\t\t<img loading=\"lazy\" decoding=\"async\" title=\"bty\" alt=\"bty\" src=\"https:\/\/spbielsk.pl\/wp-content\/gallery\/dzien-mysli-brat-2019\/thumbs\/thumbs_img_20190222_201233.jpg\" width=\"120\" height=\"90\" \/>\r\n\t\t\t\t\t\t\t<\/a>\r\n\t\t<\/div>\r\n\t<\/div>\r\n\t\r\n\t\t\r\n \t\t\r\n\t<div id=\"ngg-image-12980\" class=\"ngg-gallery-thumbnail-box\"  >\r\n\t\t<div class=\"ngg-gallery-thumbnail\" >\r\n\t\t\t<a href=\"https:\/\/spbielsk.pl\/wp-content\/gallery\/dzien-mysli-brat-2019\/img_20190222_201247.jpg\" title=\"bty\"   rel=\"lightbox[4132]\">\r\n\t\t\t\t\t\t\t\t<img loading=\"lazy\" decoding=\"async\" title=\"bty\" alt=\"bty\" src=\"https:\/\/spbielsk.pl\/wp-content\/gallery\/dzien-mysli-brat-2019\/thumbs\/thumbs_img_20190222_201247.jpg\" width=\"120\" height=\"90\" \/>\r\n\t\t\t\t\t\t\t<\/a>\r\n\t\t<\/div>\r\n\t<\/div>\r\n\t\r\n\t\t\r\n \t\t\r\n\t<div id=\"ngg-image-12981\" class=\"ngg-gallery-thumbnail-box\"  >\r\n\t\t<div class=\"ngg-gallery-thumbnail\" >\r\n\t\t\t<a href=\"https:\/\/spbielsk.pl\/wp-content\/gallery\/dzien-mysli-brat-2019\/img_20190222_201259.jpg\" title=\"bty\"   rel=\"lightbox[4132]\">\r\n\t\t\t\t\t\t\t\t<img loading=\"lazy\" decoding=\"async\" title=\"bty\" alt=\"bty\" src=\"https:\/\/spbielsk.pl\/wp-content\/gallery\/dzien-mysli-brat-2019\/thumbs\/thumbs_img_20190222_201259.jpg\" width=\"120\" height=\"90\" \/>\r\n\t\t\t\t\t\t\t<\/a>\r\n\t\t<\/div>\r\n\t<\/div>\r\n\t\r\n\t\t\r\n \t\t\r\n\t<div id=\"ngg-image-12982\" class=\"ngg-gallery-thumbnail-box\"  >\r\n\t\t<div class=\"ngg-gallery-thumbnail\" >\r\n\t\t\t<a href=\"https:\/\/spbielsk.pl\/wp-content\/gallery\/dzien-mysli-brat-2019\/img_20190222_201417.jpg\" title=\"bty\"   rel=\"lightbox[4132]\">\r\n\t\t\t\t\t\t\t\t<img loading=\"lazy\" decoding=\"async\" title=\"bty\" alt=\"bty\" src=\"https:\/\/spbielsk.pl\/wp-content\/gallery\/dzien-mysli-brat-2019\/thumbs\/thumbs_img_20190222_201417.jpg\" width=\"120\" height=\"90\" \/>\r\n\t\t\t\t\t\t\t<\/a>\r\n\t\t<\/div>\r\n\t<\/div>\r\n\t\r\n\t\t\r\n \t\t\r\n\t<div id=\"ngg-image-12983\" class=\"ngg-gallery-thumbnail-box\"  >\r\n\t\t<div class=\"ngg-gallery-thumbnail\" >\r\n\t\t\t<a href=\"https:\/\/spbielsk.pl\/wp-content\/gallery\/dzien-mysli-brat-2019\/img_20190222_201424.jpg\" title=\"bty\"   rel=\"lightbox[4132]\">\r\n\t\t\t\t\t\t\t\t<img loading=\"lazy\" decoding=\"async\" title=\"bty\" alt=\"bty\" src=\"https:\/\/spbielsk.pl\/wp-content\/gallery\/dzien-mysli-brat-2019\/thumbs\/thumbs_img_20190222_201424.jpg\" width=\"120\" height=\"90\" \/>\r\n\t\t\t\t\t\t\t<\/a>\r\n\t\t<\/div>\r\n\t<\/div>\r\n\t\r\n\t\t\r\n \t \t\r\n\t<!-- Pagination -->\r\n \t<div class='ngg-navigation'><span class=\"current\">1<\/span><a class=\"page-numbers\" href=\"https:\/\/spbielsk.pl\/?p=4132&amp;nggpage=2\">2<\/a><a class=\"next\" id=\"ngg-next-2\" href=\"https:\/\/spbielsk.pl\/?p=4132&amp;nggpage=2\">&#9658;<\/a><\/div> \t\r\n<\/div>\r\n\r\n<\/p>\n","protected":false},"excerpt":{"rendered":"<p>W ubieg\u0142y pi\u0105tek\u00a0 zuchy i harcerze ze Szko\u0142y Podstawowej im. W. Broniewskiego w Bielsku \u015bwi\u0119towali z okazji harcerskiego \u015bwi\u0119ta. W rocznic\u0119 urodzin za\u0142o\u017cyciela skautingu, Roberta Baden \u2013Powella, \u00a0odby\u0142o si\u0119 \u015bwieczkowisko w stylu india\u0144skim. Zbi\u00f3rka rozpocz\u0119\u0142a si\u0119 o godzinie 18.00. Go\u015bciem specjalnym by\u0142 pan \u0141ukasz J\u0119drzejewski, kt\u00f3ry jest nauczycielem historii naszej szkole, jednak tym razem lekcja [&hellip;]<\/p>\n","protected":false},"author":1,"featured_media":2824,"comment_status":"closed","ping_status":"closed","sticky":false,"template":"","format":"standard","meta":{"footnotes":""},"categories":[5],"tags":[],"class_list":["post-4132","post","type-post","status-publish","format-standard","has-post-thumbnail","hentry","category-s-p-bielsk"],"_links":{"self":[{"href":"https:\/\/spbielsk.pl\/index.php?rest_route=\/wp\/v2\/posts\/4132","targetHints":{"allow":["GET"]}}],"collection":[{"href":"https:\/\/spbielsk.pl\/index.php?rest_route=\/wp\/v2\/posts"}],"about":[{"href":"https:\/\/spbielsk.pl\/index.php?rest_route=\/wp\/v2\/types\/post"}],"author":[{"embeddable":true,"href":"https:\/\/spbielsk.pl\/index.php?rest_route=\/wp\/v2\/users\/1"}],"replies":[{"embeddable":true,"href":"https:\/\/spbielsk.pl\/index.php?rest_route=%2Fwp%2Fv2%2Fcomments&post=4132"}],"version-history":[{"count":4,"href":"https:\/\/spbielsk.pl\/index.php?rest_route=\/wp\/v2\/posts\/4132\/revisions"}],"predecessor-version":[{"id":4138,"href":"https:\/\/spbielsk.pl\/index.php?rest_route=\/wp\/v2\/posts\/4132\/revisions\/4138"}],"wp:featuredmedia":[{"embeddable":true,"href":"https:\/\/spbielsk.pl\/index.php?rest_route=\/wp\/v2\/media\/2824"}],"wp:attachment":[{"href":"https:\/\/spbielsk.pl\/index.php?rest_route=%2Fwp%2Fv2%2Fmedia&parent=4132"}],"wp:term":[{"taxonomy":"category","embeddable":true,"href":"https:\/\/spbielsk.pl\/index.php?rest_route=%2Fwp%2Fv2%2Fcategories&post=4132"},{"taxonomy":"post_tag","embeddable":true,"href":"https:\/\/spbielsk.pl\/index.php?rest_route=%2Fwp%2Fv2%2Ftags&post=4132"}],"curies":[{"name":"wp","href":"https:\/\/api.w.org\/{rel}","templated":true}]}}