{"id":4115,"date":"2019-02-14T17:57:10","date_gmt":"2019-02-14T16:57:10","guid":{"rendered":"http:\/\/spbielsk.pl\/?p=4115"},"modified":"2019-02-14T18:00:56","modified_gmt":"2019-02-14T17:00:56","slug":"xvi-edycja-konkursu-ekologicznego-badz-swiadomy-walcz-ze-smogiem","status":"publish","type":"post","link":"https:\/\/spbielsk.pl\/?p=4115","title":{"rendered":"XVI edycja konkursu ekologicznego \u201eB\u0105d\u017a \u015bwiadomy-walcz ze smogiem\u201d"},"content":{"rendered":"<p>Konkurs jest organizowany prze Samorz\u0105d Wojew\u00f3dztwa Mazowieckiego. Podstawowym zadaniem konkursu to: podnoszenie poziomu \u015bwiadomo\u015bci ekologicznej w\u015br\u00f3d najm\u0142odszych mieszka\u0144c\u00f3w Mazowsza oraz kszta\u0142towanie prawid\u0142owych postaw zwi\u0105zanych z ochron\u0105 \u015brodowiska.<\/p>\n<p>Cele konkursu:<\/p>\n<ul>\n<li>wykszta\u0142cenie u dzieci i m\u0142odzie\u017cy indywidualnej odpowiedzialno\u015bci za stan \u015brodowiska;<\/li>\n<li>u\u015bwiadomienie konieczno\u015bci podejmowania dzia\u0142a\u0144 antysmogowych;<\/li>\n<li>promowanie dzia\u0142a\u0144 maj\u0105cych na celu ochron\u0119 powietrza.<\/li>\n<\/ul>\n<p><!--more--><\/p>\n<p>Prace nawi\u0105zywa\u0142y do tematu konkursu, uwzgl\u0119dniaj\u0105c problemy ekologiczne zwi\u0105zane z zanieczyszczeniami powietrza oraz dzia\u0142aniami na rzecz ochrony \u015brodowiska.<\/p>\n<p>Prace wykonywane by\u0142y w 3 kategoriach wiekowych:<br \/>\nI-III \u2013 plakat ekologiczny z has\u0142em<br \/>\nIV-VI \u2013 komiks \u0142\u0105cz\u0105cy cz\u0119\u015b\u0107 plastyczn\u0105 i tekstow\u0105,<br \/>\nVII-VIII \u2013 wiersz dotycz\u0105cy przedmiotowej tematyki.<\/p>\n<p>Do II etapu konkursu zakwalifikowa\u0142y si\u0119 nast\u0119puj\u0105ce osoby:<br \/>\nI kategoria \u2013 Martyna Szumska klasa II a<br \/>\nII kategoria \u2013 Dominik Bia\u0142osk\u00f3rski klasa VI a<br \/>\nIII kategoria \u2013 Sebastian Olejniczak klasa VIII a<\/p>\n<p>23 stycznia odby\u0142a si\u0119 uroczysto\u015b\u0107 wr\u0119czenia nagr\u00f3d w Wojew\u00f3dzkim Szpitalu Zespolonym w P\u0142ocku.<\/p>\n<p style=\"text-align: right;\">Koordynatorki:<br \/>\nS\u0142awomira Banachowicz<br \/>\nMonika Narkiewicz<\/p>\n<p style=\"text-align: center;\">\r\n<div class=\"ngg-galleryoverview\" id=\"ngg-gallery-444-4115\">\r\n\r\n\t<!-- Slideshow link -->\r\n\t<div class=\"slideshowlink\">\r\n\t\t<a class=\"slideshowlink\" href=\"https:\/\/spbielsk.pl\/?p=4115&amp;show=slide\">\r\n\t\t\t[Show slideshow]\t\t<\/a>\r\n\t<\/div>\r\n\r\n\t\r\n\t<!-- Thumbnails -->\r\n\t\t\r\n\t<div id=\"ngg-image-12920\" class=\"ngg-gallery-thumbnail-box\"  >\r\n\t\t<div class=\"ngg-gallery-thumbnail\" >\r\n\t\t\t<a href=\"https:\/\/spbielsk.pl\/wp-content\/gallery\/konkurs-smog-2019\/img_0313-1.jpg\" title=\" \"   rel=\"lightbox[4115]\">\r\n\t\t\t\t\t\t\t\t<img decoding=\"async\" title=\"img_0313-1\" alt=\"img_0313-1\" src=\"https:\/\/spbielsk.pl\/wp-content\/gallery\/konkurs-smog-2019\/thumbs\/thumbs_img_0313-1.jpg\" width=\"120\" height=\"90\" \/>\r\n\t\t\t\t\t\t\t<\/a>\r\n\t\t<\/div>\r\n\t<\/div>\r\n\t\r\n\t\t\r\n \t\t\r\n\t<div id=\"ngg-image-12921\" class=\"ngg-gallery-thumbnail-box\"  >\r\n\t\t<div class=\"ngg-gallery-thumbnail\" >\r\n\t\t\t<a href=\"https:\/\/spbielsk.pl\/wp-content\/gallery\/konkurs-smog-2019\/img_0313.jpg\" title=\" \"   rel=\"lightbox[4115]\">\r\n\t\t\t\t\t\t\t\t<img decoding=\"async\" title=\"img_0313\" alt=\"img_0313\" src=\"https:\/\/spbielsk.pl\/wp-content\/gallery\/konkurs-smog-2019\/thumbs\/thumbs_img_0313.jpg\" width=\"120\" height=\"90\" \/>\r\n\t\t\t\t\t\t\t<\/a>\r\n\t\t<\/div>\r\n\t<\/div>\r\n\t\r\n\t\t\r\n \t \t\r\n\t<!-- Pagination -->\r\n \t<div class='ngg-clear'><\/div>\n \t\r\n<\/div>\r\n\r\n<\/p>\n","protected":false},"excerpt":{"rendered":"<p>Konkurs jest organizowany prze Samorz\u0105d Wojew\u00f3dztwa Mazowieckiego. Podstawowym zadaniem konkursu to: podnoszenie poziomu \u015bwiadomo\u015bci ekologicznej w\u015br\u00f3d najm\u0142odszych mieszka\u0144c\u00f3w Mazowsza oraz kszta\u0142towanie prawid\u0142owych postaw zwi\u0105zanych z ochron\u0105 \u015brodowiska. Cele konkursu: wykszta\u0142cenie u dzieci i m\u0142odzie\u017cy indywidualnej odpowiedzialno\u015bci za stan \u015brodowiska; u\u015bwiadomienie konieczno\u015bci podejmowania dzia\u0142a\u0144 antysmogowych; promowanie dzia\u0142a\u0144 maj\u0105cych na celu ochron\u0119 powietrza.<\/p>\n","protected":false},"author":1,"featured_media":4116,"comment_status":"closed","ping_status":"closed","sticky":false,"template":"","format":"standard","meta":{"footnotes":""},"categories":[5],"tags":[],"class_list":["post-4115","post","type-post","status-publish","format-standard","has-post-thumbnail","hentry","category-s-p-bielsk"],"_links":{"self":[{"href":"https:\/\/spbielsk.pl\/index.php?rest_route=\/wp\/v2\/posts\/4115","targetHints":{"allow":["GET"]}}],"collection":[{"href":"https:\/\/spbielsk.pl\/index.php?rest_route=\/wp\/v2\/posts"}],"about":[{"href":"https:\/\/spbielsk.pl\/index.php?rest_route=\/wp\/v2\/types\/post"}],"author":[{"embeddable":true,"href":"https:\/\/spbielsk.pl\/index.php?rest_route=\/wp\/v2\/users\/1"}],"replies":[{"embeddable":true,"href":"https:\/\/spbielsk.pl\/index.php?rest_route=%2Fwp%2Fv2%2Fcomments&post=4115"}],"version-history":[{"count":3,"href":"https:\/\/spbielsk.pl\/index.php?rest_route=\/wp\/v2\/posts\/4115\/revisions"}],"predecessor-version":[{"id":4120,"href":"https:\/\/spbielsk.pl\/index.php?rest_route=\/wp\/v2\/posts\/4115\/revisions\/4120"}],"wp:featuredmedia":[{"embeddable":true,"href":"https:\/\/spbielsk.pl\/index.php?rest_route=\/wp\/v2\/media\/4116"}],"wp:attachment":[{"href":"https:\/\/spbielsk.pl\/index.php?rest_route=%2Fwp%2Fv2%2Fmedia&parent=4115"}],"wp:term":[{"taxonomy":"category","embeddable":true,"href":"https:\/\/spbielsk.pl\/index.php?rest_route=%2Fwp%2Fv2%2Fcategories&post=4115"},{"taxonomy":"post_tag","embeddable":true,"href":"https:\/\/spbielsk.pl\/index.php?rest_route=%2Fwp%2Fv2%2Ftags&post=4115"}],"curies":[{"name":"wp","href":"https:\/\/api.w.org\/{rel}","templated":true}]}}