{"id":4110,"date":"2019-02-13T10:14:11","date_gmt":"2019-02-13T09:14:11","guid":{"rendered":"http:\/\/spbielsk.pl\/?p=4110"},"modified":"2019-02-13T10:26:33","modified_gmt":"2019-02-13T09:26:33","slug":"diecezjalny-dzien-mlodych-w-lacku-mlodzi-polaczeni-z-panama","status":"publish","type":"post","link":"https:\/\/spbielsk.pl\/?p=4110","title":{"rendered":"Diecezjalny Dzie\u0144 M\u0142odych  w \u0141\u0105cku M\u0142odzi \u201ePo\u0142\u0105czeni z Panam\u0105\u201d"},"content":{"rendered":"<p style=\"text-align: justify;\"><strong>26 stycznia 2019 roku mia\u0142 miejsce Diecezjalny Dzie\u0144 M\u0142odych \u201ePo\u0142\u0105czeni z Panam\u0105\u201d. By\u0142 on lokalnym spotkaniem z okazji 34 \u015awiatowych Dni M\u0142odzie\u017cy w Panamie, z udzia\u0142em papie\u017ca Franciszka<\/strong>.<br \/>\nProgram spotkania obejmowa\u0142:<br \/>\n<strong>1. Transmisj\u0119 Eucharystii z papie\u017cem Franciszkiem z Panamy<\/strong><br \/>\n<strong>2. Katechez\u0119,wyg\u0142oszon\u0105 przez o. Tomasza Zamorskiego OP.o wi\u0119zi z Chrystusem:<\/strong> W Ko\u015bciele chodzi o wi\u0119\u017a, o wsp\u00f3lnot\u0119, kt\u00f3ra spotka\u0142a si\u0119 z Chrystusem i dzi\u0119ki Niemu zosta\u0142a zwi\u0105zana ze sob\u0105 nawzajem. Wiary nie mo\u017cna si\u0119 wstydzi\u0107. Gdy m\u00f3wisz, \u017ce kochasz Jezusa, to znaczy, \u017ce do\u015bwiadczy\u0142e\u015b spotkania z Nim, nie \u017cyjesz ju\u017c \u201epo staremu\u201d, dosta\u0142e\u015b \u201ekopa\u201d, \u017ceby \u017cy\u0107 nowym \u017cyciem \u2013 uwa\u017ca\u0142 zakonnik.<!--more--><br \/>\nPodkre\u015bli\u0142 te\u017c, \u017ce chrze\u015bcija\u0144stwo nie mo\u017ce by\u0107 prze\u017cywane na smutno, z perspektyw\u0105 zakaz\u00f3w i nakaz\u00f3w, jako utrata czego\u015b. Dzieje si\u0119 w nim bowiem odwrotnie. Chrze\u015bcijanin wci\u0105\u017c zyskuje \u017cycie, kt\u00f3re ofiarowa\u0142 mu Ojciec. By\u0107 chrze\u015bcijaninem, to pow\u00f3d do dumy, bo ma si\u0119 ze sob\u0105 Ewangeli\u0119, \u015bwi\u0119tych, sakramenty, a to jest \u201ekr\u00f3lewskie \u017cycie\u201d. Chrze\u015bcija\u0144stwo nie mo\u017ce by\u0107 byle jakie, lecz powinno by\u0107 pod\u017awigni\u0119ciem si\u0119 z \u201ekanapy bezsensu\u201d.<br \/>\n<strong>3. Eucharysti\u0119 z ks. biskupem Piotrem Liber\u0105 w intencji ludzi m\u0142odych.<\/strong> Biskup Piotr Libera wyrazi\u0142 rado\u015b\u0107 z \u0142\u0105czno\u015bci duchowej z m\u0142odzie\u017c\u0105 w Panamie, prze\u017cywaj\u0105c\u0105 \u201e\u015bwi\u0119to m\u0142odego Ko\u015bcio\u0142a\u201d. Poprosi\u0142 o wsp\u00f3ln\u0105 modlitw\u0119 w intencji wsp\u00f3lnot m\u0142odzie\u017cowych na \u201ePanamie Mazowsza\u201d, jak okre\u015bli\u0142 spotkanie w \u0141\u0105cku.<\/p>\n<p style=\"text-align: justify;\">Homili\u0119 wyg\u0142osi\u0142 o. Tomasz Nowak OP. Przypomnia\u0142, \u017ce Panama \u0142\u0105czy dwa oceany: Atlantycki i Spokojny. Zbudowano mi\u0119dzy nimi Kana\u0142 Panamski:<br \/>\n<em>&#8211; Mo\u017ce i Ty jeste\u015b Panam\u0105? Niepozornym miejscem, kt\u00f3re \u0142\u0105czy ze sob\u0105 dwie wielkie rzeczywisto\u015bci? Jezus przychodzi do Ciebie, jak kiedy\u015b przyszed\u0142 do Maryi, aby po\u0142\u0105czy\u0107 ze sob\u0105 te rzeczywisto\u015bci. Czy musisz w zwi\u0105zku z tym co\u015b zrobi\u0107? Nic. Nie musisz si\u0119 zmienia\u0107. On wiedzia\u0142, kogo ulepi\u0142 i m\u00f3wi: \u201eNadajesz mi si\u0119!\u201d \u2013 dominikanin kierowa\u0142 swoje s\u0142owo bezpo\u015brednio do m\u0142odych ludzi.<br \/>\n<\/em>Przekonywa\u0142 m\u0142odzie\u017c, \u017ce Jezus jest \u015awiat\u0142em. Nale\u017cy je przyj\u0105\u0107 od Pana. Jezus chce \u201ewypali\u0107\u201d ka\u017cdego. Je\u015bli kto\u015b otworzy\u0142 ju\u017c swe serce, okaza\u0142 mi\u0142osierdzie \u2013 jego serce jest ju\u017c rozpalone. Jednak nie wolno da\u0107 si\u0119 oszuka\u0107, \u017ce jak jest tylko ciep\u0142o, to ju\u017c wystarczy:<br \/>\n<em>&#8211; St\u0105d trzeba wyj\u015b\u0107 z p\u0142omieniem Ducha \u015awi\u0119tego \u2013 apelowa\u0142 kaznodzieja.<br \/>\n<\/em><strong>4. Adoracj\u0119 Naj\u015bwi\u0119tszego Sakramentu oraz mo\u017cliwo\u015b\u0107 spowiedzi lub rozmowy duchowej.<br \/>\n<\/strong>Wsp\u00f3lnej modlitwie ludzi m\u0142odych towarzyszy\u0142y relikwie \u015bw. Stanis\u0142awa Kostki, patrona m\u0142odzie\u017cy, pochodz\u0105cego z Rostkowa w diecezji p\u0142ockiej oraz patrona minionego roku w Ko\u015bciele w Polsce.<br \/>\nW Diecezjalnym Dniu M\u0142odych w hali sportowej w \u0141\u0105cku ko\u0142o P\u0142ocka wzi\u0119\u0142o udzia\u0142 ponad 400 m\u0142odych ludzi, w tym r\u00f3wnie\u017c m\u0142odzie\u017c z naszej wsp\u00f3lnoty szkolnej i parafialnej.<\/p>\n<p style=\"text-align: justify;\">Ca\u0142e wydarzenie muzycznie i ewangelizacyjnie animowa\u0142a wsp\u00f3lnota \u201eMocni w Duchu\u201d z \u0141odzi. Organizatorem spotkania by\u0142o Diecezjalne Duszpasterstwo M\u0142odzie\u017cy \u201eStudnia\u201d z ks. Krzysztofem Ruci\u0144skim, diecezjalnym duszpasterzem m\u0142odzie\u017cy.<\/p>\n<p style=\"text-align: right;\">M. Maruszewska<\/p>\n<p style=\"text-align: center;\">\r\n<div class=\"ngg-galleryoverview\" id=\"ngg-gallery-443-4110\">\r\n\r\n\t<!-- Slideshow link -->\r\n\t<div class=\"slideshowlink\">\r\n\t\t<a class=\"slideshowlink\" href=\"https:\/\/spbielsk.pl\/?p=4110&amp;show=slide\">\r\n\t\t\t[Show slideshow]\t\t<\/a>\r\n\t<\/div>\r\n\r\n\t\r\n\t<!-- Thumbnails -->\r\n\t\t\r\n\t<div id=\"ngg-image-12912\" class=\"ngg-gallery-thumbnail-box\"  >\r\n\t\t<div class=\"ngg-gallery-thumbnail\" >\r\n\t\t\t<a href=\"https:\/\/spbielsk.pl\/wp-content\/gallery\/dzien-mlodych-religia-2019\/img_20190126_152400.jpg\" title=\"bty\"   rel=\"lightbox[4110]\">\r\n\t\t\t\t\t\t\t\t<img decoding=\"async\" title=\"bty\" alt=\"bty\" src=\"https:\/\/spbielsk.pl\/wp-content\/gallery\/dzien-mlodych-religia-2019\/thumbs\/thumbs_img_20190126_152400.jpg\" width=\"120\" height=\"90\" \/>\r\n\t\t\t\t\t\t\t<\/a>\r\n\t\t<\/div>\r\n\t<\/div>\r\n\t\r\n\t\t\r\n \t\t\r\n\t<div id=\"ngg-image-12913\" class=\"ngg-gallery-thumbnail-box\"  >\r\n\t\t<div class=\"ngg-gallery-thumbnail\" >\r\n\t\t\t<a href=\"https:\/\/spbielsk.pl\/wp-content\/gallery\/dzien-mlodych-religia-2019\/img_20190126_184940.jpg\" title=\"bty\"   rel=\"lightbox[4110]\">\r\n\t\t\t\t\t\t\t\t<img decoding=\"async\" title=\"bty\" alt=\"bty\" src=\"https:\/\/spbielsk.pl\/wp-content\/gallery\/dzien-mlodych-religia-2019\/thumbs\/thumbs_img_20190126_184940.jpg\" width=\"120\" height=\"90\" \/>\r\n\t\t\t\t\t\t\t<\/a>\r\n\t\t<\/div>\r\n\t<\/div>\r\n\t\r\n\t\t\r\n \t\t\r\n\t<div id=\"ngg-image-12914\" class=\"ngg-gallery-thumbnail-box\"  >\r\n\t\t<div class=\"ngg-gallery-thumbnail\" >\r\n\t\t\t<a href=\"https:\/\/spbielsk.pl\/wp-content\/gallery\/dzien-mlodych-religia-2019\/img_20190126_185645.jpg\" title=\"bty\"   rel=\"lightbox[4110]\">\r\n\t\t\t\t\t\t\t\t<img decoding=\"async\" title=\"bty\" alt=\"bty\" src=\"https:\/\/spbielsk.pl\/wp-content\/gallery\/dzien-mlodych-religia-2019\/thumbs\/thumbs_img_20190126_185645.jpg\" width=\"120\" height=\"90\" \/>\r\n\t\t\t\t\t\t\t<\/a>\r\n\t\t<\/div>\r\n\t<\/div>\r\n\t\r\n\t\t\r\n \t\t\r\n\t<div id=\"ngg-image-12915\" class=\"ngg-gallery-thumbnail-box\"  >\r\n\t\t<div class=\"ngg-gallery-thumbnail\" >\r\n\t\t\t<a href=\"https:\/\/spbielsk.pl\/wp-content\/gallery\/dzien-mlodych-religia-2019\/img_20190126_202826_1.jpg\" title=\"bty\"   rel=\"lightbox[4110]\">\r\n\t\t\t\t\t\t\t\t<img loading=\"lazy\" decoding=\"async\" title=\"bty\" alt=\"bty\" src=\"https:\/\/spbielsk.pl\/wp-content\/gallery\/dzien-mlodych-religia-2019\/thumbs\/thumbs_img_20190126_202826_1.jpg\" width=\"120\" height=\"90\" \/>\r\n\t\t\t\t\t\t\t<\/a>\r\n\t\t<\/div>\r\n\t<\/div>\r\n\t\r\n\t\t\r\n \t\t\r\n\t<div id=\"ngg-image-12916\" class=\"ngg-gallery-thumbnail-box\"  >\r\n\t\t<div class=\"ngg-gallery-thumbnail\" >\r\n\t\t\t<a href=\"https:\/\/spbielsk.pl\/wp-content\/gallery\/dzien-mlodych-religia-2019\/img_20190126_202833.jpg\" title=\"bty\"   rel=\"lightbox[4110]\">\r\n\t\t\t\t\t\t\t\t<img loading=\"lazy\" decoding=\"async\" title=\"bty\" alt=\"bty\" src=\"https:\/\/spbielsk.pl\/wp-content\/gallery\/dzien-mlodych-religia-2019\/thumbs\/thumbs_img_20190126_202833.jpg\" width=\"120\" height=\"90\" \/>\r\n\t\t\t\t\t\t\t<\/a>\r\n\t\t<\/div>\r\n\t<\/div>\r\n\t\r\n\t\t\r\n \t\t\r\n\t<div id=\"ngg-image-12917\" class=\"ngg-gallery-thumbnail-box\"  >\r\n\t\t<div class=\"ngg-gallery-thumbnail\" >\r\n\t\t\t<a href=\"https:\/\/spbielsk.pl\/wp-content\/gallery\/dzien-mlodych-religia-2019\/img_20190126_202841.jpg\" title=\"bty\"   rel=\"lightbox[4110]\">\r\n\t\t\t\t\t\t\t\t<img loading=\"lazy\" decoding=\"async\" title=\"bty\" alt=\"bty\" src=\"https:\/\/spbielsk.pl\/wp-content\/gallery\/dzien-mlodych-religia-2019\/thumbs\/thumbs_img_20190126_202841.jpg\" width=\"120\" height=\"90\" \/>\r\n\t\t\t\t\t\t\t<\/a>\r\n\t\t<\/div>\r\n\t<\/div>\r\n\t\r\n\t\t\r\n \t\t\r\n\t<div id=\"ngg-image-12918\" class=\"ngg-gallery-thumbnail-box\"  >\r\n\t\t<div class=\"ngg-gallery-thumbnail\" >\r\n\t\t\t<a href=\"https:\/\/spbielsk.pl\/wp-content\/gallery\/dzien-mlodych-religia-2019\/img_20190126_202859.jpg\" title=\"bty\"   rel=\"lightbox[4110]\">\r\n\t\t\t\t\t\t\t\t<img loading=\"lazy\" decoding=\"async\" title=\"bty\" alt=\"bty\" src=\"https:\/\/spbielsk.pl\/wp-content\/gallery\/dzien-mlodych-religia-2019\/thumbs\/thumbs_img_20190126_202859.jpg\" width=\"120\" height=\"90\" \/>\r\n\t\t\t\t\t\t\t<\/a>\r\n\t\t<\/div>\r\n\t<\/div>\r\n\t\r\n\t\t\r\n \t\t\r\n\t<div id=\"ngg-image-12919\" class=\"ngg-gallery-thumbnail-box\"  >\r\n\t\t<div class=\"ngg-gallery-thumbnail\" >\r\n\t\t\t<a href=\"https:\/\/spbielsk.pl\/wp-content\/gallery\/dzien-mlodych-religia-2019\/img_20190126_202935.jpg\" title=\"bty\"   rel=\"lightbox[4110]\">\r\n\t\t\t\t\t\t\t\t<img loading=\"lazy\" decoding=\"async\" title=\"bty\" alt=\"bty\" src=\"https:\/\/spbielsk.pl\/wp-content\/gallery\/dzien-mlodych-religia-2019\/thumbs\/thumbs_img_20190126_202935.jpg\" width=\"120\" height=\"90\" \/>\r\n\t\t\t\t\t\t\t<\/a>\r\n\t\t<\/div>\r\n\t<\/div>\r\n\t\r\n\t\t\r\n \t \t\r\n\t<!-- Pagination -->\r\n \t<div class='ngg-clear'><\/div>\n \t\r\n<\/div>\r\n\r\n<\/p>\n","protected":false},"excerpt":{"rendered":"<p>26 stycznia 2019 roku mia\u0142 miejsce Diecezjalny Dzie\u0144 M\u0142odych \u201ePo\u0142\u0105czeni z Panam\u0105\u201d. By\u0142 on lokalnym spotkaniem z okazji 34 \u015awiatowych Dni M\u0142odzie\u017cy w Panamie, z udzia\u0142em papie\u017ca Franciszka. Program spotkania obejmowa\u0142: 1. Transmisj\u0119 Eucharystii z papie\u017cem Franciszkiem z Panamy 2. Katechez\u0119,wyg\u0142oszon\u0105 przez o. Tomasza Zamorskiego OP.o wi\u0119zi z Chrystusem: W Ko\u015bciele chodzi o wi\u0119\u017a, o [&hellip;]<\/p>\n","protected":false},"author":1,"featured_media":3904,"comment_status":"closed","ping_status":"closed","sticky":false,"template":"","format":"standard","meta":{"footnotes":""},"categories":[5],"tags":[],"class_list":["post-4110","post","type-post","status-publish","format-standard","has-post-thumbnail","hentry","category-s-p-bielsk"],"_links":{"self":[{"href":"https:\/\/spbielsk.pl\/index.php?rest_route=\/wp\/v2\/posts\/4110","targetHints":{"allow":["GET"]}}],"collection":[{"href":"https:\/\/spbielsk.pl\/index.php?rest_route=\/wp\/v2\/posts"}],"about":[{"href":"https:\/\/spbielsk.pl\/index.php?rest_route=\/wp\/v2\/types\/post"}],"author":[{"embeddable":true,"href":"https:\/\/spbielsk.pl\/index.php?rest_route=\/wp\/v2\/users\/1"}],"replies":[{"embeddable":true,"href":"https:\/\/spbielsk.pl\/index.php?rest_route=%2Fwp%2Fv2%2Fcomments&post=4110"}],"version-history":[{"count":2,"href":"https:\/\/spbielsk.pl\/index.php?rest_route=\/wp\/v2\/posts\/4110\/revisions"}],"predecessor-version":[{"id":4113,"href":"https:\/\/spbielsk.pl\/index.php?rest_route=\/wp\/v2\/posts\/4110\/revisions\/4113"}],"wp:featuredmedia":[{"embeddable":true,"href":"https:\/\/spbielsk.pl\/index.php?rest_route=\/wp\/v2\/media\/3904"}],"wp:attachment":[{"href":"https:\/\/spbielsk.pl\/index.php?rest_route=%2Fwp%2Fv2%2Fmedia&parent=4110"}],"wp:term":[{"taxonomy":"category","embeddable":true,"href":"https:\/\/spbielsk.pl\/index.php?rest_route=%2Fwp%2Fv2%2Fcategories&post=4110"},{"taxonomy":"post_tag","embeddable":true,"href":"https:\/\/spbielsk.pl\/index.php?rest_route=%2Fwp%2Fv2%2Ftags&post=4110"}],"curies":[{"name":"wp","href":"https:\/\/api.w.org\/{rel}","templated":true}]}}