{"id":4101,"date":"2019-02-11T11:26:12","date_gmt":"2019-02-11T10:26:12","guid":{"rendered":"http:\/\/spbielsk.pl\/?p=4101"},"modified":"2019-02-11T11:27:59","modified_gmt":"2019-02-11T10:27:59","slug":"zebranie-semestralne-z-rodzicami-osiagniecia-edukacyjne-i-zachowanie-uczniow","status":"publish","type":"post","link":"https:\/\/spbielsk.pl\/?p=4101","title":{"rendered":"ZEBRANIE SEMESTRALNE Z RODZICAMI \u2013 OSI\u0104GNI\u0118CIA EDUKACYJNE I ZACHOWANIE UCZNI\u00d3W"},"content":{"rendered":"<p style=\"text-align: center;\"><strong>Wszystkie zebrania rozpoczynaj\u0105 si\u0119 o godzinie 16.00.<\/strong><a href=\"http:\/\/spbielsk.pl\/wp-content\/uploads\/2019\/02\/zebranai-luty-2019.jpg\" rel=\"lightbox[4101]\"><img fetchpriority=\"high\" decoding=\"async\" class=\"aligncenter wp-image-4102 size-medium\" src=\"http:\/\/spbielsk.pl\/wp-content\/uploads\/2019\/02\/zebranai-luty-2019-300x271.jpg\" alt=\"\" width=\"300\" height=\"271\" srcset=\"https:\/\/spbielsk.pl\/wp-content\/uploads\/2019\/02\/zebranai-luty-2019-300x271.jpg 300w, https:\/\/spbielsk.pl\/wp-content\/uploads\/2019\/02\/zebranai-luty-2019.jpg 607w\" sizes=\"(max-width: 300px) 100vw, 300px\" \/><\/a><\/p>\n<p style=\"text-align: center;\">Dy\u017cur pedagoga szkolnego w dniu zebra\u0144 w godzinach: 15:10 &#8211; 16:10.<\/p>\n","protected":false},"excerpt":{"rendered":"<p>Wszystkie zebrania rozpoczynaj\u0105 si\u0119 o godzinie 16.00. Dy\u017cur pedagoga szkolnego w dniu zebra\u0144 w godzinach: 15:10 &#8211; 16:10.<\/p>\n","protected":false},"author":1,"featured_media":0,"comment_status":"closed","ping_status":"closed","sticky":false,"template":"","format":"standard","meta":{"footnotes":""},"categories":[5],"tags":[],"class_list":["post-4101","post","type-post","status-publish","format-standard","hentry","category-s-p-bielsk"],"_links":{"self":[{"href":"https:\/\/spbielsk.pl\/index.php?rest_route=\/wp\/v2\/posts\/4101","targetHints":{"allow":["GET"]}}],"collection":[{"href":"https:\/\/spbielsk.pl\/index.php?rest_route=\/wp\/v2\/posts"}],"about":[{"href":"https:\/\/spbielsk.pl\/index.php?rest_route=\/wp\/v2\/types\/post"}],"author":[{"embeddable":true,"href":"https:\/\/spbielsk.pl\/index.php?rest_route=\/wp\/v2\/users\/1"}],"replies":[{"embeddable":true,"href":"https:\/\/spbielsk.pl\/index.php?rest_route=%2Fwp%2Fv2%2Fcomments&post=4101"}],"version-history":[{"count":4,"href":"https:\/\/spbielsk.pl\/index.php?rest_route=\/wp\/v2\/posts\/4101\/revisions"}],"predecessor-version":[{"id":4106,"href":"https:\/\/spbielsk.pl\/index.php?rest_route=\/wp\/v2\/posts\/4101\/revisions\/4106"}],"wp:attachment":[{"href":"https:\/\/spbielsk.pl\/index.php?rest_route=%2Fwp%2Fv2%2Fmedia&parent=4101"}],"wp:term":[{"taxonomy":"category","embeddable":true,"href":"https:\/\/spbielsk.pl\/index.php?rest_route=%2Fwp%2Fv2%2Fcategories&post=4101"},{"taxonomy":"post_tag","embeddable":true,"href":"https:\/\/spbielsk.pl\/index.php?rest_route=%2Fwp%2Fv2%2Ftags&post=4101"}],"curies":[{"name":"wp","href":"https:\/\/api.w.org\/{rel}","templated":true}]}}