{"id":4017,"date":"2018-12-21T20:02:09","date_gmt":"2018-12-21T19:02:09","guid":{"rendered":"http:\/\/spbielsk.pl\/?p=4017"},"modified":"2018-12-21T20:02:09","modified_gmt":"2018-12-21T19:02:09","slug":"swiatlo-z-betlejemskiej-groty-2018","status":"publish","type":"post","link":"https:\/\/spbielsk.pl\/?p=4017","title":{"rendered":"\u015aWIAT\u0141O Z BETLEJEMSKIEJ GROTY 2018"},"content":{"rendered":"<p style=\"text-align: justify;\">Zuchy i harcerze ze Szko\u0142y Podstawowej im. W. Broniewskiego\u00a0 \u00a0w Bielsku ka\u017cdego roku przekazuj\u0105 niezwyk\u0142y symbol. P\u0142omyk\u00a0 ciep\u0142a i nadziei, kt\u00f3re pochodzi z miejsca narodzenia Zbawiciela. Tym symbolem jest Betlejemskie \u015awiat\u0142o Pokoju. Tegoroczne has\u0142o B\u015aP brzmi- <strong>\u015awiat\u0142o, kt\u00f3re \u0142\u0105czy.<\/strong> Pragniemy, aby \u00a0ten magiczny czas, sp\u0119dzony przy wigilijnym stole, sta\u0142 si\u0119\u00a0 \u015bwiat\u0142em w sercach mieszka\u0144c\u00f3w naszej gminy. \u015awiat\u0142o, kt\u00f3re \u0142\u0105czy ludzi i serca oraz rozprasza mrok zosta\u0142o przekazane na r\u0119ce pana w\u00f3jta, ksi\u0119dza proboszcza oraz dyrektorom pobliskich szk\u00f3\u0142 z terenu naszej gminy. Blask bij\u0105cy ju\u017c nie od jednej, ale wielu \u015bwiec, niech \u0142\u0105czy nas bez wzgl\u0119du na pochodzenie czy pogl\u0105dy, a \u015bwi\u0119ta stan\u0105 si\u0119 czasem mi\u0142o\u015bci, jedno\u015bci, pojednania \u00a0i rado\u015bci. Z harcerskim pozdrowieniem.<\/p>\n<p style=\"text-align: right;\">\u00a0Czuwaj!<\/p>\n","protected":false},"excerpt":{"rendered":"<p>Zuchy i harcerze ze Szko\u0142y Podstawowej im. W. Broniewskiego\u00a0 \u00a0w Bielsku ka\u017cdego roku przekazuj\u0105 niezwyk\u0142y symbol. P\u0142omyk\u00a0 ciep\u0142a i nadziei, kt\u00f3re pochodzi z miejsca narodzenia Zbawiciela. Tym symbolem jest Betlejemskie \u015awiat\u0142o Pokoju. Tegoroczne has\u0142o B\u015aP brzmi- \u015awiat\u0142o, kt\u00f3re \u0142\u0105czy. Pragniemy, aby \u00a0ten magiczny czas, sp\u0119dzony przy wigilijnym stole, sta\u0142 si\u0119\u00a0 \u015bwiat\u0142em w sercach mieszka\u0144c\u00f3w naszej [&hellip;]<\/p>\n","protected":false},"author":1,"featured_media":2824,"comment_status":"closed","ping_status":"closed","sticky":false,"template":"","format":"standard","meta":{"footnotes":""},"categories":[5],"tags":[],"class_list":["post-4017","post","type-post","status-publish","format-standard","has-post-thumbnail","hentry","category-s-p-bielsk"],"_links":{"self":[{"href":"https:\/\/spbielsk.pl\/index.php?rest_route=\/wp\/v2\/posts\/4017","targetHints":{"allow":["GET"]}}],"collection":[{"href":"https:\/\/spbielsk.pl\/index.php?rest_route=\/wp\/v2\/posts"}],"about":[{"href":"https:\/\/spbielsk.pl\/index.php?rest_route=\/wp\/v2\/types\/post"}],"author":[{"embeddable":true,"href":"https:\/\/spbielsk.pl\/index.php?rest_route=\/wp\/v2\/users\/1"}],"replies":[{"embeddable":true,"href":"https:\/\/spbielsk.pl\/index.php?rest_route=%2Fwp%2Fv2%2Fcomments&post=4017"}],"version-history":[{"count":1,"href":"https:\/\/spbielsk.pl\/index.php?rest_route=\/wp\/v2\/posts\/4017\/revisions"}],"predecessor-version":[{"id":4019,"href":"https:\/\/spbielsk.pl\/index.php?rest_route=\/wp\/v2\/posts\/4017\/revisions\/4019"}],"wp:featuredmedia":[{"embeddable":true,"href":"https:\/\/spbielsk.pl\/index.php?rest_route=\/wp\/v2\/media\/2824"}],"wp:attachment":[{"href":"https:\/\/spbielsk.pl\/index.php?rest_route=%2Fwp%2Fv2%2Fmedia&parent=4017"}],"wp:term":[{"taxonomy":"category","embeddable":true,"href":"https:\/\/spbielsk.pl\/index.php?rest_route=%2Fwp%2Fv2%2Fcategories&post=4017"},{"taxonomy":"post_tag","embeddable":true,"href":"https:\/\/spbielsk.pl\/index.php?rest_route=%2Fwp%2Fv2%2Ftags&post=4017"}],"curies":[{"name":"wp","href":"https:\/\/api.w.org\/{rel}","templated":true}]}}