{"id":3991,"date":"2018-12-17T20:20:30","date_gmt":"2018-12-17T19:20:30","guid":{"rendered":"http:\/\/spbielsk.pl\/?p=3991"},"modified":"2018-12-17T20:20:30","modified_gmt":"2018-12-17T19:20:30","slug":"iv-rejonowy-konkurs-zespolow-szkolnych-jezewo-2018","status":"publish","type":"post","link":"https:\/\/spbielsk.pl\/?p=3991","title":{"rendered":"IV Rejonowy Konkurs Zespo\u0142\u00f3w Szkolnych Je\u017cewo 2018"},"content":{"rendered":"<p>Konkurs odby\u0142 si\u0119 21.11.2018 r. pod has\u0142em: 100 LAT NIEPODLEG\u0141O\u015aCI.<\/p>\n<p style=\"text-align: justify;\">Nasz\u0105 szko\u0142\u0119 reprezentowa\u0142 Zesp\u00f3\u0142 Quanto, kt\u00f3ry po raz kolejny wywalczy\u0142 sobie pierwsze miejsce. Zesp\u00f3\u0142 w sk\u0142adzie: Kinga Zawadzka 5b &#8211; wokal, Julia Urba\u0144ska 5c- wokal, Oliwia Borkowska 6b- bongosy, Karolina Kobuszewska 6b- djambe, Karol Siemieniec 6b- djambe, Karolina Chrustowska 6b- conga, Zuzanna Woja 6b- djambe, Alicja Szulc 7a- darbuka, Alicja Ogrodnik 7b- bongosy, cabaza, Maja Matczak 7b- ibo, shaker wykona\u0142 pie\u015b\u0144 &#8222;Deszcz jesienny, deszcz&#8221;.<!--more--><\/p>\n<p style=\"text-align: right;\">Gratulujemy cz\u0142onkom zespo\u0142u i \u017cyczymy dalszych sukces\u00f3w.<\/p>\n<p style=\"text-align: center;\">\r\n<div class=\"ngg-galleryoverview\" id=\"ngg-gallery-429-3991\">\r\n\r\n\t<!-- Slideshow link -->\r\n\t<div class=\"slideshowlink\">\r\n\t\t<a class=\"slideshowlink\" href=\"https:\/\/spbielsk.pl\/?p=3991&amp;show=slide\">\r\n\t\t\t[Show slideshow]\t\t<\/a>\r\n\t<\/div>\r\n\r\n\t\r\n\t<!-- Thumbnails -->\r\n\t\t\r\n\t<div id=\"ngg-image-12677\" class=\"ngg-gallery-thumbnail-box\"  >\r\n\t\t<div class=\"ngg-gallery-thumbnail\" >\r\n\t\t\t<a href=\"https:\/\/spbielsk.pl\/wp-content\/gallery\/jezewo-2018\/20181121_102101.jpg\" title=\" \"   rel=\"lightbox[3991]\">\r\n\t\t\t\t\t\t\t\t<img decoding=\"async\" title=\"20181121_102101\" alt=\"20181121_102101\" src=\"https:\/\/spbielsk.pl\/wp-content\/gallery\/jezewo-2018\/thumbs\/thumbs_20181121_102101.jpg\" width=\"120\" height=\"90\" \/>\r\n\t\t\t\t\t\t\t<\/a>\r\n\t\t<\/div>\r\n\t<\/div>\r\n\t\r\n\t\t\r\n \t\t\r\n\t<div id=\"ngg-image-12678\" class=\"ngg-gallery-thumbnail-box\"  >\r\n\t\t<div class=\"ngg-gallery-thumbnail\" >\r\n\t\t\t<a href=\"https:\/\/spbielsk.pl\/wp-content\/gallery\/jezewo-2018\/20181121_102127.jpg\" title=\" \"   rel=\"lightbox[3991]\">\r\n\t\t\t\t\t\t\t\t<img decoding=\"async\" title=\"20181121_102127\" alt=\"20181121_102127\" src=\"https:\/\/spbielsk.pl\/wp-content\/gallery\/jezewo-2018\/thumbs\/thumbs_20181121_102127.jpg\" width=\"120\" height=\"90\" \/>\r\n\t\t\t\t\t\t\t<\/a>\r\n\t\t<\/div>\r\n\t<\/div>\r\n\t\r\n\t\t\r\n \t\t\r\n\t<div id=\"ngg-image-12679\" class=\"ngg-gallery-thumbnail-box\"  >\r\n\t\t<div class=\"ngg-gallery-thumbnail\" >\r\n\t\t\t<a href=\"https:\/\/spbielsk.pl\/wp-content\/gallery\/jezewo-2018\/20181121_102205.jpg\" title=\" \"   rel=\"lightbox[3991]\">\r\n\t\t\t\t\t\t\t\t<img decoding=\"async\" title=\"20181121_102205\" alt=\"20181121_102205\" src=\"https:\/\/spbielsk.pl\/wp-content\/gallery\/jezewo-2018\/thumbs\/thumbs_20181121_102205.jpg\" width=\"120\" height=\"90\" \/>\r\n\t\t\t\t\t\t\t<\/a>\r\n\t\t<\/div>\r\n\t<\/div>\r\n\t\r\n\t\t\r\n \t\t\r\n\t<div id=\"ngg-image-12680\" class=\"ngg-gallery-thumbnail-box\"  >\r\n\t\t<div class=\"ngg-gallery-thumbnail\" >\r\n\t\t\t<a href=\"https:\/\/spbielsk.pl\/wp-content\/gallery\/jezewo-2018\/20181121_115702.jpg\" title=\" \"   rel=\"lightbox[3991]\">\r\n\t\t\t\t\t\t\t\t<img loading=\"lazy\" decoding=\"async\" title=\"20181121_115702\" alt=\"20181121_115702\" src=\"https:\/\/spbielsk.pl\/wp-content\/gallery\/jezewo-2018\/thumbs\/thumbs_20181121_115702.jpg\" width=\"120\" height=\"90\" \/>\r\n\t\t\t\t\t\t\t<\/a>\r\n\t\t<\/div>\r\n\t<\/div>\r\n\t\r\n\t\t\r\n \t \t\r\n\t<!-- Pagination -->\r\n \t<div class='ngg-clear'><\/div>\n \t\r\n<\/div>\r\n\r\n<\/p>\n","protected":false},"excerpt":{"rendered":"<p>Konkurs odby\u0142 si\u0119 21.11.2018 r. pod has\u0142em: 100 LAT NIEPODLEG\u0141O\u015aCI. Nasz\u0105 szko\u0142\u0119 reprezentowa\u0142 Zesp\u00f3\u0142 Quanto, kt\u00f3ry po raz kolejny wywalczy\u0142 sobie pierwsze miejsce. Zesp\u00f3\u0142 w sk\u0142adzie: Kinga Zawadzka 5b &#8211; wokal, Julia Urba\u0144ska 5c- wokal, Oliwia Borkowska 6b- bongosy, Karolina Kobuszewska 6b- djambe, Karol Siemieniec 6b- djambe, Karolina Chrustowska 6b- conga, Zuzanna Woja 6b- djambe, [&hellip;]<\/p>\n","protected":false},"author":1,"featured_media":3993,"comment_status":"closed","ping_status":"closed","sticky":false,"template":"","format":"standard","meta":{"footnotes":""},"categories":[5],"tags":[],"class_list":["post-3991","post","type-post","status-publish","format-standard","has-post-thumbnail","hentry","category-s-p-bielsk"],"_links":{"self":[{"href":"https:\/\/spbielsk.pl\/index.php?rest_route=\/wp\/v2\/posts\/3991","targetHints":{"allow":["GET"]}}],"collection":[{"href":"https:\/\/spbielsk.pl\/index.php?rest_route=\/wp\/v2\/posts"}],"about":[{"href":"https:\/\/spbielsk.pl\/index.php?rest_route=\/wp\/v2\/types\/post"}],"author":[{"embeddable":true,"href":"https:\/\/spbielsk.pl\/index.php?rest_route=\/wp\/v2\/users\/1"}],"replies":[{"embeddable":true,"href":"https:\/\/spbielsk.pl\/index.php?rest_route=%2Fwp%2Fv2%2Fcomments&post=3991"}],"version-history":[{"count":1,"href":"https:\/\/spbielsk.pl\/index.php?rest_route=\/wp\/v2\/posts\/3991\/revisions"}],"predecessor-version":[{"id":3994,"href":"https:\/\/spbielsk.pl\/index.php?rest_route=\/wp\/v2\/posts\/3991\/revisions\/3994"}],"wp:featuredmedia":[{"embeddable":true,"href":"https:\/\/spbielsk.pl\/index.php?rest_route=\/wp\/v2\/media\/3993"}],"wp:attachment":[{"href":"https:\/\/spbielsk.pl\/index.php?rest_route=%2Fwp%2Fv2%2Fmedia&parent=3991"}],"wp:term":[{"taxonomy":"category","embeddable":true,"href":"https:\/\/spbielsk.pl\/index.php?rest_route=%2Fwp%2Fv2%2Fcategories&post=3991"},{"taxonomy":"post_tag","embeddable":true,"href":"https:\/\/spbielsk.pl\/index.php?rest_route=%2Fwp%2Fv2%2Ftags&post=3991"}],"curies":[{"name":"wp","href":"https:\/\/api.w.org\/{rel}","templated":true}]}}