{"id":3970,"date":"2018-12-06T08:27:26","date_gmt":"2018-12-06T07:27:26","guid":{"rendered":"http:\/\/spbielsk.pl\/?p=3970"},"modified":"2018-12-06T08:31:09","modified_gmt":"2018-12-06T07:31:09","slug":"andrzejki-zuchow-i-harcerzy","status":"publish","type":"post","link":"https:\/\/spbielsk.pl\/?p=3970","title":{"rendered":"Andrzejki Zuch\u00f3w i Harcerzy"},"content":{"rendered":"<p style=\"text-align: justify;\">30 listopada zorganizowali\u015bmy Andrzejki w naszej dru\u017cynie. Impreza by\u0142a poprzedzona d\u0142ugimi przygotowaniami. Samodzielnie upiekli\u015bmy babeczki i ciastka z wr\u00f3\u017cb\u0105,\u00a0 przygotowali\u015bmy s\u0142odko\u015bci i zrobili\u015bmy zakupy. Bez pomocy druhen zaplanowali\u015bmy gry i zabawy dla go\u015bci oraz udekorowali\u015bmy harc\u00f3wk\u0119. Naszymi go\u015b\u0107mi by\u0142y \u015awietliczaki i ich opiekunki, p. Dorota Domeradzka i p. Joanna Sieradzka. Ka\u017cdy \u015awietliczak na powitanie otrzyma\u0142 plakietk\u0119 z imieniem i zosta\u0142 pocz\u0119stowany ciastkiem z wr\u00f3\u017cb\u0105. Pierwszym punktem spotkania by\u0142a konsumpcja przygotowanych przez nas s\u0142odko\u015bci. \ud83d\ude42\u00a0<!--more--><\/p>\n<p>Kiedy wszyscy si\u0119 najedli i napili zaprosili\u015bmy go\u015bci do zabawy. Najpierw bawili\u015bmy si\u0119 w \u201eRolnik sam w dolinie\u201d, w \u201eD\u017cinsy\u201d i \u201eOsio\u0142ka\u201d. Du\u017co frajdy sprawi\u0142o go\u015bciom szukanie skarb\u00f3w z pomoc\u0105 mapy. Jednak najwi\u0119kszym zainteresowaniem cieszy\u0142a si\u0119 zabawa w krzes\u0142a muzyczne. Zwyci\u0119zcy zostali nagrodzeni ciasteczkami. \ud83d\ude42<br \/>\nNa po\u017cegnanie ka\u017cdy uczestnik imprezy zosta\u0142 obdarowany kr\u00f3wkami.<br \/>\nWszyscy \u015bwietnie si\u0119 bawili.<br \/>\nNie mo\u017cemy si\u0119 doczeka\u0107 kolejnego spotkania ze \u015awietliczakami. \ud83d\ude42<\/p>\n<p style=\"text-align: center;\">\r\n<div class=\"ngg-galleryoverview\" id=\"ngg-gallery-422-3970\">\r\n\r\n\t<!-- Slideshow link -->\r\n\t<div class=\"slideshowlink\">\r\n\t\t<a class=\"slideshowlink\" href=\"https:\/\/spbielsk.pl\/?p=3970&amp;show=slide\">\r\n\t\t\t[Show slideshow]\t\t<\/a>\r\n\t<\/div>\r\n\r\n\t\r\n\t<!-- Thumbnails -->\r\n\t\t\r\n\t<div id=\"ngg-image-12344\" class=\"ngg-gallery-thumbnail-box\"  >\r\n\t\t<div class=\"ngg-gallery-thumbnail\" >\r\n\t\t\t<a href=\"https:\/\/spbielsk.pl\/wp-content\/gallery\/harcerze-andrzejki-2018\/img_20181109_133521.jpg\" title=\"bty\"   rel=\"lightbox[3970]\">\r\n\t\t\t\t\t\t\t\t<img decoding=\"async\" title=\"bty\" alt=\"bty\" src=\"https:\/\/spbielsk.pl\/wp-content\/gallery\/harcerze-andrzejki-2018\/thumbs\/thumbs_img_20181109_133521.jpg\" width=\"120\" height=\"90\" \/>\r\n\t\t\t\t\t\t\t<\/a>\r\n\t\t<\/div>\r\n\t<\/div>\r\n\t\r\n\t\t\r\n \t\t\r\n\t<div id=\"ngg-image-12345\" class=\"ngg-gallery-thumbnail-box\"  >\r\n\t\t<div class=\"ngg-gallery-thumbnail\" >\r\n\t\t\t<a href=\"https:\/\/spbielsk.pl\/wp-content\/gallery\/harcerze-andrzejki-2018\/img_20181109_133526.jpg\" title=\"bty\"   rel=\"lightbox[3970]\">\r\n\t\t\t\t\t\t\t\t<img decoding=\"async\" title=\"bty\" alt=\"bty\" src=\"https:\/\/spbielsk.pl\/wp-content\/gallery\/harcerze-andrzejki-2018\/thumbs\/thumbs_img_20181109_133526.jpg\" width=\"120\" height=\"90\" \/>\r\n\t\t\t\t\t\t\t<\/a>\r\n\t\t<\/div>\r\n\t<\/div>\r\n\t\r\n\t\t\r\n \t\t\r\n\t<div id=\"ngg-image-12346\" class=\"ngg-gallery-thumbnail-box\"  >\r\n\t\t<div class=\"ngg-gallery-thumbnail\" >\r\n\t\t\t<a href=\"https:\/\/spbielsk.pl\/wp-content\/gallery\/harcerze-andrzejki-2018\/img_20181109_133540.jpg\" title=\"bty\"   rel=\"lightbox[3970]\">\r\n\t\t\t\t\t\t\t\t<img decoding=\"async\" title=\"bty\" alt=\"bty\" src=\"https:\/\/spbielsk.pl\/wp-content\/gallery\/harcerze-andrzejki-2018\/thumbs\/thumbs_img_20181109_133540.jpg\" width=\"120\" height=\"90\" \/>\r\n\t\t\t\t\t\t\t<\/a>\r\n\t\t<\/div>\r\n\t<\/div>\r\n\t\r\n\t\t\r\n \t\t\r\n\t<div id=\"ngg-image-12347\" class=\"ngg-gallery-thumbnail-box\"  >\r\n\t\t<div class=\"ngg-gallery-thumbnail\" >\r\n\t\t\t<a href=\"https:\/\/spbielsk.pl\/wp-content\/gallery\/harcerze-andrzejki-2018\/img_20181109_133545.jpg\" title=\"bty\"   rel=\"lightbox[3970]\">\r\n\t\t\t\t\t\t\t\t<img loading=\"lazy\" decoding=\"async\" title=\"bty\" alt=\"bty\" src=\"https:\/\/spbielsk.pl\/wp-content\/gallery\/harcerze-andrzejki-2018\/thumbs\/thumbs_img_20181109_133545.jpg\" width=\"120\" height=\"90\" \/>\r\n\t\t\t\t\t\t\t<\/a>\r\n\t\t<\/div>\r\n\t<\/div>\r\n\t\r\n\t\t\r\n \t\t\r\n\t<div id=\"ngg-image-12348\" class=\"ngg-gallery-thumbnail-box\"  >\r\n\t\t<div class=\"ngg-gallery-thumbnail\" >\r\n\t\t\t<a href=\"https:\/\/spbielsk.pl\/wp-content\/gallery\/harcerze-andrzejki-2018\/img_20181109_133552.jpg\" title=\"bty\"   rel=\"lightbox[3970]\">\r\n\t\t\t\t\t\t\t\t<img loading=\"lazy\" decoding=\"async\" title=\"bty\" alt=\"bty\" src=\"https:\/\/spbielsk.pl\/wp-content\/gallery\/harcerze-andrzejki-2018\/thumbs\/thumbs_img_20181109_133552.jpg\" width=\"120\" height=\"90\" \/>\r\n\t\t\t\t\t\t\t<\/a>\r\n\t\t<\/div>\r\n\t<\/div>\r\n\t\r\n\t\t\r\n \t\t\r\n\t<div id=\"ngg-image-12349\" class=\"ngg-gallery-thumbnail-box\"  >\r\n\t\t<div class=\"ngg-gallery-thumbnail\" >\r\n\t\t\t<a href=\"https:\/\/spbielsk.pl\/wp-content\/gallery\/harcerze-andrzejki-2018\/img_20181109_133552_0.jpg\" title=\"bty\"   rel=\"lightbox[3970]\">\r\n\t\t\t\t\t\t\t\t<img loading=\"lazy\" decoding=\"async\" title=\"bty\" alt=\"bty\" src=\"https:\/\/spbielsk.pl\/wp-content\/gallery\/harcerze-andrzejki-2018\/thumbs\/thumbs_img_20181109_133552_0.jpg\" width=\"120\" height=\"90\" \/>\r\n\t\t\t\t\t\t\t<\/a>\r\n\t\t<\/div>\r\n\t<\/div>\r\n\t\r\n\t\t\r\n \t\t\r\n\t<div id=\"ngg-image-12350\" class=\"ngg-gallery-thumbnail-box\"  >\r\n\t\t<div class=\"ngg-gallery-thumbnail\" >\r\n\t\t\t<a href=\"https:\/\/spbielsk.pl\/wp-content\/gallery\/harcerze-andrzejki-2018\/img_20181109_133612.jpg\" title=\"bty\"   rel=\"lightbox[3970]\">\r\n\t\t\t\t\t\t\t\t<img loading=\"lazy\" decoding=\"async\" title=\"bty\" alt=\"bty\" src=\"https:\/\/spbielsk.pl\/wp-content\/gallery\/harcerze-andrzejki-2018\/thumbs\/thumbs_img_20181109_133612.jpg\" width=\"120\" height=\"90\" \/>\r\n\t\t\t\t\t\t\t<\/a>\r\n\t\t<\/div>\r\n\t<\/div>\r\n\t\r\n\t\t\r\n \t\t\r\n\t<div id=\"ngg-image-12351\" class=\"ngg-gallery-thumbnail-box\"  >\r\n\t\t<div class=\"ngg-gallery-thumbnail\" >\r\n\t\t\t<a href=\"https:\/\/spbielsk.pl\/wp-content\/gallery\/harcerze-andrzejki-2018\/img_20181109_133809.jpg\" title=\"bty\"   rel=\"lightbox[3970]\">\r\n\t\t\t\t\t\t\t\t<img loading=\"lazy\" decoding=\"async\" title=\"bty\" alt=\"bty\" src=\"https:\/\/spbielsk.pl\/wp-content\/gallery\/harcerze-andrzejki-2018\/thumbs\/thumbs_img_20181109_133809.jpg\" width=\"120\" height=\"90\" \/>\r\n\t\t\t\t\t\t\t<\/a>\r\n\t\t<\/div>\r\n\t<\/div>\r\n\t\r\n\t\t\r\n \t\t\r\n\t<div id=\"ngg-image-12352\" class=\"ngg-gallery-thumbnail-box\"  >\r\n\t\t<div class=\"ngg-gallery-thumbnail\" >\r\n\t\t\t<a href=\"https:\/\/spbielsk.pl\/wp-content\/gallery\/harcerze-andrzejki-2018\/img_20181109_133923.jpg\" title=\"bty\"   rel=\"lightbox[3970]\">\r\n\t\t\t\t\t\t\t\t<img loading=\"lazy\" decoding=\"async\" title=\"bty\" alt=\"bty\" src=\"https:\/\/spbielsk.pl\/wp-content\/gallery\/harcerze-andrzejki-2018\/thumbs\/thumbs_img_20181109_133923.jpg\" width=\"120\" height=\"90\" \/>\r\n\t\t\t\t\t\t\t<\/a>\r\n\t\t<\/div>\r\n\t<\/div>\r\n\t\r\n\t\t\r\n \t\t\r\n\t<div id=\"ngg-image-12353\" class=\"ngg-gallery-thumbnail-box\"  >\r\n\t\t<div class=\"ngg-gallery-thumbnail\" >\r\n\t\t\t<a href=\"https:\/\/spbielsk.pl\/wp-content\/gallery\/harcerze-andrzejki-2018\/img_20181109_133933.jpg\" title=\"bty\"   rel=\"lightbox[3970]\">\r\n\t\t\t\t\t\t\t\t<img loading=\"lazy\" decoding=\"async\" title=\"bty\" alt=\"bty\" src=\"https:\/\/spbielsk.pl\/wp-content\/gallery\/harcerze-andrzejki-2018\/thumbs\/thumbs_img_20181109_133933.jpg\" width=\"120\" height=\"90\" \/>\r\n\t\t\t\t\t\t\t<\/a>\r\n\t\t<\/div>\r\n\t<\/div>\r\n\t\r\n\t\t\r\n \t\t\r\n\t<div id=\"ngg-image-12354\" class=\"ngg-gallery-thumbnail-box\"  >\r\n\t\t<div class=\"ngg-gallery-thumbnail\" >\r\n\t\t\t<a href=\"https:\/\/spbielsk.pl\/wp-content\/gallery\/harcerze-andrzejki-2018\/img_20181109_133939.jpg\" title=\"bty\"   rel=\"lightbox[3970]\">\r\n\t\t\t\t\t\t\t\t<img loading=\"lazy\" decoding=\"async\" title=\"bty\" alt=\"bty\" src=\"https:\/\/spbielsk.pl\/wp-content\/gallery\/harcerze-andrzejki-2018\/thumbs\/thumbs_img_20181109_133939.jpg\" width=\"120\" height=\"90\" \/>\r\n\t\t\t\t\t\t\t<\/a>\r\n\t\t<\/div>\r\n\t<\/div>\r\n\t\r\n\t\t\r\n \t\t\r\n\t<div id=\"ngg-image-12355\" class=\"ngg-gallery-thumbnail-box\"  >\r\n\t\t<div class=\"ngg-gallery-thumbnail\" >\r\n\t\t\t<a href=\"https:\/\/spbielsk.pl\/wp-content\/gallery\/harcerze-andrzejki-2018\/img_20181109_133945.jpg\" title=\"bty\"   rel=\"lightbox[3970]\">\r\n\t\t\t\t\t\t\t\t<img loading=\"lazy\" decoding=\"async\" title=\"bty\" alt=\"bty\" src=\"https:\/\/spbielsk.pl\/wp-content\/gallery\/harcerze-andrzejki-2018\/thumbs\/thumbs_img_20181109_133945.jpg\" width=\"120\" height=\"90\" \/>\r\n\t\t\t\t\t\t\t<\/a>\r\n\t\t<\/div>\r\n\t<\/div>\r\n\t\r\n\t\t\r\n \t\t\r\n\t<div id=\"ngg-image-12356\" class=\"ngg-gallery-thumbnail-box\"  >\r\n\t\t<div class=\"ngg-gallery-thumbnail\" >\r\n\t\t\t<a href=\"https:\/\/spbielsk.pl\/wp-content\/gallery\/harcerze-andrzejki-2018\/img_20181109_134058.jpg\" title=\"bty\"   rel=\"lightbox[3970]\">\r\n\t\t\t\t\t\t\t\t<img loading=\"lazy\" decoding=\"async\" title=\"bty\" alt=\"bty\" src=\"https:\/\/spbielsk.pl\/wp-content\/gallery\/harcerze-andrzejki-2018\/thumbs\/thumbs_img_20181109_134058.jpg\" width=\"120\" height=\"90\" \/>\r\n\t\t\t\t\t\t\t<\/a>\r\n\t\t<\/div>\r\n\t<\/div>\r\n\t\r\n\t\t\r\n \t\t\r\n\t<div id=\"ngg-image-12357\" class=\"ngg-gallery-thumbnail-box\"  >\r\n\t\t<div class=\"ngg-gallery-thumbnail\" >\r\n\t\t\t<a href=\"https:\/\/spbielsk.pl\/wp-content\/gallery\/harcerze-andrzejki-2018\/img_20181109_134628.jpg\" title=\"bty\"   rel=\"lightbox[3970]\">\r\n\t\t\t\t\t\t\t\t<img loading=\"lazy\" decoding=\"async\" title=\"bty\" alt=\"bty\" src=\"https:\/\/spbielsk.pl\/wp-content\/gallery\/harcerze-andrzejki-2018\/thumbs\/thumbs_img_20181109_134628.jpg\" width=\"120\" height=\"90\" \/>\r\n\t\t\t\t\t\t\t<\/a>\r\n\t\t<\/div>\r\n\t<\/div>\r\n\t\r\n\t\t\r\n \t\t\r\n\t<div id=\"ngg-image-12358\" class=\"ngg-gallery-thumbnail-box\"  >\r\n\t\t<div class=\"ngg-gallery-thumbnail\" >\r\n\t\t\t<a href=\"https:\/\/spbielsk.pl\/wp-content\/gallery\/harcerze-andrzejki-2018\/img_20181109_134636.jpg\" title=\"bty\"   rel=\"lightbox[3970]\">\r\n\t\t\t\t\t\t\t\t<img loading=\"lazy\" decoding=\"async\" title=\"bty\" alt=\"bty\" src=\"https:\/\/spbielsk.pl\/wp-content\/gallery\/harcerze-andrzejki-2018\/thumbs\/thumbs_img_20181109_134636.jpg\" width=\"120\" height=\"90\" \/>\r\n\t\t\t\t\t\t\t<\/a>\r\n\t\t<\/div>\r\n\t<\/div>\r\n\t\r\n\t\t\r\n \t\t\r\n\t<div id=\"ngg-image-12359\" class=\"ngg-gallery-thumbnail-box\"  >\r\n\t\t<div class=\"ngg-gallery-thumbnail\" >\r\n\t\t\t<a href=\"https:\/\/spbielsk.pl\/wp-content\/gallery\/harcerze-andrzejki-2018\/img_20181109_134718.jpg\" title=\"bty\"   rel=\"lightbox[3970]\">\r\n\t\t\t\t\t\t\t\t<img loading=\"lazy\" decoding=\"async\" title=\"bty\" alt=\"bty\" src=\"https:\/\/spbielsk.pl\/wp-content\/gallery\/harcerze-andrzejki-2018\/thumbs\/thumbs_img_20181109_134718.jpg\" width=\"120\" height=\"90\" \/>\r\n\t\t\t\t\t\t\t<\/a>\r\n\t\t<\/div>\r\n\t<\/div>\r\n\t\r\n\t\t\r\n \t\t\r\n\t<div id=\"ngg-image-12360\" class=\"ngg-gallery-thumbnail-box\"  >\r\n\t\t<div class=\"ngg-gallery-thumbnail\" >\r\n\t\t\t<a href=\"https:\/\/spbielsk.pl\/wp-content\/gallery\/harcerze-andrzejki-2018\/img_20181109_135029.jpg\" title=\"bty\"   rel=\"lightbox[3970]\">\r\n\t\t\t\t\t\t\t\t<img loading=\"lazy\" decoding=\"async\" title=\"bty\" alt=\"bty\" src=\"https:\/\/spbielsk.pl\/wp-content\/gallery\/harcerze-andrzejki-2018\/thumbs\/thumbs_img_20181109_135029.jpg\" width=\"120\" height=\"90\" \/>\r\n\t\t\t\t\t\t\t<\/a>\r\n\t\t<\/div>\r\n\t<\/div>\r\n\t\r\n\t\t\r\n \t\t\r\n\t<div id=\"ngg-image-12361\" class=\"ngg-gallery-thumbnail-box\"  >\r\n\t\t<div class=\"ngg-gallery-thumbnail\" >\r\n\t\t\t<a href=\"https:\/\/spbielsk.pl\/wp-content\/gallery\/harcerze-andrzejki-2018\/img_20181109_135045.jpg\" title=\"bty\"   rel=\"lightbox[3970]\">\r\n\t\t\t\t\t\t\t\t<img loading=\"lazy\" decoding=\"async\" title=\"bty\" alt=\"bty\" src=\"https:\/\/spbielsk.pl\/wp-content\/gallery\/harcerze-andrzejki-2018\/thumbs\/thumbs_img_20181109_135045.jpg\" width=\"120\" height=\"90\" \/>\r\n\t\t\t\t\t\t\t<\/a>\r\n\t\t<\/div>\r\n\t<\/div>\r\n\t\r\n\t\t\r\n \t\t\r\n\t<div id=\"ngg-image-12362\" class=\"ngg-gallery-thumbnail-box\"  >\r\n\t\t<div class=\"ngg-gallery-thumbnail\" >\r\n\t\t\t<a href=\"https:\/\/spbielsk.pl\/wp-content\/gallery\/harcerze-andrzejki-2018\/img_20181109_135910.jpg\" title=\"bty\"   rel=\"lightbox[3970]\">\r\n\t\t\t\t\t\t\t\t<img loading=\"lazy\" decoding=\"async\" title=\"bty\" alt=\"bty\" src=\"https:\/\/spbielsk.pl\/wp-content\/gallery\/harcerze-andrzejki-2018\/thumbs\/thumbs_img_20181109_135910.jpg\" width=\"120\" height=\"90\" \/>\r\n\t\t\t\t\t\t\t<\/a>\r\n\t\t<\/div>\r\n\t<\/div>\r\n\t\r\n\t\t\r\n \t\t\r\n\t<div id=\"ngg-image-12363\" class=\"ngg-gallery-thumbnail-box\"  >\r\n\t\t<div class=\"ngg-gallery-thumbnail\" >\r\n\t\t\t<a href=\"https:\/\/spbielsk.pl\/wp-content\/gallery\/harcerze-andrzejki-2018\/img_20181109_135926.jpg\" title=\"bty\"   rel=\"lightbox[3970]\">\r\n\t\t\t\t\t\t\t\t<img loading=\"lazy\" decoding=\"async\" title=\"bty\" alt=\"bty\" src=\"https:\/\/spbielsk.pl\/wp-content\/gallery\/harcerze-andrzejki-2018\/thumbs\/thumbs_img_20181109_135926.jpg\" width=\"120\" height=\"90\" \/>\r\n\t\t\t\t\t\t\t<\/a>\r\n\t\t<\/div>\r\n\t<\/div>\r\n\t\r\n\t\t\r\n \t\t\r\n\t<div id=\"ngg-image-12364\" class=\"ngg-gallery-thumbnail-box\"  >\r\n\t\t<div class=\"ngg-gallery-thumbnail\" >\r\n\t\t\t<a href=\"https:\/\/spbielsk.pl\/wp-content\/gallery\/harcerze-andrzejki-2018\/img_20181109_135929.jpg\" title=\"bty\"   rel=\"lightbox[3970]\">\r\n\t\t\t\t\t\t\t\t<img loading=\"lazy\" decoding=\"async\" title=\"bty\" alt=\"bty\" src=\"https:\/\/spbielsk.pl\/wp-content\/gallery\/harcerze-andrzejki-2018\/thumbs\/thumbs_img_20181109_135929.jpg\" width=\"120\" height=\"90\" \/>\r\n\t\t\t\t\t\t\t<\/a>\r\n\t\t<\/div>\r\n\t<\/div>\r\n\t\r\n\t\t\r\n \t\t\r\n\t<div id=\"ngg-image-12365\" class=\"ngg-gallery-thumbnail-box\"  >\r\n\t\t<div class=\"ngg-gallery-thumbnail\" >\r\n\t\t\t<a href=\"https:\/\/spbielsk.pl\/wp-content\/gallery\/harcerze-andrzejki-2018\/img_20181109_140214.jpg\" title=\"bty\"   rel=\"lightbox[3970]\">\r\n\t\t\t\t\t\t\t\t<img loading=\"lazy\" decoding=\"async\" title=\"bty\" alt=\"bty\" src=\"https:\/\/spbielsk.pl\/wp-content\/gallery\/harcerze-andrzejki-2018\/thumbs\/thumbs_img_20181109_140214.jpg\" width=\"120\" height=\"90\" \/>\r\n\t\t\t\t\t\t\t<\/a>\r\n\t\t<\/div>\r\n\t<\/div>\r\n\t\r\n\t\t\r\n \t\t\r\n\t<div id=\"ngg-image-12366\" class=\"ngg-gallery-thumbnail-box\"  >\r\n\t\t<div class=\"ngg-gallery-thumbnail\" >\r\n\t\t\t<a href=\"https:\/\/spbielsk.pl\/wp-content\/gallery\/harcerze-andrzejki-2018\/img_20181109_140220.jpg\" title=\"bty\"   rel=\"lightbox[3970]\">\r\n\t\t\t\t\t\t\t\t<img loading=\"lazy\" decoding=\"async\" title=\"bty\" alt=\"bty\" src=\"https:\/\/spbielsk.pl\/wp-content\/gallery\/harcerze-andrzejki-2018\/thumbs\/thumbs_img_20181109_140220.jpg\" width=\"120\" height=\"90\" \/>\r\n\t\t\t\t\t\t\t<\/a>\r\n\t\t<\/div>\r\n\t<\/div>\r\n\t\r\n\t\t\r\n \t\t\r\n\t<div id=\"ngg-image-12367\" class=\"ngg-gallery-thumbnail-box\"  >\r\n\t\t<div class=\"ngg-gallery-thumbnail\" >\r\n\t\t\t<a href=\"https:\/\/spbielsk.pl\/wp-content\/gallery\/harcerze-andrzejki-2018\/img_20181109_140734.jpg\" title=\"bty\"   rel=\"lightbox[3970]\">\r\n\t\t\t\t\t\t\t\t<img loading=\"lazy\" decoding=\"async\" title=\"bty\" alt=\"bty\" src=\"https:\/\/spbielsk.pl\/wp-content\/gallery\/harcerze-andrzejki-2018\/thumbs\/thumbs_img_20181109_140734.jpg\" width=\"120\" height=\"90\" \/>\r\n\t\t\t\t\t\t\t<\/a>\r\n\t\t<\/div>\r\n\t<\/div>\r\n\t\r\n\t\t\r\n \t\t\r\n\t<div id=\"ngg-image-12368\" class=\"ngg-gallery-thumbnail-box\"  >\r\n\t\t<div class=\"ngg-gallery-thumbnail\" >\r\n\t\t\t<a href=\"https:\/\/spbielsk.pl\/wp-content\/gallery\/harcerze-andrzejki-2018\/img_20181109_140908.jpg\" title=\"bty\"   rel=\"lightbox[3970]\">\r\n\t\t\t\t\t\t\t\t<img loading=\"lazy\" decoding=\"async\" title=\"bty\" alt=\"bty\" src=\"https:\/\/spbielsk.pl\/wp-content\/gallery\/harcerze-andrzejki-2018\/thumbs\/thumbs_img_20181109_140908.jpg\" width=\"120\" height=\"90\" \/>\r\n\t\t\t\t\t\t\t<\/a>\r\n\t\t<\/div>\r\n\t<\/div>\r\n\t\r\n\t\t\r\n \t\t\r\n\t<div id=\"ngg-image-12369\" class=\"ngg-gallery-thumbnail-box\"  >\r\n\t\t<div class=\"ngg-gallery-thumbnail\" >\r\n\t\t\t<a href=\"https:\/\/spbielsk.pl\/wp-content\/gallery\/harcerze-andrzejki-2018\/img_20181109_141608.jpg\" title=\"bty\"   rel=\"lightbox[3970]\">\r\n\t\t\t\t\t\t\t\t<img loading=\"lazy\" decoding=\"async\" title=\"bty\" alt=\"bty\" src=\"https:\/\/spbielsk.pl\/wp-content\/gallery\/harcerze-andrzejki-2018\/thumbs\/thumbs_img_20181109_141608.jpg\" width=\"120\" height=\"90\" \/>\r\n\t\t\t\t\t\t\t<\/a>\r\n\t\t<\/div>\r\n\t<\/div>\r\n\t\r\n\t\t\r\n \t\t\r\n\t<div id=\"ngg-image-12370\" class=\"ngg-gallery-thumbnail-box\"  >\r\n\t\t<div class=\"ngg-gallery-thumbnail\" >\r\n\t\t\t<a href=\"https:\/\/spbielsk.pl\/wp-content\/gallery\/harcerze-andrzejki-2018\/img_20181109_141614.jpg\" title=\"bty\"   rel=\"lightbox[3970]\">\r\n\t\t\t\t\t\t\t\t<img loading=\"lazy\" decoding=\"async\" title=\"bty\" alt=\"bty\" src=\"https:\/\/spbielsk.pl\/wp-content\/gallery\/harcerze-andrzejki-2018\/thumbs\/thumbs_img_20181109_141614.jpg\" width=\"120\" height=\"90\" \/>\r\n\t\t\t\t\t\t\t<\/a>\r\n\t\t<\/div>\r\n\t<\/div>\r\n\t\r\n\t\t\r\n \t\t\r\n\t<div id=\"ngg-image-12371\" class=\"ngg-gallery-thumbnail-box\"  >\r\n\t\t<div class=\"ngg-gallery-thumbnail\" >\r\n\t\t\t<a href=\"https:\/\/spbielsk.pl\/wp-content\/gallery\/harcerze-andrzejki-2018\/img_20181109_141708.jpg\" title=\"bty\"   rel=\"lightbox[3970]\">\r\n\t\t\t\t\t\t\t\t<img loading=\"lazy\" decoding=\"async\" title=\"bty\" alt=\"bty\" src=\"https:\/\/spbielsk.pl\/wp-content\/gallery\/harcerze-andrzejki-2018\/thumbs\/thumbs_img_20181109_141708.jpg\" width=\"120\" height=\"90\" \/>\r\n\t\t\t\t\t\t\t<\/a>\r\n\t\t<\/div>\r\n\t<\/div>\r\n\t\r\n\t\t\r\n \t\t\r\n\t<div id=\"ngg-image-12372\" class=\"ngg-gallery-thumbnail-box\"  >\r\n\t\t<div class=\"ngg-gallery-thumbnail\" >\r\n\t\t\t<a href=\"https:\/\/spbielsk.pl\/wp-content\/gallery\/harcerze-andrzejki-2018\/img_20181109_141715.jpg\" title=\"bty\"   rel=\"lightbox[3970]\">\r\n\t\t\t\t\t\t\t\t<img loading=\"lazy\" decoding=\"async\" title=\"bty\" alt=\"bty\" src=\"https:\/\/spbielsk.pl\/wp-content\/gallery\/harcerze-andrzejki-2018\/thumbs\/thumbs_img_20181109_141715.jpg\" width=\"120\" height=\"90\" \/>\r\n\t\t\t\t\t\t\t<\/a>\r\n\t\t<\/div>\r\n\t<\/div>\r\n\t\r\n\t\t\r\n \t\t\r\n\t<div id=\"ngg-image-12373\" class=\"ngg-gallery-thumbnail-box\"  >\r\n\t\t<div class=\"ngg-gallery-thumbnail\" >\r\n\t\t\t<a href=\"https:\/\/spbielsk.pl\/wp-content\/gallery\/harcerze-andrzejki-2018\/img_20181109_141721.jpg\" title=\"bty\"   rel=\"lightbox[3970]\">\r\n\t\t\t\t\t\t\t\t<img loading=\"lazy\" decoding=\"async\" title=\"bty\" alt=\"bty\" src=\"https:\/\/spbielsk.pl\/wp-content\/gallery\/harcerze-andrzejki-2018\/thumbs\/thumbs_img_20181109_141721.jpg\" width=\"120\" height=\"90\" \/>\r\n\t\t\t\t\t\t\t<\/a>\r\n\t\t<\/div>\r\n\t<\/div>\r\n\t\r\n\t\t\r\n \t\t\r\n\t<div id=\"ngg-image-12374\" class=\"ngg-gallery-thumbnail-box\"  >\r\n\t\t<div class=\"ngg-gallery-thumbnail\" >\r\n\t\t\t<a href=\"https:\/\/spbielsk.pl\/wp-content\/gallery\/harcerze-andrzejki-2018\/img_20181109_141725.jpg\" title=\"bty\"   rel=\"lightbox[3970]\">\r\n\t\t\t\t\t\t\t\t<img loading=\"lazy\" decoding=\"async\" title=\"bty\" alt=\"bty\" src=\"https:\/\/spbielsk.pl\/wp-content\/gallery\/harcerze-andrzejki-2018\/thumbs\/thumbs_img_20181109_141725.jpg\" width=\"120\" height=\"90\" \/>\r\n\t\t\t\t\t\t\t<\/a>\r\n\t\t<\/div>\r\n\t<\/div>\r\n\t\r\n\t\t\r\n \t\t\r\n\t<div id=\"ngg-image-12375\" class=\"ngg-gallery-thumbnail-box\"  >\r\n\t\t<div class=\"ngg-gallery-thumbnail\" >\r\n\t\t\t<a href=\"https:\/\/spbielsk.pl\/wp-content\/gallery\/harcerze-andrzejki-2018\/img_20181109_141732.jpg\" title=\"bty\"   rel=\"lightbox[3970]\">\r\n\t\t\t\t\t\t\t\t<img loading=\"lazy\" decoding=\"async\" title=\"bty\" alt=\"bty\" src=\"https:\/\/spbielsk.pl\/wp-content\/gallery\/harcerze-andrzejki-2018\/thumbs\/thumbs_img_20181109_141732.jpg\" width=\"120\" height=\"90\" \/>\r\n\t\t\t\t\t\t\t<\/a>\r\n\t\t<\/div>\r\n\t<\/div>\r\n\t\r\n\t\t\r\n \t\t\r\n\t<div id=\"ngg-image-12376\" class=\"ngg-gallery-thumbnail-box\"  >\r\n\t\t<div class=\"ngg-gallery-thumbnail\" >\r\n\t\t\t<a href=\"https:\/\/spbielsk.pl\/wp-content\/gallery\/harcerze-andrzejki-2018\/img_20181109_141740.jpg\" title=\"bty\"   rel=\"lightbox[3970]\">\r\n\t\t\t\t\t\t\t\t<img loading=\"lazy\" decoding=\"async\" title=\"bty\" alt=\"bty\" src=\"https:\/\/spbielsk.pl\/wp-content\/gallery\/harcerze-andrzejki-2018\/thumbs\/thumbs_img_20181109_141740.jpg\" width=\"120\" height=\"90\" \/>\r\n\t\t\t\t\t\t\t<\/a>\r\n\t\t<\/div>\r\n\t<\/div>\r\n\t\r\n\t\t\r\n \t\t\r\n\t<div id=\"ngg-image-12377\" class=\"ngg-gallery-thumbnail-box\"  >\r\n\t\t<div class=\"ngg-gallery-thumbnail\" >\r\n\t\t\t<a href=\"https:\/\/spbielsk.pl\/wp-content\/gallery\/harcerze-andrzejki-2018\/img_20181109_143314.jpg\" title=\"bty\"   rel=\"lightbox[3970]\">\r\n\t\t\t\t\t\t\t\t<img loading=\"lazy\" decoding=\"async\" title=\"bty\" alt=\"bty\" src=\"https:\/\/spbielsk.pl\/wp-content\/gallery\/harcerze-andrzejki-2018\/thumbs\/thumbs_img_20181109_143314.jpg\" width=\"120\" height=\"90\" \/>\r\n\t\t\t\t\t\t\t<\/a>\r\n\t\t<\/div>\r\n\t<\/div>\r\n\t\r\n\t\t\r\n \t\t\r\n\t<div id=\"ngg-image-12378\" class=\"ngg-gallery-thumbnail-box\"  >\r\n\t\t<div class=\"ngg-gallery-thumbnail\" >\r\n\t\t\t<a href=\"https:\/\/spbielsk.pl\/wp-content\/gallery\/harcerze-andrzejki-2018\/img_20181109_143317.jpg\" title=\"bty\"   rel=\"lightbox[3970]\">\r\n\t\t\t\t\t\t\t\t<img loading=\"lazy\" decoding=\"async\" title=\"bty\" alt=\"bty\" src=\"https:\/\/spbielsk.pl\/wp-content\/gallery\/harcerze-andrzejki-2018\/thumbs\/thumbs_img_20181109_143317.jpg\" width=\"120\" height=\"90\" \/>\r\n\t\t\t\t\t\t\t<\/a>\r\n\t\t<\/div>\r\n\t<\/div>\r\n\t\r\n\t\t\r\n \t\t\r\n\t<div id=\"ngg-image-12379\" class=\"ngg-gallery-thumbnail-box\"  >\r\n\t\t<div class=\"ngg-gallery-thumbnail\" >\r\n\t\t\t<a href=\"https:\/\/spbielsk.pl\/wp-content\/gallery\/harcerze-andrzejki-2018\/img_20181109_143324.jpg\" title=\"bty\"   rel=\"lightbox[3970]\">\r\n\t\t\t\t\t\t\t\t<img loading=\"lazy\" decoding=\"async\" title=\"bty\" alt=\"bty\" src=\"https:\/\/spbielsk.pl\/wp-content\/gallery\/harcerze-andrzejki-2018\/thumbs\/thumbs_img_20181109_143324.jpg\" width=\"120\" height=\"90\" \/>\r\n\t\t\t\t\t\t\t<\/a>\r\n\t\t<\/div>\r\n\t<\/div>\r\n\t\r\n\t\t\r\n \t\t\r\n\t<div id=\"ngg-image-12380\" class=\"ngg-gallery-thumbnail-box\"  >\r\n\t\t<div class=\"ngg-gallery-thumbnail\" >\r\n\t\t\t<a href=\"https:\/\/spbielsk.pl\/wp-content\/gallery\/harcerze-andrzejki-2018\/img_20181109_143328.jpg\" title=\"bty\"   rel=\"lightbox[3970]\">\r\n\t\t\t\t\t\t\t\t<img loading=\"lazy\" decoding=\"async\" title=\"bty\" alt=\"bty\" src=\"https:\/\/spbielsk.pl\/wp-content\/gallery\/harcerze-andrzejki-2018\/thumbs\/thumbs_img_20181109_143328.jpg\" width=\"120\" height=\"90\" \/>\r\n\t\t\t\t\t\t\t<\/a>\r\n\t\t<\/div>\r\n\t<\/div>\r\n\t\r\n\t\t\r\n \t\t\r\n\t<div id=\"ngg-image-12381\" class=\"ngg-gallery-thumbnail-box\"  >\r\n\t\t<div class=\"ngg-gallery-thumbnail\" >\r\n\t\t\t<a href=\"https:\/\/spbielsk.pl\/wp-content\/gallery\/harcerze-andrzejki-2018\/img_20181109_143342.jpg\" title=\"bty\"   rel=\"lightbox[3970]\">\r\n\t\t\t\t\t\t\t\t<img loading=\"lazy\" decoding=\"async\" title=\"bty\" alt=\"bty\" src=\"https:\/\/spbielsk.pl\/wp-content\/gallery\/harcerze-andrzejki-2018\/thumbs\/thumbs_img_20181109_143342.jpg\" width=\"120\" height=\"90\" \/>\r\n\t\t\t\t\t\t\t<\/a>\r\n\t\t<\/div>\r\n\t<\/div>\r\n\t\r\n\t\t\r\n \t\t\r\n\t<div id=\"ngg-image-12382\" class=\"ngg-gallery-thumbnail-box\"  >\r\n\t\t<div class=\"ngg-gallery-thumbnail\" >\r\n\t\t\t<a href=\"https:\/\/spbielsk.pl\/wp-content\/gallery\/harcerze-andrzejki-2018\/img_20181109_143355.jpg\" title=\"bty\"   rel=\"lightbox[3970]\">\r\n\t\t\t\t\t\t\t\t<img loading=\"lazy\" decoding=\"async\" title=\"bty\" alt=\"bty\" src=\"https:\/\/spbielsk.pl\/wp-content\/gallery\/harcerze-andrzejki-2018\/thumbs\/thumbs_img_20181109_143355.jpg\" width=\"120\" height=\"90\" \/>\r\n\t\t\t\t\t\t\t<\/a>\r\n\t\t<\/div>\r\n\t<\/div>\r\n\t\r\n\t\t\r\n \t\t\r\n\t<div id=\"ngg-image-12383\" class=\"ngg-gallery-thumbnail-box\"  >\r\n\t\t<div class=\"ngg-gallery-thumbnail\" >\r\n\t\t\t<a href=\"https:\/\/spbielsk.pl\/wp-content\/gallery\/harcerze-andrzejki-2018\/img_20181109_143520.jpg\" title=\"bty\"   rel=\"lightbox[3970]\">\r\n\t\t\t\t\t\t\t\t<img loading=\"lazy\" decoding=\"async\" title=\"bty\" alt=\"bty\" src=\"https:\/\/spbielsk.pl\/wp-content\/gallery\/harcerze-andrzejki-2018\/thumbs\/thumbs_img_20181109_143520.jpg\" width=\"120\" height=\"90\" \/>\r\n\t\t\t\t\t\t\t<\/a>\r\n\t\t<\/div>\r\n\t<\/div>\r\n\t\r\n\t\t\r\n \t\t\r\n\t<div id=\"ngg-image-12384\" class=\"ngg-gallery-thumbnail-box\"  >\r\n\t\t<div class=\"ngg-gallery-thumbnail\" >\r\n\t\t\t<a href=\"https:\/\/spbielsk.pl\/wp-content\/gallery\/harcerze-andrzejki-2018\/img_20181109_144140.jpg\" title=\"bty\"   rel=\"lightbox[3970]\">\r\n\t\t\t\t\t\t\t\t<img loading=\"lazy\" decoding=\"async\" title=\"bty\" alt=\"bty\" src=\"https:\/\/spbielsk.pl\/wp-content\/gallery\/harcerze-andrzejki-2018\/thumbs\/thumbs_img_20181109_144140.jpg\" width=\"120\" height=\"90\" \/>\r\n\t\t\t\t\t\t\t<\/a>\r\n\t\t<\/div>\r\n\t<\/div>\r\n\t\r\n\t\t\r\n \t\t\r\n\t<div id=\"ngg-image-12385\" class=\"ngg-gallery-thumbnail-box\"  >\r\n\t\t<div class=\"ngg-gallery-thumbnail\" >\r\n\t\t\t<a href=\"https:\/\/spbielsk.pl\/wp-content\/gallery\/harcerze-andrzejki-2018\/img_20181109_144142.jpg\" title=\"bty\"   rel=\"lightbox[3970]\">\r\n\t\t\t\t\t\t\t\t<img loading=\"lazy\" decoding=\"async\" title=\"bty\" alt=\"bty\" src=\"https:\/\/spbielsk.pl\/wp-content\/gallery\/harcerze-andrzejki-2018\/thumbs\/thumbs_img_20181109_144142.jpg\" width=\"120\" height=\"90\" \/>\r\n\t\t\t\t\t\t\t<\/a>\r\n\t\t<\/div>\r\n\t<\/div>\r\n\t\r\n\t\t\r\n \t\t\r\n\t<div id=\"ngg-image-12386\" class=\"ngg-gallery-thumbnail-box\"  >\r\n\t\t<div class=\"ngg-gallery-thumbnail\" >\r\n\t\t\t<a href=\"https:\/\/spbielsk.pl\/wp-content\/gallery\/harcerze-andrzejki-2018\/img_20181109_144201.jpg\" title=\"bty\"   rel=\"lightbox[3970]\">\r\n\t\t\t\t\t\t\t\t<img loading=\"lazy\" decoding=\"async\" title=\"bty\" alt=\"bty\" src=\"https:\/\/spbielsk.pl\/wp-content\/gallery\/harcerze-andrzejki-2018\/thumbs\/thumbs_img_20181109_144201.jpg\" width=\"120\" height=\"90\" \/>\r\n\t\t\t\t\t\t\t<\/a>\r\n\t\t<\/div>\r\n\t<\/div>\r\n\t\r\n\t\t\r\n \t\t\r\n\t<div id=\"ngg-image-12387\" class=\"ngg-gallery-thumbnail-box\"  >\r\n\t\t<div class=\"ngg-gallery-thumbnail\" >\r\n\t\t\t<a href=\"https:\/\/spbielsk.pl\/wp-content\/gallery\/harcerze-andrzejki-2018\/img_20181109_145859.jpg\" title=\"bty\"   rel=\"lightbox[3970]\">\r\n\t\t\t\t\t\t\t\t<img loading=\"lazy\" decoding=\"async\" title=\"bty\" alt=\"bty\" src=\"https:\/\/spbielsk.pl\/wp-content\/gallery\/harcerze-andrzejki-2018\/thumbs\/thumbs_img_20181109_145859.jpg\" width=\"120\" height=\"90\" \/>\r\n\t\t\t\t\t\t\t<\/a>\r\n\t\t<\/div>\r\n\t<\/div>\r\n\t\r\n\t\t\r\n \t \t\r\n\t<!-- Pagination -->\r\n \t<div class='ngg-clear'><\/div>\n \t\r\n<\/div>\r\n\r\n<\/p>\n","protected":false},"excerpt":{"rendered":"<p>30 listopada zorganizowali\u015bmy Andrzejki w naszej dru\u017cynie. Impreza by\u0142a poprzedzona d\u0142ugimi przygotowaniami. Samodzielnie upiekli\u015bmy babeczki i ciastka z wr\u00f3\u017cb\u0105,\u00a0 przygotowali\u015bmy s\u0142odko\u015bci i zrobili\u015bmy zakupy. Bez pomocy druhen zaplanowali\u015bmy gry i zabawy dla go\u015bci oraz udekorowali\u015bmy harc\u00f3wk\u0119. Naszymi go\u015b\u0107mi by\u0142y \u015awietliczaki i ich opiekunki, p. Dorota Domeradzka i p. Joanna Sieradzka. Ka\u017cdy \u015awietliczak na powitanie otrzyma\u0142 [&hellip;]<\/p>\n","protected":false},"author":1,"featured_media":2824,"comment_status":"closed","ping_status":"closed","sticky":false,"template":"","format":"standard","meta":{"footnotes":""},"categories":[5],"tags":[],"class_list":["post-3970","post","type-post","status-publish","format-standard","has-post-thumbnail","hentry","category-s-p-bielsk"],"_links":{"self":[{"href":"https:\/\/spbielsk.pl\/index.php?rest_route=\/wp\/v2\/posts\/3970","targetHints":{"allow":["GET"]}}],"collection":[{"href":"https:\/\/spbielsk.pl\/index.php?rest_route=\/wp\/v2\/posts"}],"about":[{"href":"https:\/\/spbielsk.pl\/index.php?rest_route=\/wp\/v2\/types\/post"}],"author":[{"embeddable":true,"href":"https:\/\/spbielsk.pl\/index.php?rest_route=\/wp\/v2\/users\/1"}],"replies":[{"embeddable":true,"href":"https:\/\/spbielsk.pl\/index.php?rest_route=%2Fwp%2Fv2%2Fcomments&post=3970"}],"version-history":[{"count":3,"href":"https:\/\/spbielsk.pl\/index.php?rest_route=\/wp\/v2\/posts\/3970\/revisions"}],"predecessor-version":[{"id":3973,"href":"https:\/\/spbielsk.pl\/index.php?rest_route=\/wp\/v2\/posts\/3970\/revisions\/3973"}],"wp:featuredmedia":[{"embeddable":true,"href":"https:\/\/spbielsk.pl\/index.php?rest_route=\/wp\/v2\/media\/2824"}],"wp:attachment":[{"href":"https:\/\/spbielsk.pl\/index.php?rest_route=%2Fwp%2Fv2%2Fmedia&parent=3970"}],"wp:term":[{"taxonomy":"category","embeddable":true,"href":"https:\/\/spbielsk.pl\/index.php?rest_route=%2Fwp%2Fv2%2Fcategories&post=3970"},{"taxonomy":"post_tag","embeddable":true,"href":"https:\/\/spbielsk.pl\/index.php?rest_route=%2Fwp%2Fv2%2Ftags&post=3970"}],"curies":[{"name":"wp","href":"https:\/\/api.w.org\/{rel}","templated":true}]}}