{"id":3950,"date":"2018-11-19T11:08:32","date_gmt":"2018-11-19T10:08:32","guid":{"rendered":"http:\/\/spbielsk.pl\/?p=3950"},"modified":"2018-11-19T11:08:32","modified_gmt":"2018-11-19T10:08:32","slug":"zebranie-srodsemestralne-z-rodzicami-osiagniecia-edukacyjne-i-zachowanie-uczniow","status":"publish","type":"post","link":"https:\/\/spbielsk.pl\/?p=3950","title":{"rendered":"ZEBRANIE \u015aR\u00d3DSEMESTRALNE Z RODZICAMI \u2013  OSI\u0104GNI\u0118CIA EDUKACYJNE I ZACHOWANIE UCZNI\u00d3W"},"content":{"rendered":"<p style=\"text-align: center;\"><a href=\"http:\/\/spbielsk.pl\/wp-content\/uploads\/2018\/11\/zebr-list-2018.jpg\" rel=\"lightbox[3950]\"><img fetchpriority=\"high\" decoding=\"async\" class=\"aligncenter wp-image-3951 size-medium\" src=\"http:\/\/spbielsk.pl\/wp-content\/uploads\/2018\/11\/zebr-list-2018-291x300.jpg\" alt=\"\" width=\"291\" height=\"300\" srcset=\"https:\/\/spbielsk.pl\/wp-content\/uploads\/2018\/11\/zebr-list-2018-291x300.jpg 291w, https:\/\/spbielsk.pl\/wp-content\/uploads\/2018\/11\/zebr-list-2018.jpg 627w\" sizes=\"(max-width: 291px) 100vw, 291px\" \/><\/a><\/p>\n<p style=\"text-align: center;\">W tych dniach b\u0119dziecie mogli Pa\u0144stwo indywidualnie skonsultowa\u0107 si\u0119 z ka\u017cdym nauczycielem, natomiast w dniu 21 listopada z pedagogiem, psychologiem i logoped\u0105, kt\u00f3rzy b\u0119d\u0105 pe\u0142ni\u0107 dy\u017cur w godzinach 15<sup>10<\/sup>-16<sup>30<\/sup>.<\/p>\n","protected":false},"excerpt":{"rendered":"<p>W tych dniach b\u0119dziecie mogli Pa\u0144stwo indywidualnie skonsultowa\u0107 si\u0119 z ka\u017cdym nauczycielem, natomiast w dniu 21 listopada z pedagogiem, psychologiem i logoped\u0105, kt\u00f3rzy b\u0119d\u0105 pe\u0142ni\u0107 dy\u017cur w godzinach 1510-1630.<\/p>\n","protected":false},"author":1,"featured_media":0,"comment_status":"closed","ping_status":"closed","sticky":false,"template":"","format":"standard","meta":{"footnotes":""},"categories":[5],"tags":[],"class_list":["post-3950","post","type-post","status-publish","format-standard","hentry","category-s-p-bielsk"],"_links":{"self":[{"href":"https:\/\/spbielsk.pl\/index.php?rest_route=\/wp\/v2\/posts\/3950","targetHints":{"allow":["GET"]}}],"collection":[{"href":"https:\/\/spbielsk.pl\/index.php?rest_route=\/wp\/v2\/posts"}],"about":[{"href":"https:\/\/spbielsk.pl\/index.php?rest_route=\/wp\/v2\/types\/post"}],"author":[{"embeddable":true,"href":"https:\/\/spbielsk.pl\/index.php?rest_route=\/wp\/v2\/users\/1"}],"replies":[{"embeddable":true,"href":"https:\/\/spbielsk.pl\/index.php?rest_route=%2Fwp%2Fv2%2Fcomments&post=3950"}],"version-history":[{"count":1,"href":"https:\/\/spbielsk.pl\/index.php?rest_route=\/wp\/v2\/posts\/3950\/revisions"}],"predecessor-version":[{"id":3952,"href":"https:\/\/spbielsk.pl\/index.php?rest_route=\/wp\/v2\/posts\/3950\/revisions\/3952"}],"wp:attachment":[{"href":"https:\/\/spbielsk.pl\/index.php?rest_route=%2Fwp%2Fv2%2Fmedia&parent=3950"}],"wp:term":[{"taxonomy":"category","embeddable":true,"href":"https:\/\/spbielsk.pl\/index.php?rest_route=%2Fwp%2Fv2%2Fcategories&post=3950"},{"taxonomy":"post_tag","embeddable":true,"href":"https:\/\/spbielsk.pl\/index.php?rest_route=%2Fwp%2Fv2%2Ftags&post=3950"}],"curies":[{"name":"wp","href":"https:\/\/api.w.org\/{rel}","templated":true}]}}