{"id":3947,"date":"2018-11-10T14:10:29","date_gmt":"2018-11-10T13:10:29","guid":{"rendered":"http:\/\/spbielsk.pl\/?p=3947"},"modified":"2018-11-15T14:14:39","modified_gmt":"2018-11-15T13:14:39","slug":"pamietamy-o-tych-ktorzy-odeszli","status":"publish","type":"post","link":"https:\/\/spbielsk.pl\/?p=3947","title":{"rendered":"Pami\u0119tamy o tych, kt\u00f3rzy odeszli."},"content":{"rendered":"<p style=\"text-align: justify;\">Zuchy z GZ\u00a0 Muchomorki z Bielska pami\u0119ta\u0142y o zmar\u0142ych, odwiedzaj\u0105c pomnik \u017co\u0142nierzy na bielskim cmentarzu.\u00a0 Zbi\u00f3rka tu\u017c przed \u015bwi\u0119tem zmar\u0142ych mia\u0142a charakter bardzo refleksyjny. Zuchy posprz\u0105ta\u0142y teren wok\u00f3\u0142 pomnika i zapali\u0142y znicze, kt\u00f3re symbolizuj\u0105 pami\u0119\u0107 o tych, kt\u00f3rzy ju\u017c odeszli.<\/p>\n<p style=\"text-align: right;\">Czuwaj!<\/p>\n","protected":false},"excerpt":{"rendered":"<p>Zuchy z GZ\u00a0 Muchomorki z Bielska pami\u0119ta\u0142y o zmar\u0142ych, odwiedzaj\u0105c pomnik \u017co\u0142nierzy na bielskim cmentarzu.\u00a0 Zbi\u00f3rka tu\u017c przed \u015bwi\u0119tem zmar\u0142ych mia\u0142a charakter bardzo refleksyjny. Zuchy posprz\u0105ta\u0142y teren wok\u00f3\u0142 pomnika i zapali\u0142y znicze, kt\u00f3re symbolizuj\u0105 pami\u0119\u0107 o tych, kt\u00f3rzy ju\u017c odeszli. Czuwaj!<\/p>\n","protected":false},"author":1,"featured_media":1333,"comment_status":"closed","ping_status":"closed","sticky":false,"template":"","format":"standard","meta":{"footnotes":""},"categories":[5],"tags":[],"class_list":["post-3947","post","type-post","status-publish","format-standard","has-post-thumbnail","hentry","category-s-p-bielsk"],"_links":{"self":[{"href":"https:\/\/spbielsk.pl\/index.php?rest_route=\/wp\/v2\/posts\/3947","targetHints":{"allow":["GET"]}}],"collection":[{"href":"https:\/\/spbielsk.pl\/index.php?rest_route=\/wp\/v2\/posts"}],"about":[{"href":"https:\/\/spbielsk.pl\/index.php?rest_route=\/wp\/v2\/types\/post"}],"author":[{"embeddable":true,"href":"https:\/\/spbielsk.pl\/index.php?rest_route=\/wp\/v2\/users\/1"}],"replies":[{"embeddable":true,"href":"https:\/\/spbielsk.pl\/index.php?rest_route=%2Fwp%2Fv2%2Fcomments&post=3947"}],"version-history":[{"count":1,"href":"https:\/\/spbielsk.pl\/index.php?rest_route=\/wp\/v2\/posts\/3947\/revisions"}],"predecessor-version":[{"id":3948,"href":"https:\/\/spbielsk.pl\/index.php?rest_route=\/wp\/v2\/posts\/3947\/revisions\/3948"}],"wp:featuredmedia":[{"embeddable":true,"href":"https:\/\/spbielsk.pl\/index.php?rest_route=\/wp\/v2\/media\/1333"}],"wp:attachment":[{"href":"https:\/\/spbielsk.pl\/index.php?rest_route=%2Fwp%2Fv2%2Fmedia&parent=3947"}],"wp:term":[{"taxonomy":"category","embeddable":true,"href":"https:\/\/spbielsk.pl\/index.php?rest_route=%2Fwp%2Fv2%2Fcategories&post=3947"},{"taxonomy":"post_tag","embeddable":true,"href":"https:\/\/spbielsk.pl\/index.php?rest_route=%2Fwp%2Fv2%2Ftags&post=3947"}],"curies":[{"name":"wp","href":"https:\/\/api.w.org\/{rel}","templated":true}]}}