{"id":3934,"date":"2018-11-15T10:32:43","date_gmt":"2018-11-15T09:32:43","guid":{"rendered":"http:\/\/spbielsk.pl\/?p=3934"},"modified":"2018-11-15T10:34:31","modified_gmt":"2018-11-15T09:34:31","slug":"wyjazd-do-bazyliki-milosierdzia-bozego-i-muzeum-diecezjalnego-w-plocku","status":"publish","type":"post","link":"https:\/\/spbielsk.pl\/?p=3934","title":{"rendered":"Wyjazd do Bazyliki Mi\u0142osierdzia  Bo\u017cego  i Muzeum Diecezjalnego w P\u0142ocku"},"content":{"rendered":"<p style=\"text-align: justify;\">31 pa\u017adziernika 2018 roku klasy pi\u0105te wzi\u0119\u0142y udzia\u0142 w wycieczce do Muzeum Diecezjalnego w P\u0142ocku im. b\u0142. abpa Antoniego Juliana Nowowiejskiego. Uczniowie uczestniczyli\u00a0 w\u00a0 lekcji\u00a0 muzealnej nt.: ,,\u0179r\u00f3d\u0142a historyczne Pisma \u015awi\u0119tego\u201d, przydatnej do lekcji religii, j. polskiego, historii,\u00a0 czy \u00a0historii sztuki,<\/p>\n<p style=\"text-align: justify;\">\u2026Obejrzeli bezcenne skarby i\u00a0zwiedzili interesuj\u0105c\u0105 wystaw\u0119 monstrancji.<br \/>\nUczestnicy\u00a0 wycieczki odwiedzili dom zakonny Zgromadzenia Si\u00f3str Matki Bo\u017cej Mi\u0142osierdzia przy Starym Rynku,\u00a0 w\u00a0 kt\u00f3rym znajduje si\u0119 kaplica z obrazem Jezusa Mi\u0142osiernego i relikwiami \u015bw. Faustyny. Na placu, w miejscu objawienia, stoi dzi\u015b figura Jezusa Mi\u0142osiernego. Natomiast w dawnej piekarni, w kt\u00f3rej siostra pracowa\u0142a podczas pobytu w domu zakonnym w P\u0142ocku (1930-1932), znajduje si\u0119 muzeum \u015bw. Siostry Faustyny.<!--more--><\/p>\n<p style=\"text-align: justify;\">P\u0142ock jest najwa\u017cniejszym miejscem Bo\u017cego Mi\u0142osierdzia dla ca\u0142ego \u015bwiata.<br \/>\n22 lutego 1931 roku w pierwsz\u0105 niedziel\u0119 Wielkiego Postu w\u0142a\u015bnie tu w P\u0142ocku, 26-letnia siostra Faustyna mia\u0142a pierwsze i najwa\u017cniejsze objawienie Jezusa Mi\u0142osiernego i us\u0142ysza\u0142a Jego \u017cyczenie, dotycz\u0105ce ustanowienia w ko\u015bciele \u015awi\u0119ta Mi\u0142osierdzia Bo\u017cego.<br \/>\nWola Pana wype\u0142ni\u0142a si\u0119, gdy powsta\u0142 s\u0142ynny obraz Jezusa Mi\u0142osiernego z podpisem: <strong>Jezu, ufam Tobie<\/strong>, a Papie\u017c-Polak wprowadzi\u0142 nowe \u015bwi\u0119to ko\u015bcielne &#8211; \u015awi\u0119to Mi\u0142osierdzia Bo\u017cego w pierwsz\u0105 niedziel\u0119 po Wielkanocy.<\/p>\n<p style=\"text-align: justify;\">Dzieci zwiedzi\u0142y r\u00f3wnie\u017c b\u0119d\u0105c\u0105\u00a0 w\u00a0 budowie Bazylik\u0119\u00a0 Mi\u0142osierdzia\u00a0 Bo\u017cego.<\/p>\n<p style=\"text-align: right;\">M. Maruszewska<br \/>\nE. Kr\u00f3likowska<\/p>\n<p style=\"text-align: center;\">\r\n<div class=\"ngg-galleryoverview\" id=\"ngg-gallery-415-3934\">\r\n\r\n\t<!-- Slideshow link -->\r\n\t<div class=\"slideshowlink\">\r\n\t\t<a class=\"slideshowlink\" href=\"https:\/\/spbielsk.pl\/?p=3934&amp;show=slide\">\r\n\t\t\t[Show slideshow]\t\t<\/a>\r\n\t<\/div>\r\n\r\n\t\r\n\t<!-- Thumbnails -->\r\n\t\t\r\n\t<div id=\"ngg-image-12254\" class=\"ngg-gallery-thumbnail-box\"  >\r\n\t\t<div class=\"ngg-gallery-thumbnail\" >\r\n\t\t\t<a href=\"https:\/\/spbielsk.pl\/wp-content\/gallery\/muzemum-diec-2018\/img_20181031_101142.jpg\" title=\"bty\"   rel=\"lightbox[3934]\">\r\n\t\t\t\t\t\t\t\t<img decoding=\"async\" title=\"bty\" alt=\"bty\" src=\"https:\/\/spbielsk.pl\/wp-content\/gallery\/muzemum-diec-2018\/thumbs\/thumbs_img_20181031_101142.jpg\" width=\"120\" height=\"90\" \/>\r\n\t\t\t\t\t\t\t<\/a>\r\n\t\t<\/div>\r\n\t<\/div>\r\n\t\r\n\t\t\r\n \t\t\r\n\t<div id=\"ngg-image-12255\" class=\"ngg-gallery-thumbnail-box\"  >\r\n\t\t<div class=\"ngg-gallery-thumbnail\" >\r\n\t\t\t<a href=\"https:\/\/spbielsk.pl\/wp-content\/gallery\/muzemum-diec-2018\/img_20181031_101226.jpg\" title=\"bty\"   rel=\"lightbox[3934]\">\r\n\t\t\t\t\t\t\t\t<img decoding=\"async\" title=\"bty\" alt=\"bty\" src=\"https:\/\/spbielsk.pl\/wp-content\/gallery\/muzemum-diec-2018\/thumbs\/thumbs_img_20181031_101226.jpg\" width=\"120\" height=\"90\" \/>\r\n\t\t\t\t\t\t\t<\/a>\r\n\t\t<\/div>\r\n\t<\/div>\r\n\t\r\n\t\t\r\n \t\t\r\n\t<div id=\"ngg-image-12256\" class=\"ngg-gallery-thumbnail-box\"  >\r\n\t\t<div class=\"ngg-gallery-thumbnail\" >\r\n\t\t\t<a href=\"https:\/\/spbielsk.pl\/wp-content\/gallery\/muzemum-diec-2018\/img_20181031_101230.jpg\" title=\"bty\"   rel=\"lightbox[3934]\">\r\n\t\t\t\t\t\t\t\t<img decoding=\"async\" title=\"bty\" alt=\"bty\" src=\"https:\/\/spbielsk.pl\/wp-content\/gallery\/muzemum-diec-2018\/thumbs\/thumbs_img_20181031_101230.jpg\" width=\"120\" height=\"90\" \/>\r\n\t\t\t\t\t\t\t<\/a>\r\n\t\t<\/div>\r\n\t<\/div>\r\n\t\r\n\t\t\r\n \t\t\r\n\t<div id=\"ngg-image-12257\" class=\"ngg-gallery-thumbnail-box\"  >\r\n\t\t<div class=\"ngg-gallery-thumbnail\" >\r\n\t\t\t<a href=\"https:\/\/spbielsk.pl\/wp-content\/gallery\/muzemum-diec-2018\/img_20181031_111603.jpg\" title=\"bty\"   rel=\"lightbox[3934]\">\r\n\t\t\t\t\t\t\t\t<img loading=\"lazy\" decoding=\"async\" title=\"bty\" alt=\"bty\" src=\"https:\/\/spbielsk.pl\/wp-content\/gallery\/muzemum-diec-2018\/thumbs\/thumbs_img_20181031_111603.jpg\" width=\"120\" height=\"90\" \/>\r\n\t\t\t\t\t\t\t<\/a>\r\n\t\t<\/div>\r\n\t<\/div>\r\n\t\r\n\t\t\r\n \t\t\r\n\t<div id=\"ngg-image-12258\" class=\"ngg-gallery-thumbnail-box\"  >\r\n\t\t<div class=\"ngg-gallery-thumbnail\" >\r\n\t\t\t<a href=\"https:\/\/spbielsk.pl\/wp-content\/gallery\/muzemum-diec-2018\/img_20181031_111611.jpg\" title=\"bty\"   rel=\"lightbox[3934]\">\r\n\t\t\t\t\t\t\t\t<img loading=\"lazy\" decoding=\"async\" title=\"bty\" alt=\"bty\" src=\"https:\/\/spbielsk.pl\/wp-content\/gallery\/muzemum-diec-2018\/thumbs\/thumbs_img_20181031_111611.jpg\" width=\"120\" height=\"90\" \/>\r\n\t\t\t\t\t\t\t<\/a>\r\n\t\t<\/div>\r\n\t<\/div>\r\n\t\r\n\t\t\r\n \t\t\r\n\t<div id=\"ngg-image-12259\" class=\"ngg-gallery-thumbnail-box\"  >\r\n\t\t<div class=\"ngg-gallery-thumbnail\" >\r\n\t\t\t<a href=\"https:\/\/spbielsk.pl\/wp-content\/gallery\/muzemum-diec-2018\/img_20181031_111640.jpg\" title=\"bty\"   rel=\"lightbox[3934]\">\r\n\t\t\t\t\t\t\t\t<img loading=\"lazy\" decoding=\"async\" title=\"bty\" alt=\"bty\" src=\"https:\/\/spbielsk.pl\/wp-content\/gallery\/muzemum-diec-2018\/thumbs\/thumbs_img_20181031_111640.jpg\" width=\"120\" height=\"90\" \/>\r\n\t\t\t\t\t\t\t<\/a>\r\n\t\t<\/div>\r\n\t<\/div>\r\n\t\r\n\t\t\r\n \t\t\r\n\t<div id=\"ngg-image-12260\" class=\"ngg-gallery-thumbnail-box\"  >\r\n\t\t<div class=\"ngg-gallery-thumbnail\" >\r\n\t\t\t<a href=\"https:\/\/spbielsk.pl\/wp-content\/gallery\/muzemum-diec-2018\/img_20181031_111644.jpg\" title=\"bty\"   rel=\"lightbox[3934]\">\r\n\t\t\t\t\t\t\t\t<img loading=\"lazy\" decoding=\"async\" title=\"bty\" alt=\"bty\" src=\"https:\/\/spbielsk.pl\/wp-content\/gallery\/muzemum-diec-2018\/thumbs\/thumbs_img_20181031_111644.jpg\" width=\"120\" height=\"90\" \/>\r\n\t\t\t\t\t\t\t<\/a>\r\n\t\t<\/div>\r\n\t<\/div>\r\n\t\r\n\t\t\r\n \t\t\r\n\t<div id=\"ngg-image-12261\" class=\"ngg-gallery-thumbnail-box\"  >\r\n\t\t<div class=\"ngg-gallery-thumbnail\" >\r\n\t\t\t<a href=\"https:\/\/spbielsk.pl\/wp-content\/gallery\/muzemum-diec-2018\/img_20181031_111856_1.jpg\" title=\"bty\"   rel=\"lightbox[3934]\">\r\n\t\t\t\t\t\t\t\t<img loading=\"lazy\" decoding=\"async\" title=\"bty\" alt=\"bty\" src=\"https:\/\/spbielsk.pl\/wp-content\/gallery\/muzemum-diec-2018\/thumbs\/thumbs_img_20181031_111856_1.jpg\" width=\"120\" height=\"90\" \/>\r\n\t\t\t\t\t\t\t<\/a>\r\n\t\t<\/div>\r\n\t<\/div>\r\n\t\r\n\t\t\r\n \t\t\r\n\t<div id=\"ngg-image-12262\" class=\"ngg-gallery-thumbnail-box\"  >\r\n\t\t<div class=\"ngg-gallery-thumbnail\" >\r\n\t\t\t<a href=\"https:\/\/spbielsk.pl\/wp-content\/gallery\/muzemum-diec-2018\/img_20181031_111906.jpg\" title=\"bty\"   rel=\"lightbox[3934]\">\r\n\t\t\t\t\t\t\t\t<img loading=\"lazy\" decoding=\"async\" title=\"bty\" alt=\"bty\" src=\"https:\/\/spbielsk.pl\/wp-content\/gallery\/muzemum-diec-2018\/thumbs\/thumbs_img_20181031_111906.jpg\" width=\"120\" height=\"90\" \/>\r\n\t\t\t\t\t\t\t<\/a>\r\n\t\t<\/div>\r\n\t<\/div>\r\n\t\r\n\t\t\r\n \t\t\r\n\t<div id=\"ngg-image-12263\" class=\"ngg-gallery-thumbnail-box\"  >\r\n\t\t<div class=\"ngg-gallery-thumbnail\" >\r\n\t\t\t<a href=\"https:\/\/spbielsk.pl\/wp-content\/gallery\/muzemum-diec-2018\/img_20181031_112031.jpg\" title=\"bty\"   rel=\"lightbox[3934]\">\r\n\t\t\t\t\t\t\t\t<img loading=\"lazy\" decoding=\"async\" title=\"bty\" alt=\"bty\" src=\"https:\/\/spbielsk.pl\/wp-content\/gallery\/muzemum-diec-2018\/thumbs\/thumbs_img_20181031_112031.jpg\" width=\"120\" height=\"90\" \/>\r\n\t\t\t\t\t\t\t<\/a>\r\n\t\t<\/div>\r\n\t<\/div>\r\n\t\r\n\t\t\r\n \t\t\r\n\t<div id=\"ngg-image-12264\" class=\"ngg-gallery-thumbnail-box\"  >\r\n\t\t<div class=\"ngg-gallery-thumbnail\" >\r\n\t\t\t<a href=\"https:\/\/spbielsk.pl\/wp-content\/gallery\/muzemum-diec-2018\/img_20181031_112133.jpg\" title=\"bty\"   rel=\"lightbox[3934]\">\r\n\t\t\t\t\t\t\t\t<img loading=\"lazy\" decoding=\"async\" title=\"bty\" alt=\"bty\" src=\"https:\/\/spbielsk.pl\/wp-content\/gallery\/muzemum-diec-2018\/thumbs\/thumbs_img_20181031_112133.jpg\" width=\"120\" height=\"90\" \/>\r\n\t\t\t\t\t\t\t<\/a>\r\n\t\t<\/div>\r\n\t<\/div>\r\n\t\r\n\t\t\r\n \t\t\r\n\t<div id=\"ngg-image-12265\" class=\"ngg-gallery-thumbnail-box\"  >\r\n\t\t<div class=\"ngg-gallery-thumbnail\" >\r\n\t\t\t<a href=\"https:\/\/spbielsk.pl\/wp-content\/gallery\/muzemum-diec-2018\/img_20181031_112215.jpg\" title=\"bty\"   rel=\"lightbox[3934]\">\r\n\t\t\t\t\t\t\t\t<img loading=\"lazy\" decoding=\"async\" title=\"bty\" alt=\"bty\" src=\"https:\/\/spbielsk.pl\/wp-content\/gallery\/muzemum-diec-2018\/thumbs\/thumbs_img_20181031_112215.jpg\" width=\"120\" height=\"90\" \/>\r\n\t\t\t\t\t\t\t<\/a>\r\n\t\t<\/div>\r\n\t<\/div>\r\n\t\r\n\t\t\r\n \t\t\r\n\t<div id=\"ngg-image-12266\" class=\"ngg-gallery-thumbnail-box\"  >\r\n\t\t<div class=\"ngg-gallery-thumbnail\" >\r\n\t\t\t<a href=\"https:\/\/spbielsk.pl\/wp-content\/gallery\/muzemum-diec-2018\/img_20181031_112401.jpg\" title=\"bty\"   rel=\"lightbox[3934]\">\r\n\t\t\t\t\t\t\t\t<img loading=\"lazy\" decoding=\"async\" title=\"bty\" alt=\"bty\" src=\"https:\/\/spbielsk.pl\/wp-content\/gallery\/muzemum-diec-2018\/thumbs\/thumbs_img_20181031_112401.jpg\" width=\"120\" height=\"90\" \/>\r\n\t\t\t\t\t\t\t<\/a>\r\n\t\t<\/div>\r\n\t<\/div>\r\n\t\r\n\t\t\r\n \t\t\r\n\t<div id=\"ngg-image-12267\" class=\"ngg-gallery-thumbnail-box\"  >\r\n\t\t<div class=\"ngg-gallery-thumbnail\" >\r\n\t\t\t<a href=\"https:\/\/spbielsk.pl\/wp-content\/gallery\/muzemum-diec-2018\/img_20181031_112513.jpg\" title=\"bty\"   rel=\"lightbox[3934]\">\r\n\t\t\t\t\t\t\t\t<img loading=\"lazy\" decoding=\"async\" title=\"bty\" alt=\"bty\" src=\"https:\/\/spbielsk.pl\/wp-content\/gallery\/muzemum-diec-2018\/thumbs\/thumbs_img_20181031_112513.jpg\" width=\"120\" height=\"90\" \/>\r\n\t\t\t\t\t\t\t<\/a>\r\n\t\t<\/div>\r\n\t<\/div>\r\n\t\r\n\t\t\r\n \t\t\r\n\t<div id=\"ngg-image-12268\" class=\"ngg-gallery-thumbnail-box\"  >\r\n\t\t<div class=\"ngg-gallery-thumbnail\" >\r\n\t\t\t<a href=\"https:\/\/spbielsk.pl\/wp-content\/gallery\/muzemum-diec-2018\/img_20181031_112537.jpg\" title=\"bty\"   rel=\"lightbox[3934]\">\r\n\t\t\t\t\t\t\t\t<img loading=\"lazy\" decoding=\"async\" title=\"bty\" alt=\"bty\" src=\"https:\/\/spbielsk.pl\/wp-content\/gallery\/muzemum-diec-2018\/thumbs\/thumbs_img_20181031_112537.jpg\" width=\"120\" height=\"90\" \/>\r\n\t\t\t\t\t\t\t<\/a>\r\n\t\t<\/div>\r\n\t<\/div>\r\n\t\r\n\t\t\r\n \t\t\r\n\t<div id=\"ngg-image-12269\" class=\"ngg-gallery-thumbnail-box\"  >\r\n\t\t<div class=\"ngg-gallery-thumbnail\" >\r\n\t\t\t<a href=\"https:\/\/spbielsk.pl\/wp-content\/gallery\/muzemum-diec-2018\/img_20181031_112557.jpg\" title=\"bty\"   rel=\"lightbox[3934]\">\r\n\t\t\t\t\t\t\t\t<img loading=\"lazy\" decoding=\"async\" title=\"bty\" alt=\"bty\" src=\"https:\/\/spbielsk.pl\/wp-content\/gallery\/muzemum-diec-2018\/thumbs\/thumbs_img_20181031_112557.jpg\" width=\"120\" height=\"90\" \/>\r\n\t\t\t\t\t\t\t<\/a>\r\n\t\t<\/div>\r\n\t<\/div>\r\n\t\r\n\t\t\r\n \t\t\r\n\t<div id=\"ngg-image-12270\" class=\"ngg-gallery-thumbnail-box\"  >\r\n\t\t<div class=\"ngg-gallery-thumbnail\" >\r\n\t\t\t<a href=\"https:\/\/spbielsk.pl\/wp-content\/gallery\/muzemum-diec-2018\/img_20181031_112609.jpg\" title=\"bty\"   rel=\"lightbox[3934]\">\r\n\t\t\t\t\t\t\t\t<img loading=\"lazy\" decoding=\"async\" title=\"bty\" alt=\"bty\" src=\"https:\/\/spbielsk.pl\/wp-content\/gallery\/muzemum-diec-2018\/thumbs\/thumbs_img_20181031_112609.jpg\" width=\"120\" height=\"90\" \/>\r\n\t\t\t\t\t\t\t<\/a>\r\n\t\t<\/div>\r\n\t<\/div>\r\n\t\r\n\t\t\r\n \t\t\r\n\t<div id=\"ngg-image-12271\" class=\"ngg-gallery-thumbnail-box\"  >\r\n\t\t<div class=\"ngg-gallery-thumbnail\" >\r\n\t\t\t<a href=\"https:\/\/spbielsk.pl\/wp-content\/gallery\/muzemum-diec-2018\/img_20181031_113013.jpg\" title=\"bty\"   rel=\"lightbox[3934]\">\r\n\t\t\t\t\t\t\t\t<img loading=\"lazy\" decoding=\"async\" title=\"bty\" alt=\"bty\" src=\"https:\/\/spbielsk.pl\/wp-content\/gallery\/muzemum-diec-2018\/thumbs\/thumbs_img_20181031_113013.jpg\" width=\"120\" height=\"90\" \/>\r\n\t\t\t\t\t\t\t<\/a>\r\n\t\t<\/div>\r\n\t<\/div>\r\n\t\r\n\t\t\r\n \t\t\r\n\t<div id=\"ngg-image-12272\" class=\"ngg-gallery-thumbnail-box\"  >\r\n\t\t<div class=\"ngg-gallery-thumbnail\" >\r\n\t\t\t<a href=\"https:\/\/spbielsk.pl\/wp-content\/gallery\/muzemum-diec-2018\/img_20181031_113223.jpg\" title=\"bty\"   rel=\"lightbox[3934]\">\r\n\t\t\t\t\t\t\t\t<img loading=\"lazy\" decoding=\"async\" title=\"bty\" alt=\"bty\" src=\"https:\/\/spbielsk.pl\/wp-content\/gallery\/muzemum-diec-2018\/thumbs\/thumbs_img_20181031_113223.jpg\" width=\"120\" height=\"90\" \/>\r\n\t\t\t\t\t\t\t<\/a>\r\n\t\t<\/div>\r\n\t<\/div>\r\n\t\r\n\t\t\r\n \t\t\r\n\t<div id=\"ngg-image-12273\" class=\"ngg-gallery-thumbnail-box\"  >\r\n\t\t<div class=\"ngg-gallery-thumbnail\" >\r\n\t\t\t<a href=\"https:\/\/spbielsk.pl\/wp-content\/gallery\/muzemum-diec-2018\/img_20181031_113857.jpg\" title=\"bty\"   rel=\"lightbox[3934]\">\r\n\t\t\t\t\t\t\t\t<img loading=\"lazy\" decoding=\"async\" title=\"bty\" alt=\"bty\" src=\"https:\/\/spbielsk.pl\/wp-content\/gallery\/muzemum-diec-2018\/thumbs\/thumbs_img_20181031_113857.jpg\" width=\"120\" height=\"90\" \/>\r\n\t\t\t\t\t\t\t<\/a>\r\n\t\t<\/div>\r\n\t<\/div>\r\n\t\r\n\t\t\r\n \t\t\r\n\t<div id=\"ngg-image-12274\" class=\"ngg-gallery-thumbnail-box\"  >\r\n\t\t<div class=\"ngg-gallery-thumbnail\" >\r\n\t\t\t<a href=\"https:\/\/spbielsk.pl\/wp-content\/gallery\/muzemum-diec-2018\/img_20181031_113932.jpg\" title=\"bty\"   rel=\"lightbox[3934]\">\r\n\t\t\t\t\t\t\t\t<img loading=\"lazy\" decoding=\"async\" title=\"bty\" alt=\"bty\" src=\"https:\/\/spbielsk.pl\/wp-content\/gallery\/muzemum-diec-2018\/thumbs\/thumbs_img_20181031_113932.jpg\" width=\"120\" height=\"90\" \/>\r\n\t\t\t\t\t\t\t<\/a>\r\n\t\t<\/div>\r\n\t<\/div>\r\n\t\r\n\t\t\r\n \t \t\r\n\t<!-- Pagination -->\r\n \t<div class='ngg-clear'><\/div>\n \t\r\n<\/div>\r\n\r\n<\/p>\n","protected":false},"excerpt":{"rendered":"<p>31 pa\u017adziernika 2018 roku klasy pi\u0105te wzi\u0119\u0142y udzia\u0142 w wycieczce do Muzeum Diecezjalnego w P\u0142ocku im. b\u0142. abpa Antoniego Juliana Nowowiejskiego. Uczniowie uczestniczyli\u00a0 w\u00a0 lekcji\u00a0 muzealnej nt.: ,,\u0179r\u00f3d\u0142a historyczne Pisma \u015awi\u0119tego\u201d, przydatnej do lekcji religii, j. polskiego, historii,\u00a0 czy \u00a0historii sztuki, \u2026Obejrzeli bezcenne skarby i\u00a0zwiedzili interesuj\u0105c\u0105 wystaw\u0119 monstrancji. Uczestnicy\u00a0 wycieczki odwiedzili dom zakonny Zgromadzenia Si\u00f3str [&hellip;]<\/p>\n","protected":false},"author":1,"featured_media":3935,"comment_status":"closed","ping_status":"closed","sticky":false,"template":"","format":"standard","meta":{"footnotes":""},"categories":[5],"tags":[],"class_list":["post-3934","post","type-post","status-publish","format-standard","has-post-thumbnail","hentry","category-s-p-bielsk"],"_links":{"self":[{"href":"https:\/\/spbielsk.pl\/index.php?rest_route=\/wp\/v2\/posts\/3934","targetHints":{"allow":["GET"]}}],"collection":[{"href":"https:\/\/spbielsk.pl\/index.php?rest_route=\/wp\/v2\/posts"}],"about":[{"href":"https:\/\/spbielsk.pl\/index.php?rest_route=\/wp\/v2\/types\/post"}],"author":[{"embeddable":true,"href":"https:\/\/spbielsk.pl\/index.php?rest_route=\/wp\/v2\/users\/1"}],"replies":[{"embeddable":true,"href":"https:\/\/spbielsk.pl\/index.php?rest_route=%2Fwp%2Fv2%2Fcomments&post=3934"}],"version-history":[{"count":2,"href":"https:\/\/spbielsk.pl\/index.php?rest_route=\/wp\/v2\/posts\/3934\/revisions"}],"predecessor-version":[{"id":3937,"href":"https:\/\/spbielsk.pl\/index.php?rest_route=\/wp\/v2\/posts\/3934\/revisions\/3937"}],"wp:featuredmedia":[{"embeddable":true,"href":"https:\/\/spbielsk.pl\/index.php?rest_route=\/wp\/v2\/media\/3935"}],"wp:attachment":[{"href":"https:\/\/spbielsk.pl\/index.php?rest_route=%2Fwp%2Fv2%2Fmedia&parent=3934"}],"wp:term":[{"taxonomy":"category","embeddable":true,"href":"https:\/\/spbielsk.pl\/index.php?rest_route=%2Fwp%2Fv2%2Fcategories&post=3934"},{"taxonomy":"post_tag","embeddable":true,"href":"https:\/\/spbielsk.pl\/index.php?rest_route=%2Fwp%2Fv2%2Ftags&post=3934"}],"curies":[{"name":"wp","href":"https:\/\/api.w.org\/{rel}","templated":true}]}}