{"id":3518,"date":"2018-04-20T17:06:05","date_gmt":"2018-04-20T16:06:05","guid":{"rendered":"http:\/\/spbielsk.pl\/?p=3518"},"modified":"2018-04-20T17:12:33","modified_gmt":"2018-04-20T16:12:33","slug":"zebrania-z-rodzicami-25-26-kwietnia-2018-roku","status":"publish","type":"post","link":"https:\/\/spbielsk.pl\/?p=3518","title":{"rendered":"Zebrania z rodzicami &#8211; 25 &#8211; 26 kwietnia 2018 roku"},"content":{"rendered":"<p style=\"text-align: center;\"><a href=\"http:\/\/spbielsk.pl\/wp-content\/uploads\/2018\/04\/zebr-1-3.jpg\" rel=\"lightbox[3518]\"><img fetchpriority=\"high\" decoding=\"async\" class=\"aligncenter wp-image-3505 size-medium\" src=\"http:\/\/spbielsk.pl\/wp-content\/uploads\/2018\/04\/zebr-1-3-300x212.jpg\" alt=\"\" width=\"300\" height=\"212\" srcset=\"https:\/\/spbielsk.pl\/wp-content\/uploads\/2018\/04\/zebr-1-3-300x212.jpg 300w, https:\/\/spbielsk.pl\/wp-content\/uploads\/2018\/04\/zebr-1-3.jpg 584w\" sizes=\"(max-width: 300px) 100vw, 300px\" \/><\/a><\/p>\n<p style=\"text-align: center;\"><a href=\"http:\/\/spbielsk.pl\/wp-content\/uploads\/2018\/04\/4-6.jpg\" rel=\"lightbox[3518]\"><img decoding=\"async\" class=\"aligncenter wp-image-3520 size-medium\" src=\"http:\/\/spbielsk.pl\/wp-content\/uploads\/2018\/04\/4-6-300x249.jpg\" alt=\"\" width=\"300\" height=\"249\" srcset=\"https:\/\/spbielsk.pl\/wp-content\/uploads\/2018\/04\/4-6-300x249.jpg 300w, https:\/\/spbielsk.pl\/wp-content\/uploads\/2018\/04\/4-6.jpg 645w\" sizes=\"(max-width: 300px) 100vw, 300px\" \/><\/a><\/p>\n<p style=\"text-align: center;\">26 kwietnia 2018r. o godzinie 15:30 (przed zebraniem z wychowawcami) w sali nr 8 odb\u0119dzie si\u0119 zebranie rodzic\u00f3w, kt\u00f3rych dzieci wyje\u017cd\u017caj\u0105 na zielon\u0105 szko\u0142\u0119 do Na\u0142\u0119czowa w dniach 7 &#8211; 11 maja 2018r.<\/p>\n","protected":false},"excerpt":{"rendered":"<p>26 kwietnia 2018r. o godzinie 15:30 (przed zebraniem z wychowawcami) w sali nr 8 odb\u0119dzie si\u0119 zebranie rodzic\u00f3w, kt\u00f3rych dzieci wyje\u017cd\u017caj\u0105 na zielon\u0105 szko\u0142\u0119 do Na\u0142\u0119czowa w dniach 7 &#8211; 11 maja 2018r.<\/p>\n","protected":false},"author":1,"featured_media":0,"comment_status":"closed","ping_status":"closed","sticky":false,"template":"","format":"standard","meta":{"footnotes":""},"categories":[5],"tags":[],"class_list":["post-3518","post","type-post","status-publish","format-standard","hentry","category-s-p-bielsk"],"_links":{"self":[{"href":"https:\/\/spbielsk.pl\/index.php?rest_route=\/wp\/v2\/posts\/3518","targetHints":{"allow":["GET"]}}],"collection":[{"href":"https:\/\/spbielsk.pl\/index.php?rest_route=\/wp\/v2\/posts"}],"about":[{"href":"https:\/\/spbielsk.pl\/index.php?rest_route=\/wp\/v2\/types\/post"}],"author":[{"embeddable":true,"href":"https:\/\/spbielsk.pl\/index.php?rest_route=\/wp\/v2\/users\/1"}],"replies":[{"embeddable":true,"href":"https:\/\/spbielsk.pl\/index.php?rest_route=%2Fwp%2Fv2%2Fcomments&post=3518"}],"version-history":[{"count":9,"href":"https:\/\/spbielsk.pl\/index.php?rest_route=\/wp\/v2\/posts\/3518\/revisions"}],"predecessor-version":[{"id":3528,"href":"https:\/\/spbielsk.pl\/index.php?rest_route=\/wp\/v2\/posts\/3518\/revisions\/3528"}],"wp:attachment":[{"href":"https:\/\/spbielsk.pl\/index.php?rest_route=%2Fwp%2Fv2%2Fmedia&parent=3518"}],"wp:term":[{"taxonomy":"category","embeddable":true,"href":"https:\/\/spbielsk.pl\/index.php?rest_route=%2Fwp%2Fv2%2Fcategories&post=3518"},{"taxonomy":"post_tag","embeddable":true,"href":"https:\/\/spbielsk.pl\/index.php?rest_route=%2Fwp%2Fv2%2Ftags&post=3518"}],"curies":[{"name":"wp","href":"https:\/\/api.w.org\/{rel}","templated":true}]}}