{"id":3511,"date":"2018-04-20T16:33:30","date_gmt":"2018-04-20T15:33:30","guid":{"rendered":"http:\/\/spbielsk.pl\/?p=3511"},"modified":"2018-04-20T16:33:30","modified_gmt":"2018-04-20T15:33:30","slug":"dzien-jezykow-obcych-2","status":"publish","type":"post","link":"https:\/\/spbielsk.pl\/?p=3511","title":{"rendered":"Dzie\u0144 j\u0119zyk\u00f3w obcych"},"content":{"rendered":"<p style=\"text-align: justify;\">Dnia 16. 04.2018 w naszej szkole odby\u0142 si\u0119 Dzie\u0144 J\u0119zyk\u00f3w Obcych. Impreza mia\u0142a na celu u\u015bwiadomienie dzieciom korzy\u015bci p\u0142yn\u0105cych z uczenia si\u0119 j\u0119zyk\u00f3w obcych , propagowanie zdrowego wsp\u00f3\u0142zawodnictwa oraz kszta\u0142towanie szacunku wobec innych kultur.\u00a0 Reprezentacje klas IV-VII musia\u0142y wykaza\u0107 si\u0119 wiedz\u0105, umiej\u0119tno\u015bci\u0105 pos\u0142ugiwania si\u0119 nowoczesnymi technologiami, umiej\u0119tno\u015bci\u0105 pracy w grupie, aby\u00a0 jak najszybciej wydosta\u0107 si\u0119 z zamkni\u0119tego pokoju (sali nr1). W tym dniu odby\u0142a si\u0119 r\u00f3wnie\u017c wystawa projekt\u00f3w &#8211; plakat\u00f3w, kt\u00f3re zach\u0119caj\u0105 do odwiedzenia Anglii i Rosji.<!--more--><\/p>\n<p style=\"text-align: center;\">\r\n<div class=\"ngg-galleryoverview\" id=\"ngg-gallery-365-3511\">\r\n\r\n\t<!-- Slideshow link -->\r\n\t<div class=\"slideshowlink\">\r\n\t\t<a class=\"slideshowlink\" href=\"https:\/\/spbielsk.pl\/?p=3511&amp;show=slide\">\r\n\t\t\t[Show slideshow]\t\t<\/a>\r\n\t<\/div>\r\n\r\n\t\r\n\t<!-- Thumbnails -->\r\n\t\t\r\n\t<div id=\"ngg-image-10340\" class=\"ngg-gallery-thumbnail-box\"  >\r\n\t\t<div class=\"ngg-gallery-thumbnail\" >\r\n\t\t\t<a href=\"https:\/\/spbielsk.pl\/wp-content\/gallery\/dzienjezykowkwiec2018\/dsc.jpg\" title=\" \"   rel=\"lightbox[3511]\">\r\n\t\t\t\t\t\t\t\t<img decoding=\"async\" title=\"dsc\" alt=\"dsc\" src=\"https:\/\/spbielsk.pl\/wp-content\/gallery\/dzienjezykowkwiec2018\/thumbs\/thumbs_dsc.jpg\" width=\"120\" height=\"90\" \/>\r\n\t\t\t\t\t\t\t<\/a>\r\n\t\t<\/div>\r\n\t<\/div>\r\n\t\r\n\t\t\r\n \t\t\r\n\t<div id=\"ngg-image-10341\" class=\"ngg-gallery-thumbnail-box\"  >\r\n\t\t<div class=\"ngg-gallery-thumbnail\" >\r\n\t\t\t<a href=\"https:\/\/spbielsk.pl\/wp-content\/gallery\/dzienjezykowkwiec2018\/dsc_0851.jpg\" title=\" \"   rel=\"lightbox[3511]\">\r\n\t\t\t\t\t\t\t\t<img decoding=\"async\" title=\"dsc_0851\" alt=\"dsc_0851\" src=\"https:\/\/spbielsk.pl\/wp-content\/gallery\/dzienjezykowkwiec2018\/thumbs\/thumbs_dsc_0851.jpg\" width=\"120\" height=\"90\" \/>\r\n\t\t\t\t\t\t\t<\/a>\r\n\t\t<\/div>\r\n\t<\/div>\r\n\t\r\n\t\t\r\n \t\t\r\n\t<div id=\"ngg-image-10342\" class=\"ngg-gallery-thumbnail-box\"  >\r\n\t\t<div class=\"ngg-gallery-thumbnail\" >\r\n\t\t\t<a href=\"https:\/\/spbielsk.pl\/wp-content\/gallery\/dzienjezykowkwiec2018\/dsc_0852.jpg\" title=\" \"   rel=\"lightbox[3511]\">\r\n\t\t\t\t\t\t\t\t<img decoding=\"async\" title=\"dsc_0852\" alt=\"dsc_0852\" src=\"https:\/\/spbielsk.pl\/wp-content\/gallery\/dzienjezykowkwiec2018\/thumbs\/thumbs_dsc_0852.jpg\" width=\"120\" height=\"90\" \/>\r\n\t\t\t\t\t\t\t<\/a>\r\n\t\t<\/div>\r\n\t<\/div>\r\n\t\r\n\t\t\r\n \t\t\r\n\t<div id=\"ngg-image-10343\" class=\"ngg-gallery-thumbnail-box\"  >\r\n\t\t<div class=\"ngg-gallery-thumbnail\" >\r\n\t\t\t<a href=\"https:\/\/spbielsk.pl\/wp-content\/gallery\/dzienjezykowkwiec2018\/dsc_0854.jpg\" title=\" \"   rel=\"lightbox[3511]\">\r\n\t\t\t\t\t\t\t\t<img loading=\"lazy\" decoding=\"async\" title=\"dsc_0854\" alt=\"dsc_0854\" src=\"https:\/\/spbielsk.pl\/wp-content\/gallery\/dzienjezykowkwiec2018\/thumbs\/thumbs_dsc_0854.jpg\" width=\"120\" height=\"90\" \/>\r\n\t\t\t\t\t\t\t<\/a>\r\n\t\t<\/div>\r\n\t<\/div>\r\n\t\r\n\t\t\r\n \t\t\r\n\t<div id=\"ngg-image-10344\" class=\"ngg-gallery-thumbnail-box\"  >\r\n\t\t<div class=\"ngg-gallery-thumbnail\" >\r\n\t\t\t<a href=\"https:\/\/spbielsk.pl\/wp-content\/gallery\/dzienjezykowkwiec2018\/dsc_0855.jpg\" title=\" \"   rel=\"lightbox[3511]\">\r\n\t\t\t\t\t\t\t\t<img loading=\"lazy\" decoding=\"async\" title=\"dsc_0855\" alt=\"dsc_0855\" src=\"https:\/\/spbielsk.pl\/wp-content\/gallery\/dzienjezykowkwiec2018\/thumbs\/thumbs_dsc_0855.jpg\" width=\"120\" height=\"90\" \/>\r\n\t\t\t\t\t\t\t<\/a>\r\n\t\t<\/div>\r\n\t<\/div>\r\n\t\r\n\t\t\r\n \t\t\r\n\t<div id=\"ngg-image-10345\" class=\"ngg-gallery-thumbnail-box\"  >\r\n\t\t<div class=\"ngg-gallery-thumbnail\" >\r\n\t\t\t<a href=\"https:\/\/spbielsk.pl\/wp-content\/gallery\/dzienjezykowkwiec2018\/dsc_0857.jpg\" title=\" \"   rel=\"lightbox[3511]\">\r\n\t\t\t\t\t\t\t\t<img loading=\"lazy\" decoding=\"async\" title=\"dsc_0857\" alt=\"dsc_0857\" src=\"https:\/\/spbielsk.pl\/wp-content\/gallery\/dzienjezykowkwiec2018\/thumbs\/thumbs_dsc_0857.jpg\" width=\"120\" height=\"90\" \/>\r\n\t\t\t\t\t\t\t<\/a>\r\n\t\t<\/div>\r\n\t<\/div>\r\n\t\r\n\t\t\r\n \t\t\r\n\t<div id=\"ngg-image-10346\" class=\"ngg-gallery-thumbnail-box\"  >\r\n\t\t<div class=\"ngg-gallery-thumbnail\" >\r\n\t\t\t<a href=\"https:\/\/spbielsk.pl\/wp-content\/gallery\/dzienjezykowkwiec2018\/dsc_0858.jpg\" title=\" \"   rel=\"lightbox[3511]\">\r\n\t\t\t\t\t\t\t\t<img loading=\"lazy\" decoding=\"async\" title=\"dsc_0858\" alt=\"dsc_0858\" src=\"https:\/\/spbielsk.pl\/wp-content\/gallery\/dzienjezykowkwiec2018\/thumbs\/thumbs_dsc_0858.jpg\" width=\"120\" height=\"90\" \/>\r\n\t\t\t\t\t\t\t<\/a>\r\n\t\t<\/div>\r\n\t<\/div>\r\n\t\r\n\t\t\r\n \t\t\r\n\t<div id=\"ngg-image-10347\" class=\"ngg-gallery-thumbnail-box\"  >\r\n\t\t<div class=\"ngg-gallery-thumbnail\" >\r\n\t\t\t<a href=\"https:\/\/spbielsk.pl\/wp-content\/gallery\/dzienjezykowkwiec2018\/dsc_0860.jpg\" title=\" \"   rel=\"lightbox[3511]\">\r\n\t\t\t\t\t\t\t\t<img loading=\"lazy\" decoding=\"async\" title=\"dsc_0860\" alt=\"dsc_0860\" src=\"https:\/\/spbielsk.pl\/wp-content\/gallery\/dzienjezykowkwiec2018\/thumbs\/thumbs_dsc_0860.jpg\" width=\"120\" height=\"90\" \/>\r\n\t\t\t\t\t\t\t<\/a>\r\n\t\t<\/div>\r\n\t<\/div>\r\n\t\r\n\t\t\r\n \t\t\r\n\t<div id=\"ngg-image-10348\" class=\"ngg-gallery-thumbnail-box\"  >\r\n\t\t<div class=\"ngg-gallery-thumbnail\" >\r\n\t\t\t<a href=\"https:\/\/spbielsk.pl\/wp-content\/gallery\/dzienjezykowkwiec2018\/dsc_0861.jpg\" title=\" \"   rel=\"lightbox[3511]\">\r\n\t\t\t\t\t\t\t\t<img loading=\"lazy\" decoding=\"async\" title=\"dsc_0861\" alt=\"dsc_0861\" src=\"https:\/\/spbielsk.pl\/wp-content\/gallery\/dzienjezykowkwiec2018\/thumbs\/thumbs_dsc_0861.jpg\" width=\"120\" height=\"90\" \/>\r\n\t\t\t\t\t\t\t<\/a>\r\n\t\t<\/div>\r\n\t<\/div>\r\n\t\r\n\t\t\r\n \t\t\r\n\t<div id=\"ngg-image-10349\" class=\"ngg-gallery-thumbnail-box\"  >\r\n\t\t<div class=\"ngg-gallery-thumbnail\" >\r\n\t\t\t<a href=\"https:\/\/spbielsk.pl\/wp-content\/gallery\/dzienjezykowkwiec2018\/dsc_0864.jpg\" title=\" \"   rel=\"lightbox[3511]\">\r\n\t\t\t\t\t\t\t\t<img loading=\"lazy\" decoding=\"async\" title=\"dsc_0864\" alt=\"dsc_0864\" src=\"https:\/\/spbielsk.pl\/wp-content\/gallery\/dzienjezykowkwiec2018\/thumbs\/thumbs_dsc_0864.jpg\" width=\"120\" height=\"90\" \/>\r\n\t\t\t\t\t\t\t<\/a>\r\n\t\t<\/div>\r\n\t<\/div>\r\n\t\r\n\t\t\r\n \t\t\r\n\t<div id=\"ngg-image-10350\" class=\"ngg-gallery-thumbnail-box\"  >\r\n\t\t<div class=\"ngg-gallery-thumbnail\" >\r\n\t\t\t<a href=\"https:\/\/spbielsk.pl\/wp-content\/gallery\/dzienjezykowkwiec2018\/dsc_0865.jpg\" title=\" \"   rel=\"lightbox[3511]\">\r\n\t\t\t\t\t\t\t\t<img loading=\"lazy\" decoding=\"async\" title=\"dsc_0865\" alt=\"dsc_0865\" src=\"https:\/\/spbielsk.pl\/wp-content\/gallery\/dzienjezykowkwiec2018\/thumbs\/thumbs_dsc_0865.jpg\" width=\"120\" height=\"90\" \/>\r\n\t\t\t\t\t\t\t<\/a>\r\n\t\t<\/div>\r\n\t<\/div>\r\n\t\r\n\t\t\r\n \t \t\r\n\t<!-- Pagination -->\r\n \t<div class='ngg-clear'><\/div>\n \t\r\n<\/div>\r\n\r\n<\/p>\n","protected":false},"excerpt":{"rendered":"<p>Dnia 16. 04.2018 w naszej szkole odby\u0142 si\u0119 Dzie\u0144 J\u0119zyk\u00f3w Obcych. Impreza mia\u0142a na celu u\u015bwiadomienie dzieciom korzy\u015bci p\u0142yn\u0105cych z uczenia si\u0119 j\u0119zyk\u00f3w obcych , propagowanie zdrowego wsp\u00f3\u0142zawodnictwa oraz kszta\u0142towanie szacunku wobec innych kultur.\u00a0 Reprezentacje klas IV-VII musia\u0142y wykaza\u0107 si\u0119 wiedz\u0105, umiej\u0119tno\u015bci\u0105 pos\u0142ugiwania si\u0119 nowoczesnymi technologiami, umiej\u0119tno\u015bci\u0105 pracy w grupie, aby\u00a0 jak najszybciej wydosta\u0107 si\u0119 [&hellip;]<\/p>\n","protected":false},"author":1,"featured_media":3502,"comment_status":"closed","ping_status":"closed","sticky":false,"template":"","format":"standard","meta":{"footnotes":""},"categories":[5],"tags":[],"class_list":["post-3511","post","type-post","status-publish","format-standard","has-post-thumbnail","hentry","category-s-p-bielsk"],"_links":{"self":[{"href":"https:\/\/spbielsk.pl\/index.php?rest_route=\/wp\/v2\/posts\/3511","targetHints":{"allow":["GET"]}}],"collection":[{"href":"https:\/\/spbielsk.pl\/index.php?rest_route=\/wp\/v2\/posts"}],"about":[{"href":"https:\/\/spbielsk.pl\/index.php?rest_route=\/wp\/v2\/types\/post"}],"author":[{"embeddable":true,"href":"https:\/\/spbielsk.pl\/index.php?rest_route=\/wp\/v2\/users\/1"}],"replies":[{"embeddable":true,"href":"https:\/\/spbielsk.pl\/index.php?rest_route=%2Fwp%2Fv2%2Fcomments&post=3511"}],"version-history":[{"count":1,"href":"https:\/\/spbielsk.pl\/index.php?rest_route=\/wp\/v2\/posts\/3511\/revisions"}],"predecessor-version":[{"id":3512,"href":"https:\/\/spbielsk.pl\/index.php?rest_route=\/wp\/v2\/posts\/3511\/revisions\/3512"}],"wp:featuredmedia":[{"embeddable":true,"href":"https:\/\/spbielsk.pl\/index.php?rest_route=\/wp\/v2\/media\/3502"}],"wp:attachment":[{"href":"https:\/\/spbielsk.pl\/index.php?rest_route=%2Fwp%2Fv2%2Fmedia&parent=3511"}],"wp:term":[{"taxonomy":"category","embeddable":true,"href":"https:\/\/spbielsk.pl\/index.php?rest_route=%2Fwp%2Fv2%2Fcategories&post=3511"},{"taxonomy":"post_tag","embeddable":true,"href":"https:\/\/spbielsk.pl\/index.php?rest_route=%2Fwp%2Fv2%2Ftags&post=3511"}],"curies":[{"name":"wp","href":"https:\/\/api.w.org\/{rel}","templated":true}]}}