{"id":3508,"date":"2018-04-20T16:21:26","date_gmt":"2018-04-20T15:21:26","guid":{"rendered":"http:\/\/spbielsk.pl\/?p=3508"},"modified":"2018-04-20T16:23:00","modified_gmt":"2018-04-20T15:23:00","slug":"rozstrzygniecie-konkursu-czytelniczo-logopedycznego-w-swiecie-basni-andersena","status":"publish","type":"post","link":"https:\/\/spbielsk.pl\/?p=3508","title":{"rendered":"Rozstrzygni\u0119cie konkursu czytelniczo- logopedycznego \u201eW \u015bwiecie ba\u015bni Andersena\u201d"},"content":{"rendered":"<p>Konkurs trwa\u0142 od 09.04.2018 do 13.04.2018r<br \/>\n<u>Celem konkursu by\u0142o:<br \/>\n<\/u>&#8211; rozwijanie systematyczno\u015bci,<br \/>\n&#8211; kszta\u0142towanie spostrzegawczo\u015bci i percepcji s\u0142uchowej,<br \/>\n&#8211; rozwijanie zainteresowa\u0144 czytelniczych.<br \/>\nKa\u017cdego dnia tygodnia w pierwszej przerwie mi\u0119dzylekcyjnej, przez szkolny radiow\u0119ze\u0142, odczytywany by\u0142 jeden fragment ba\u015bni H.Ch. Andersena. Zadaniem uczestnik\u00f3w by\u0142o rozpoznanie tytu\u0142\u00f3w i zapisanie na karcie odpowiedzi, po czym ostatniego dnia z\u0142o\u017cenie ich w wyznaczonym miejscu. W konkursie wzi\u0119\u0142o udzia\u0142 43 uczni\u00f3w. Spo\u015br\u00f3d tych, kt\u00f3rzy <!--more-->prawid\u0142owo wpisali wszystkie tytu\u0142y, zostali wylosowani zwyci\u0119zcy:<br \/>\n<strong>Magdalena Stasiak klasa IIa<br \/>\n<\/strong><strong>Bartosz Smoli\u0144ski klasa IVc<br \/>\n<\/strong><strong>Gabriela Grabarczyk klasa IVc<br \/>\n<\/strong><em>Wszystkim serdecznie gratulujemy i zapraszamy do udzia\u0142u w innych konkursach.<\/em><\/p>\n<p style=\"text-align: right;\">Nagrody zosta\u0142y zasponsorowane przez organizator\u00f3w.<\/p>\n<p style=\"text-align: right;\">Organizatorkami konkursu by\u0142y:<br \/>\nAnna Majcher, Danuta Wysocka<\/p>\n<p style=\"text-align: center;\">\r\n<div class=\"ngg-galleryoverview\" id=\"ngg-gallery-368-3508\">\r\n\r\n\t<!-- Slideshow link -->\r\n\t<div class=\"slideshowlink\">\r\n\t\t<a class=\"slideshowlink\" href=\"https:\/\/spbielsk.pl\/?p=3508&amp;show=slide\">\r\n\t\t\t[Show slideshow]\t\t<\/a>\r\n\t<\/div>\r\n\r\n\t\r\n\t<!-- Thumbnails -->\r\n\t\t\r\n\t<div id=\"ngg-image-10234\" class=\"ngg-gallery-thumbnail-box\"  >\r\n\t\t<div class=\"ngg-gallery-thumbnail\" >\r\n\t\t\t<a href=\"https:\/\/spbielsk.pl\/wp-content\/gallery\/konklogoped2018\/20180413_085144.jpg\" title=\" \"   rel=\"lightbox[3508]\">\r\n\t\t\t\t\t\t\t\t<img decoding=\"async\" title=\"20180413_085144\" alt=\"20180413_085144\" src=\"https:\/\/spbielsk.pl\/wp-content\/gallery\/konklogoped2018\/thumbs\/thumbs_20180413_085144.jpg\" width=\"120\" height=\"90\" \/>\r\n\t\t\t\t\t\t\t<\/a>\r\n\t\t<\/div>\r\n\t<\/div>\r\n\t\r\n\t\t\r\n \t\t\r\n\t<div id=\"ngg-image-10235\" class=\"ngg-gallery-thumbnail-box\"  >\r\n\t\t<div class=\"ngg-gallery-thumbnail\" >\r\n\t\t\t<a href=\"https:\/\/spbielsk.pl\/wp-content\/gallery\/konklogoped2018\/20180413_085146.jpg\" title=\" \"   rel=\"lightbox[3508]\">\r\n\t\t\t\t\t\t\t\t<img decoding=\"async\" title=\"20180413_085146\" alt=\"20180413_085146\" src=\"https:\/\/spbielsk.pl\/wp-content\/gallery\/konklogoped2018\/thumbs\/thumbs_20180413_085146.jpg\" width=\"120\" height=\"90\" \/>\r\n\t\t\t\t\t\t\t<\/a>\r\n\t\t<\/div>\r\n\t<\/div>\r\n\t\r\n\t\t\r\n \t\t\r\n\t<div id=\"ngg-image-10236\" class=\"ngg-gallery-thumbnail-box\"  >\r\n\t\t<div class=\"ngg-gallery-thumbnail\" >\r\n\t\t\t<a href=\"https:\/\/spbielsk.pl\/wp-content\/gallery\/konklogoped2018\/20180413_085151.jpg\" title=\" \"   rel=\"lightbox[3508]\">\r\n\t\t\t\t\t\t\t\t<img decoding=\"async\" title=\"20180413_085151\" alt=\"20180413_085151\" src=\"https:\/\/spbielsk.pl\/wp-content\/gallery\/konklogoped2018\/thumbs\/thumbs_20180413_085151.jpg\" width=\"120\" height=\"90\" \/>\r\n\t\t\t\t\t\t\t<\/a>\r\n\t\t<\/div>\r\n\t<\/div>\r\n\t\r\n\t\t\r\n \t\t\r\n\t<div id=\"ngg-image-10237\" class=\"ngg-gallery-thumbnail-box\"  >\r\n\t\t<div class=\"ngg-gallery-thumbnail\" >\r\n\t\t\t<a href=\"https:\/\/spbielsk.pl\/wp-content\/gallery\/konklogoped2018\/20180413_085153.jpg\" title=\" \"   rel=\"lightbox[3508]\">\r\n\t\t\t\t\t\t\t\t<img loading=\"lazy\" decoding=\"async\" title=\"20180413_085153\" alt=\"20180413_085153\" src=\"https:\/\/spbielsk.pl\/wp-content\/gallery\/konklogoped2018\/thumbs\/thumbs_20180413_085153.jpg\" width=\"120\" height=\"90\" \/>\r\n\t\t\t\t\t\t\t<\/a>\r\n\t\t<\/div>\r\n\t<\/div>\r\n\t\r\n\t\t\r\n \t\t\r\n\t<div id=\"ngg-image-10238\" class=\"ngg-gallery-thumbnail-box\"  >\r\n\t\t<div class=\"ngg-gallery-thumbnail\" >\r\n\t\t\t<a href=\"https:\/\/spbielsk.pl\/wp-content\/gallery\/konklogoped2018\/20180413_085158.jpg\" title=\" \"   rel=\"lightbox[3508]\">\r\n\t\t\t\t\t\t\t\t<img loading=\"lazy\" decoding=\"async\" title=\"20180413_085158\" alt=\"20180413_085158\" src=\"https:\/\/spbielsk.pl\/wp-content\/gallery\/konklogoped2018\/thumbs\/thumbs_20180413_085158.jpg\" width=\"120\" height=\"90\" \/>\r\n\t\t\t\t\t\t\t<\/a>\r\n\t\t<\/div>\r\n\t<\/div>\r\n\t\r\n\t\t\r\n \t \t\r\n\t<!-- Pagination -->\r\n \t<div class='ngg-clear'><\/div>\n \t\r\n<\/div>\r\n\r\n<\/p>\n","protected":false},"excerpt":{"rendered":"<p>Konkurs trwa\u0142 od 09.04.2018 do 13.04.2018r Celem konkursu by\u0142o: &#8211; rozwijanie systematyczno\u015bci, &#8211; kszta\u0142towanie spostrzegawczo\u015bci i percepcji s\u0142uchowej, &#8211; rozwijanie zainteresowa\u0144 czytelniczych. Ka\u017cdego dnia tygodnia w pierwszej przerwie mi\u0119dzylekcyjnej, przez szkolny radiow\u0119ze\u0142, odczytywany by\u0142 jeden fragment ba\u015bni H.Ch. Andersena. Zadaniem uczestnik\u00f3w by\u0142o rozpoznanie tytu\u0142\u00f3w i zapisanie na karcie odpowiedzi, po czym ostatniego dnia z\u0142o\u017cenie ich [&hellip;]<\/p>\n","protected":false},"author":1,"featured_media":3507,"comment_status":"closed","ping_status":"closed","sticky":false,"template":"","format":"standard","meta":{"footnotes":""},"categories":[5],"tags":[],"class_list":["post-3508","post","type-post","status-publish","format-standard","has-post-thumbnail","hentry","category-s-p-bielsk"],"_links":{"self":[{"href":"https:\/\/spbielsk.pl\/index.php?rest_route=\/wp\/v2\/posts\/3508","targetHints":{"allow":["GET"]}}],"collection":[{"href":"https:\/\/spbielsk.pl\/index.php?rest_route=\/wp\/v2\/posts"}],"about":[{"href":"https:\/\/spbielsk.pl\/index.php?rest_route=\/wp\/v2\/types\/post"}],"author":[{"embeddable":true,"href":"https:\/\/spbielsk.pl\/index.php?rest_route=\/wp\/v2\/users\/1"}],"replies":[{"embeddable":true,"href":"https:\/\/spbielsk.pl\/index.php?rest_route=%2Fwp%2Fv2%2Fcomments&post=3508"}],"version-history":[{"count":1,"href":"https:\/\/spbielsk.pl\/index.php?rest_route=\/wp\/v2\/posts\/3508\/revisions"}],"predecessor-version":[{"id":3510,"href":"https:\/\/spbielsk.pl\/index.php?rest_route=\/wp\/v2\/posts\/3508\/revisions\/3510"}],"wp:featuredmedia":[{"embeddable":true,"href":"https:\/\/spbielsk.pl\/index.php?rest_route=\/wp\/v2\/media\/3507"}],"wp:attachment":[{"href":"https:\/\/spbielsk.pl\/index.php?rest_route=%2Fwp%2Fv2%2Fmedia&parent=3508"}],"wp:term":[{"taxonomy":"category","embeddable":true,"href":"https:\/\/spbielsk.pl\/index.php?rest_route=%2Fwp%2Fv2%2Fcategories&post=3508"},{"taxonomy":"post_tag","embeddable":true,"href":"https:\/\/spbielsk.pl\/index.php?rest_route=%2Fwp%2Fv2%2Ftags&post=3508"}],"curies":[{"name":"wp","href":"https:\/\/api.w.org\/{rel}","templated":true}]}}