{"id":2305,"date":"2016-10-09T15:23:23","date_gmt":"2016-10-09T14:23:23","guid":{"rendered":"http:\/\/spbielsk.pl\/?p=2305"},"modified":"2016-10-10T11:42:54","modified_gmt":"2016-10-10T10:42:54","slug":"xxxviii-rajd-pieczonego-ziemniaka","status":"publish","type":"post","link":"https:\/\/spbielsk.pl\/?p=2305","title":{"rendered":"XXXVIII Rajd Pieczonego ziemniaka"},"content":{"rendered":"<p style=\"text-align: justify;\">W sobot\u0119 8 pa\u017adziernika 2016 roku cz\u0142onkowie SKKT PTTK oraz mi\u0142o\u015bnicy pieszych w\u0119dr\u00f3wek wzi\u0119li udzia\u0142 w XXXVIII Rajdzie Pieczonego Ziemniaka zorganizowanym przez Oddzia\u0142 Miejski PTTK w P\u0142ocku. Z takiej formy sp\u0119dzenia wolnej soboty skorzysta\u0142o 1080 turyst\u00f3w z r\u00f3znych szk\u00f3\u0142. a w tym 20 os\u00f3b ze SP w Bielsku pod opiek\u0105 p. Marty Wo\u017aniak i p. Moniki Narkiewicz. Uczniowie mieli do pokonania tras\u0119 P &#8211; 2 Podolszyce-Borowiczki-Liszyno. Podczas marszu uczniowie mogli podziwia\u0107 krajobrazy m.in. pomniki przyrody. Ca\u0142a trasa (oko\u0142o 12 km) zosta\u0142a pokonana w ci\u0105gu 4 godzin.<!--more--><\/p>\n<p style=\"text-align: justify;\">Aktywny wypoczynek po nauce i pracy zosta\u0142 nagrodzony ogniskiem z pieczeniem kie\u0142basek oraz upieczonym ziemniakiem z folii dla ka\u017cdego uczestnika. Szko\u0142a zaj\u0119\u0142a w rajdzie II miejsce dru\u017cynowo.<\/p>\n<p style=\"text-align: center;\">\r\n<div class=\"ngg-galleryoverview\" id=\"ngg-gallery-202-2305\">\r\n\r\n\t<!-- Slideshow link -->\r\n\t<div class=\"slideshowlink\">\r\n\t\t<a class=\"slideshowlink\" href=\"https:\/\/spbielsk.pl\/?p=2305&amp;show=slide\">\r\n\t\t\t[Show slideshow]\t\t<\/a>\r\n\t<\/div>\r\n\r\n\t\r\n\t<!-- Thumbnails -->\r\n\t\t\r\n\t<div id=\"ngg-image-5542\" class=\"ngg-gallery-thumbnail-box\"  >\r\n\t\t<div class=\"ngg-gallery-thumbnail\" >\r\n\t\t\t<a href=\"https:\/\/spbielsk.pl\/wp-content\/gallery\/rajdpttkwrzesien2016\/img_1712.jpg\" title=\" \"   rel=\"lightbox[2305]\">\r\n\t\t\t\t\t\t\t\t<img decoding=\"async\" title=\"img_1712\" alt=\"img_1712\" src=\"https:\/\/spbielsk.pl\/wp-content\/gallery\/rajdpttkwrzesien2016\/thumbs\/thumbs_img_1712.jpg\" width=\"120\" height=\"90\" \/>\r\n\t\t\t\t\t\t\t<\/a>\r\n\t\t<\/div>\r\n\t<\/div>\r\n\t\r\n\t\t\r\n \t\t\r\n\t<div id=\"ngg-image-5543\" class=\"ngg-gallery-thumbnail-box\"  >\r\n\t\t<div class=\"ngg-gallery-thumbnail\" >\r\n\t\t\t<a href=\"https:\/\/spbielsk.pl\/wp-content\/gallery\/rajdpttkwrzesien2016\/img_1716.jpg\" title=\" \"   rel=\"lightbox[2305]\">\r\n\t\t\t\t\t\t\t\t<img decoding=\"async\" title=\"img_1716\" alt=\"img_1716\" src=\"https:\/\/spbielsk.pl\/wp-content\/gallery\/rajdpttkwrzesien2016\/thumbs\/thumbs_img_1716.jpg\" width=\"120\" height=\"90\" \/>\r\n\t\t\t\t\t\t\t<\/a>\r\n\t\t<\/div>\r\n\t<\/div>\r\n\t\r\n\t\t\r\n \t\t\r\n\t<div id=\"ngg-image-5544\" class=\"ngg-gallery-thumbnail-box\"  >\r\n\t\t<div class=\"ngg-gallery-thumbnail\" >\r\n\t\t\t<a href=\"https:\/\/spbielsk.pl\/wp-content\/gallery\/rajdpttkwrzesien2016\/img_1724.jpg\" title=\" \"   rel=\"lightbox[2305]\">\r\n\t\t\t\t\t\t\t\t<img decoding=\"async\" title=\"img_1724\" alt=\"img_1724\" src=\"https:\/\/spbielsk.pl\/wp-content\/gallery\/rajdpttkwrzesien2016\/thumbs\/thumbs_img_1724.jpg\" width=\"120\" height=\"90\" \/>\r\n\t\t\t\t\t\t\t<\/a>\r\n\t\t<\/div>\r\n\t<\/div>\r\n\t\r\n\t\t\r\n \t\t\r\n\t<div id=\"ngg-image-5545\" class=\"ngg-gallery-thumbnail-box\"  >\r\n\t\t<div class=\"ngg-gallery-thumbnail\" >\r\n\t\t\t<a href=\"https:\/\/spbielsk.pl\/wp-content\/gallery\/rajdpttkwrzesien2016\/img_1725.jpg\" title=\" \"   rel=\"lightbox[2305]\">\r\n\t\t\t\t\t\t\t\t<img loading=\"lazy\" decoding=\"async\" title=\"img_1725\" alt=\"img_1725\" src=\"https:\/\/spbielsk.pl\/wp-content\/gallery\/rajdpttkwrzesien2016\/thumbs\/thumbs_img_1725.jpg\" width=\"120\" height=\"90\" \/>\r\n\t\t\t\t\t\t\t<\/a>\r\n\t\t<\/div>\r\n\t<\/div>\r\n\t\r\n\t\t\r\n \t\t\r\n\t<div id=\"ngg-image-5546\" class=\"ngg-gallery-thumbnail-box\"  >\r\n\t\t<div class=\"ngg-gallery-thumbnail\" >\r\n\t\t\t<a href=\"https:\/\/spbielsk.pl\/wp-content\/gallery\/rajdpttkwrzesien2016\/img_1731-3.jpg\" title=\" \"   rel=\"lightbox[2305]\">\r\n\t\t\t\t\t\t\t\t<img loading=\"lazy\" decoding=\"async\" title=\"img_1731-3\" alt=\"img_1731-3\" src=\"https:\/\/spbielsk.pl\/wp-content\/gallery\/rajdpttkwrzesien2016\/thumbs\/thumbs_img_1731-3.jpg\" width=\"120\" height=\"90\" \/>\r\n\t\t\t\t\t\t\t<\/a>\r\n\t\t<\/div>\r\n\t<\/div>\r\n\t\r\n\t\t\r\n \t\t\r\n\t<div id=\"ngg-image-5547\" class=\"ngg-gallery-thumbnail-box\"  >\r\n\t\t<div class=\"ngg-gallery-thumbnail\" >\r\n\t\t\t<a href=\"https:\/\/spbielsk.pl\/wp-content\/gallery\/rajdpttkwrzesien2016\/img_1733-2.jpg\" title=\" \"   rel=\"lightbox[2305]\">\r\n\t\t\t\t\t\t\t\t<img loading=\"lazy\" decoding=\"async\" title=\"img_1733-2\" alt=\"img_1733-2\" src=\"https:\/\/spbielsk.pl\/wp-content\/gallery\/rajdpttkwrzesien2016\/thumbs\/thumbs_img_1733-2.jpg\" width=\"120\" height=\"90\" \/>\r\n\t\t\t\t\t\t\t<\/a>\r\n\t\t<\/div>\r\n\t<\/div>\r\n\t\r\n\t\t\r\n \t\t\r\n\t<div id=\"ngg-image-5548\" class=\"ngg-gallery-thumbnail-box\"  >\r\n\t\t<div class=\"ngg-gallery-thumbnail\" >\r\n\t\t\t<a href=\"https:\/\/spbielsk.pl\/wp-content\/gallery\/rajdpttkwrzesien2016\/img_1744.jpg\" title=\" \"   rel=\"lightbox[2305]\">\r\n\t\t\t\t\t\t\t\t<img loading=\"lazy\" decoding=\"async\" title=\"img_1744\" alt=\"img_1744\" src=\"https:\/\/spbielsk.pl\/wp-content\/gallery\/rajdpttkwrzesien2016\/thumbs\/thumbs_img_1744.jpg\" width=\"120\" height=\"90\" \/>\r\n\t\t\t\t\t\t\t<\/a>\r\n\t\t<\/div>\r\n\t<\/div>\r\n\t\r\n\t\t\r\n \t\t\r\n\t<div id=\"ngg-image-5549\" class=\"ngg-gallery-thumbnail-box\"  >\r\n\t\t<div class=\"ngg-gallery-thumbnail\" >\r\n\t\t\t<a href=\"https:\/\/spbielsk.pl\/wp-content\/gallery\/rajdpttkwrzesien2016\/img_1747-2.jpg\" title=\" \"   rel=\"lightbox[2305]\">\r\n\t\t\t\t\t\t\t\t<img loading=\"lazy\" decoding=\"async\" title=\"img_1747-2\" alt=\"img_1747-2\" src=\"https:\/\/spbielsk.pl\/wp-content\/gallery\/rajdpttkwrzesien2016\/thumbs\/thumbs_img_1747-2.jpg\" width=\"120\" height=\"90\" \/>\r\n\t\t\t\t\t\t\t<\/a>\r\n\t\t<\/div>\r\n\t<\/div>\r\n\t\r\n\t\t\r\n \t\t\r\n\t<div id=\"ngg-image-5550\" class=\"ngg-gallery-thumbnail-box\"  >\r\n\t\t<div class=\"ngg-gallery-thumbnail\" >\r\n\t\t\t<a href=\"https:\/\/spbielsk.pl\/wp-content\/gallery\/rajdpttkwrzesien2016\/img_1751.jpg\" title=\" \"   rel=\"lightbox[2305]\">\r\n\t\t\t\t\t\t\t\t<img loading=\"lazy\" decoding=\"async\" title=\"img_1751\" alt=\"img_1751\" src=\"https:\/\/spbielsk.pl\/wp-content\/gallery\/rajdpttkwrzesien2016\/thumbs\/thumbs_img_1751.jpg\" width=\"120\" height=\"90\" \/>\r\n\t\t\t\t\t\t\t<\/a>\r\n\t\t<\/div>\r\n\t<\/div>\r\n\t\r\n\t\t\r\n \t\t\r\n\t<div id=\"ngg-image-5551\" class=\"ngg-gallery-thumbnail-box\"  >\r\n\t\t<div class=\"ngg-gallery-thumbnail\" >\r\n\t\t\t<a href=\"https:\/\/spbielsk.pl\/wp-content\/gallery\/rajdpttkwrzesien2016\/img_1756.jpg\" title=\" \"   rel=\"lightbox[2305]\">\r\n\t\t\t\t\t\t\t\t<img loading=\"lazy\" decoding=\"async\" title=\"img_1756\" alt=\"img_1756\" src=\"https:\/\/spbielsk.pl\/wp-content\/gallery\/rajdpttkwrzesien2016\/thumbs\/thumbs_img_1756.jpg\" width=\"120\" height=\"90\" \/>\r\n\t\t\t\t\t\t\t<\/a>\r\n\t\t<\/div>\r\n\t<\/div>\r\n\t\r\n\t\t\r\n \t \t\r\n\t<!-- Pagination -->\r\n \t<div class='ngg-clear'><\/div>\n \t\r\n<\/div>\r\n\r\n<\/p>\n","protected":false},"excerpt":{"rendered":"<p>W sobot\u0119 8 pa\u017adziernika 2016 roku cz\u0142onkowie SKKT PTTK oraz mi\u0142o\u015bnicy pieszych w\u0119dr\u00f3wek wzi\u0119li udzia\u0142 w XXXVIII Rajdzie Pieczonego Ziemniaka zorganizowanym przez Oddzia\u0142 Miejski PTTK w P\u0142ocku. Z takiej formy sp\u0119dzenia wolnej soboty skorzysta\u0142o 1080 turyst\u00f3w z r\u00f3znych szk\u00f3\u0142. a w tym 20 os\u00f3b ze SP w Bielsku pod opiek\u0105 p. Marty Wo\u017aniak i p. [&hellip;]<\/p>\n","protected":false},"author":1,"featured_media":0,"comment_status":"closed","ping_status":"closed","sticky":false,"template":"","format":"standard","meta":{"footnotes":""},"categories":[5],"tags":[],"class_list":["post-2305","post","type-post","status-publish","format-standard","hentry","category-s-p-bielsk"],"_links":{"self":[{"href":"https:\/\/spbielsk.pl\/index.php?rest_route=\/wp\/v2\/posts\/2305","targetHints":{"allow":["GET"]}}],"collection":[{"href":"https:\/\/spbielsk.pl\/index.php?rest_route=\/wp\/v2\/posts"}],"about":[{"href":"https:\/\/spbielsk.pl\/index.php?rest_route=\/wp\/v2\/types\/post"}],"author":[{"embeddable":true,"href":"https:\/\/spbielsk.pl\/index.php?rest_route=\/wp\/v2\/users\/1"}],"replies":[{"embeddable":true,"href":"https:\/\/spbielsk.pl\/index.php?rest_route=%2Fwp%2Fv2%2Fcomments&post=2305"}],"version-history":[{"count":3,"href":"https:\/\/spbielsk.pl\/index.php?rest_route=\/wp\/v2\/posts\/2305\/revisions"}],"predecessor-version":[{"id":2317,"href":"https:\/\/spbielsk.pl\/index.php?rest_route=\/wp\/v2\/posts\/2305\/revisions\/2317"}],"wp:attachment":[{"href":"https:\/\/spbielsk.pl\/index.php?rest_route=%2Fwp%2Fv2%2Fmedia&parent=2305"}],"wp:term":[{"taxonomy":"category","embeddable":true,"href":"https:\/\/spbielsk.pl\/index.php?rest_route=%2Fwp%2Fv2%2Fcategories&post=2305"},{"taxonomy":"post_tag","embeddable":true,"href":"https:\/\/spbielsk.pl\/index.php?rest_route=%2Fwp%2Fv2%2Ftags&post=2305"}],"curies":[{"name":"wp","href":"https:\/\/api.w.org\/{rel}","templated":true}]}}