{"id":2020,"date":"2016-03-23T09:56:17","date_gmt":"2016-03-23T08:56:17","guid":{"rendered":"http:\/\/spbielsk.pl\/?p=2020"},"modified":"2016-04-07T15:04:13","modified_gmt":"2016-04-07T14:04:13","slug":"powiatowy-konkurs-matematyczny-w-sikorzu","status":"publish","type":"post","link":"https:\/\/spbielsk.pl\/?p=2020","title":{"rendered":"POWIATOWY KONKURS MATEMATYCZNY W SIKORZU"},"content":{"rendered":"<p style=\"text-align: justify;\">16 marca 2016 roku w Niepublicznym Gimnazjum Katolickim im. b\u0142. abp. A. J. Nowowiejskiego w Sikorzu odby\u0142 si\u0119 Powiatowy Konkurs Matematyczny dla szk\u00f3\u0142 podstawowych. Z naszej szko\u0142y do drugiego etapu zakwalifikowa\u0142a si\u0119 Aleksandra Sobiecka uczennica klasy VIc. Poziom konkursu by\u0142 bardzo wysoki, a tre\u015bci zawarte w te\u015bcie wykracza\u0142y znacznie poza podstaw\u0119 programow\u0105 szko\u0142y podstawowej. Spo\u015br\u00f3d 136 uczni\u00f3w bior\u0105cych udzia\u0142 w ostatnim etapie konkursu Ola znalaz\u0142a si\u0119 w pierwszej dziesi\u0105tce z wynikiem 20 punkt\u00f3w. Gratulujemy!<\/p>\n","protected":false},"excerpt":{"rendered":"<p>16 marca 2016 roku w Niepublicznym Gimnazjum Katolickim im. b\u0142. abp. A. J. Nowowiejskiego w Sikorzu odby\u0142 si\u0119 Powiatowy Konkurs Matematyczny dla szk\u00f3\u0142 podstawowych. Z naszej szko\u0142y do drugiego etapu zakwalifikowa\u0142a si\u0119 Aleksandra Sobiecka uczennica klasy VIc. Poziom konkursu by\u0142 bardzo wysoki, a tre\u015bci zawarte w te\u015bcie wykracza\u0142y znacznie poza podstaw\u0119 programow\u0105 szko\u0142y podstawowej. Spo\u015br\u00f3d [&hellip;]<\/p>\n","protected":false},"author":1,"featured_media":0,"comment_status":"closed","ping_status":"closed","sticky":false,"template":"","format":"standard","meta":{"footnotes":""},"categories":[5],"tags":[],"class_list":["post-2020","post","type-post","status-publish","format-standard","hentry","category-s-p-bielsk"],"_links":{"self":[{"href":"https:\/\/spbielsk.pl\/index.php?rest_route=\/wp\/v2\/posts\/2020","targetHints":{"allow":["GET"]}}],"collection":[{"href":"https:\/\/spbielsk.pl\/index.php?rest_route=\/wp\/v2\/posts"}],"about":[{"href":"https:\/\/spbielsk.pl\/index.php?rest_route=\/wp\/v2\/types\/post"}],"author":[{"embeddable":true,"href":"https:\/\/spbielsk.pl\/index.php?rest_route=\/wp\/v2\/users\/1"}],"replies":[{"embeddable":true,"href":"https:\/\/spbielsk.pl\/index.php?rest_route=%2Fwp%2Fv2%2Fcomments&post=2020"}],"version-history":[{"count":6,"href":"https:\/\/spbielsk.pl\/index.php?rest_route=\/wp\/v2\/posts\/2020\/revisions"}],"predecessor-version":[{"id":2027,"href":"https:\/\/spbielsk.pl\/index.php?rest_route=\/wp\/v2\/posts\/2020\/revisions\/2027"}],"wp:attachment":[{"href":"https:\/\/spbielsk.pl\/index.php?rest_route=%2Fwp%2Fv2%2Fmedia&parent=2020"}],"wp:term":[{"taxonomy":"category","embeddable":true,"href":"https:\/\/spbielsk.pl\/index.php?rest_route=%2Fwp%2Fv2%2Fcategories&post=2020"},{"taxonomy":"post_tag","embeddable":true,"href":"https:\/\/spbielsk.pl\/index.php?rest_route=%2Fwp%2Fv2%2Ftags&post=2020"}],"curies":[{"name":"wp","href":"https:\/\/api.w.org\/{rel}","templated":true}]}}