{"id":1999,"date":"2016-03-22T21:28:46","date_gmt":"2016-03-22T20:28:46","guid":{"rendered":"http:\/\/spbielsk.pl\/?p=1999"},"modified":"2016-03-25T21:30:10","modified_gmt":"2016-03-25T20:30:10","slug":"xiv-edycja-konkursu-recytatorskiego-wiosenne-przebudzenie","status":"publish","type":"post","link":"https:\/\/spbielsk.pl\/?p=1999","title":{"rendered":"XIV EDYCJA KONKURSU RECYTATORSKIEGO  \u201eWIOSENNE PRZEBUDZENIE\u201d"},"content":{"rendered":"<p style=\"text-align: justify;\"><strong>W zesz\u0142y wtorek (22 marca), troje uczni\u00f3w wzi\u0119\u0142o udzia\u0142 w kolejnej ju\u017c edycji konkursu recytatorskiego, pod patronatem Urz\u0119du Gminy Bielsk.<\/strong><\/p>\n<p style=\"text-align: justify;\">W Gminnym O\u015brodku Kultury w Bielsku, oko\u0142o godziny 9, zebra\u0142o si\u0119 kilkunastu m\u0142odych artyst\u00f3w, kt\u00f3rzy reprezentowali szko\u0142y podstawowe z terenu naszej gminy, podczas konkursu recytatorskiego. Tematyka utwor\u00f3w dotyczy\u0142a nastaj\u0105cej wiosny. Jak co roku, poziom konkursu by\u0142 wysoki, a wszyscy uczestnicy z przej\u0119ciem recytowali swoje utwory. <!--more-->Jury mia\u0142o nie\u0142atwe zadanie, jednak po nied\u0142ugich obradach wy\u0142oniono zwyci\u0119zc\u00f3w. Uczniowie ze Szko\u0142y Podstawowej im. W\u0142adys\u0142awa Broniewskiego zaj\u0119li I i II miejsca:<\/p>\n<p style=\"text-align: justify;\">w kategorii klas I-II \u2013 Wiktoria Filant ( klasa 2c) \u2013 II miejsce<\/p>\n<p style=\"text-align: justify;\">w kategorii klas III- IV \u2013 Adam Racki ( klasa 4 ) \u2013 I miejsce<\/p>\n<p style=\"text-align: justify;\">w kategorii klas V \u2013 VI \u2013 Julia Dymek ( klasa 5b) \u2013 I miejsce<\/p>\n<p style=\"text-align: center;\"><a href=\"http:\/\/spbielsk.pl\/wp-content\/uploads\/2016\/03\/IMG_20160322_101100.jpg\" rel=\"lightbox\"><img fetchpriority=\"high\" decoding=\"async\" class=\"aligncenter wp-image-2000 size-medium\" src=\"http:\/\/spbielsk.pl\/wp-content\/uploads\/2016\/03\/IMG_20160322_101100-300x175.jpg\" alt=\"IMG_20160322_101100\" width=\"300\" height=\"175\" srcset=\"https:\/\/spbielsk.pl\/wp-content\/uploads\/2016\/03\/IMG_20160322_101100-300x175.jpg 300w, https:\/\/spbielsk.pl\/wp-content\/uploads\/2016\/03\/IMG_20160322_101100.jpg 1024w\" sizes=\"(max-width: 300px) 100vw, 300px\" \/><\/a><\/p>\n","protected":false},"excerpt":{"rendered":"<p>W zesz\u0142y wtorek (22 marca), troje uczni\u00f3w wzi\u0119\u0142o udzia\u0142 w kolejnej ju\u017c edycji konkursu recytatorskiego, pod patronatem Urz\u0119du Gminy Bielsk. W Gminnym O\u015brodku Kultury w Bielsku, oko\u0142o godziny 9, zebra\u0142o si\u0119 kilkunastu m\u0142odych artyst\u00f3w, kt\u00f3rzy reprezentowali szko\u0142y podstawowe z terenu naszej gminy, podczas konkursu recytatorskiego. Tematyka utwor\u00f3w dotyczy\u0142a nastaj\u0105cej wiosny. Jak co roku, poziom konkursu [&hellip;]<\/p>\n","protected":false},"author":1,"featured_media":0,"comment_status":"closed","ping_status":"closed","sticky":false,"template":"","format":"standard","meta":{"footnotes":""},"categories":[5],"tags":[],"class_list":["post-1999","post","type-post","status-publish","format-standard","hentry","category-s-p-bielsk"],"_links":{"self":[{"href":"https:\/\/spbielsk.pl\/index.php?rest_route=\/wp\/v2\/posts\/1999","targetHints":{"allow":["GET"]}}],"collection":[{"href":"https:\/\/spbielsk.pl\/index.php?rest_route=\/wp\/v2\/posts"}],"about":[{"href":"https:\/\/spbielsk.pl\/index.php?rest_route=\/wp\/v2\/types\/post"}],"author":[{"embeddable":true,"href":"https:\/\/spbielsk.pl\/index.php?rest_route=\/wp\/v2\/users\/1"}],"replies":[{"embeddable":true,"href":"https:\/\/spbielsk.pl\/index.php?rest_route=%2Fwp%2Fv2%2Fcomments&post=1999"}],"version-history":[{"count":2,"href":"https:\/\/spbielsk.pl\/index.php?rest_route=\/wp\/v2\/posts\/1999\/revisions"}],"predecessor-version":[{"id":2002,"href":"https:\/\/spbielsk.pl\/index.php?rest_route=\/wp\/v2\/posts\/1999\/revisions\/2002"}],"wp:attachment":[{"href":"https:\/\/spbielsk.pl\/index.php?rest_route=%2Fwp%2Fv2%2Fmedia&parent=1999"}],"wp:term":[{"taxonomy":"category","embeddable":true,"href":"https:\/\/spbielsk.pl\/index.php?rest_route=%2Fwp%2Fv2%2Fcategories&post=1999"},{"taxonomy":"post_tag","embeddable":true,"href":"https:\/\/spbielsk.pl\/index.php?rest_route=%2Fwp%2Fv2%2Ftags&post=1999"}],"curies":[{"name":"wp","href":"https:\/\/api.w.org\/{rel}","templated":true}]}}