{"id":1775,"date":"2015-11-06T13:49:07","date_gmt":"2015-11-06T12:49:07","guid":{"rendered":"http:\/\/spbielsk.pl\/?p=1775"},"modified":"2015-11-06T13:49:07","modified_gmt":"2015-11-06T12:49:07","slug":"szkolny-etap-ogolnopolskiego-konkursu-historycznego-losy-zolnierza-i-dzieje-oreza-polskiego","status":"publish","type":"post","link":"https:\/\/spbielsk.pl\/?p=1775","title":{"rendered":"SZKOLNY ETAP OG\u00d3LNOPOLSKIEGO KONKURSU HISTORYCZNEGO \u201eLOSY \u017bO\u0141NIERZA I DZIEJE OR\u0118\u017bA POLSKIEGO\u201d"},"content":{"rendered":"<p>5 listopada 2015 roku uczniowie klas IV \u2013 VI wzi\u0119li udzia\u0142 w I etapie Og\u00f3lnopolskiego Konkursu Historycznego \u201eLosy \u017co\u0142nierza i dzieje or\u0119\u017ca polskiego\u201d. Odbywa si\u0119 on pod patronatem Mazowieckiego Kuratora O\u015bwiaty, Ministerstwa Obrony Narodowej, Wojska Polskiego, Muzeum Wojska Polskiego i Wojskowego Centrum Edukacji Obywatelskiej. W tym roku dotyczy\u0142 on okresu Rzeczpospolitej Obojga Narod\u00f3w. Uczniowie przygotowywali si\u0119 do udzia\u0142u pod opiek\u0105 Pana Artura Zdziarskiego. Troje zakwalifikowa\u0142o si\u0119 do etapu rejonowego. Sukces osi\u0105gn\u0119li Krystian Tomaszewski z klasy VIc oraz Adam Racki i Jakub Sosi\u0144ski z klasy IVa. GRATULUJEMY I \u017bYCZYMY POWODZENIA W DALSZYCH ZMAGANIACH KONKURSOWYCH.<\/p>\n","protected":false},"excerpt":{"rendered":"<p>5 listopada 2015 roku uczniowie klas IV \u2013 VI wzi\u0119li udzia\u0142 w I etapie Og\u00f3lnopolskiego Konkursu Historycznego \u201eLosy \u017co\u0142nierza i dzieje or\u0119\u017ca polskiego\u201d. Odbywa si\u0119 on pod patronatem Mazowieckiego Kuratora O\u015bwiaty, Ministerstwa Obrony Narodowej, Wojska Polskiego, Muzeum Wojska Polskiego i Wojskowego Centrum Edukacji Obywatelskiej. W tym roku dotyczy\u0142 on okresu Rzeczpospolitej Obojga Narod\u00f3w. Uczniowie przygotowywali [&hellip;]<\/p>\n","protected":false},"author":1,"featured_media":0,"comment_status":"closed","ping_status":"closed","sticky":false,"template":"","format":"standard","meta":{"footnotes":""},"categories":[5],"tags":[],"class_list":["post-1775","post","type-post","status-publish","format-standard","hentry","category-s-p-bielsk"],"_links":{"self":[{"href":"https:\/\/spbielsk.pl\/index.php?rest_route=\/wp\/v2\/posts\/1775","targetHints":{"allow":["GET"]}}],"collection":[{"href":"https:\/\/spbielsk.pl\/index.php?rest_route=\/wp\/v2\/posts"}],"about":[{"href":"https:\/\/spbielsk.pl\/index.php?rest_route=\/wp\/v2\/types\/post"}],"author":[{"embeddable":true,"href":"https:\/\/spbielsk.pl\/index.php?rest_route=\/wp\/v2\/users\/1"}],"replies":[{"embeddable":true,"href":"https:\/\/spbielsk.pl\/index.php?rest_route=%2Fwp%2Fv2%2Fcomments&post=1775"}],"version-history":[{"count":1,"href":"https:\/\/spbielsk.pl\/index.php?rest_route=\/wp\/v2\/posts\/1775\/revisions"}],"predecessor-version":[{"id":1776,"href":"https:\/\/spbielsk.pl\/index.php?rest_route=\/wp\/v2\/posts\/1775\/revisions\/1776"}],"wp:attachment":[{"href":"https:\/\/spbielsk.pl\/index.php?rest_route=%2Fwp%2Fv2%2Fmedia&parent=1775"}],"wp:term":[{"taxonomy":"category","embeddable":true,"href":"https:\/\/spbielsk.pl\/index.php?rest_route=%2Fwp%2Fv2%2Fcategories&post=1775"},{"taxonomy":"post_tag","embeddable":true,"href":"https:\/\/spbielsk.pl\/index.php?rest_route=%2Fwp%2Fv2%2Ftags&post=1775"}],"curies":[{"name":"wp","href":"https:\/\/api.w.org\/{rel}","templated":true}]}}