{"id":1580,"date":"2015-04-10T15:57:18","date_gmt":"2015-04-10T14:57:18","guid":{"rendered":"http:\/\/spbielsk.pl\/?p=1580"},"modified":"2015-06-24T08:17:55","modified_gmt":"2015-06-24T07:17:55","slug":"xxi-diecezjalny-konkurs-biblijny-dla-szkol-podstawowych-w-plocku-radziwiu","status":"publish","type":"post","link":"https:\/\/spbielsk.pl\/?p=1580","title":{"rendered":"XXI Diecezjalny Konkurs Biblijny dla szk\u00f3\u0142 podstawowych w P\u0142ocku-Radziwiu"},"content":{"rendered":"<p>XXI Diecezjalny Konkurs Biblijny nt.: \u201eEwangelista \u0141ukasz i jego Ewangelia\u201d. dla uczni\u00f3w szk\u00f3\u0142 podstawowych odby\u0142 si\u0119 15 maja 2015 roku w Szkole Podstawowej nr.5 w P\u0142ocku-Radziwiu.<br \/>\nW finale konkursu biblijnego wzi\u0119\u0142o udzia\u0142 55 uczestnik\u00f3w z ca\u0142ej diecezji ( tj. z 124 parafii, z 26 dekanat\u00f3w w diecezji.)<!--more--><\/p>\n<p>\u201eDla wielu to w\u0142a\u015bnie Ewangelia wed\u0142ug \u015bw. \u0141ukasza jest najpi\u0119kniejsza, bo najbardziej mi\u0142osierna i najbardziej maryjna &#8211; m\u00f3wi\u0142 ks. kan. dr Andrzej Krasi\u0144ski, dyrektor wydzia\u0142u katechetycznego p\u0142ockiej Kurii. \u2013 Chcia\u0142bym, aby\u015bcie czytali j\u0105 z sercem i zarazem pytali Pana Boga, co chce wam przez ni\u0105 powiedzie\u0107? Do czego was zach\u0119ca? Zafascynujcie si\u0119 tym S\u0142owem Bo\u017cym\u201d \u2013 zach\u0119ca\u0142 organizator konkursu.<br \/>\nKonkurs sk\u0142ada\u0142 si\u0119 z dw\u00f3ch cz\u0119\u015bci: testu pisemnego i cz\u0119\u015bci ustnej.<br \/>\nW\u015br\u00f3d laureat\u00f3w w \u015bcis\u0142ym finale znalaz\u0142a si\u0119 nasza uczennica <strong>Dominika Dymek zajmuj\u0105c IV wyr\u00f3\u017cnione miejsce. <\/strong><\/p>\n<p>Gratulujemy i \u017cyczymy dalszych sukces\u00f3w.<\/p>\n<p>M. Maruszewska<\/p>\n<p style=\"text-align: center;\">\r\n<div class=\"ngg-galleryoverview\" id=\"ngg-gallery-106-1580\">\r\n\r\n\t<!-- Slideshow link -->\r\n\t<div class=\"slideshowlink\">\r\n\t\t<a class=\"slideshowlink\" href=\"https:\/\/spbielsk.pl\/?p=1580&amp;show=slide\">\r\n\t\t\t[Show slideshow]\t\t<\/a>\r\n\t<\/div>\r\n\r\n\t\r\n\t<!-- Thumbnails -->\r\n\t\t\r\n\t<div id=\"ngg-image-2615\" class=\"ngg-gallery-thumbnail-box\"  >\r\n\t\t<div class=\"ngg-gallery-thumbnail\" >\r\n\t\t\t<a href=\"https:\/\/spbielsk.pl\/wp-content\/gallery\/konkursbibl2015\/20150515_122655-copy.jpg\" title=\" \"   rel=\"lightbox[1580]\">\r\n\t\t\t\t\t\t\t\t<img decoding=\"async\" title=\"20150515_122655-copy\" alt=\"20150515_122655-copy\" src=\"https:\/\/spbielsk.pl\/wp-content\/gallery\/konkursbibl2015\/thumbs\/thumbs_20150515_122655-copy.jpg\" width=\"120\" height=\"90\" \/>\r\n\t\t\t\t\t\t\t<\/a>\r\n\t\t<\/div>\r\n\t<\/div>\r\n\t\r\n\t\t\r\n \t\t\r\n\t<div id=\"ngg-image-2616\" class=\"ngg-gallery-thumbnail-box\"  >\r\n\t\t<div class=\"ngg-gallery-thumbnail\" >\r\n\t\t\t<a href=\"https:\/\/spbielsk.pl\/wp-content\/gallery\/konkursbibl2015\/20150515_132854-copy.jpg\" title=\" \"   rel=\"lightbox[1580]\">\r\n\t\t\t\t\t\t\t\t<img decoding=\"async\" title=\"20150515_132854-copy\" alt=\"20150515_132854-copy\" src=\"https:\/\/spbielsk.pl\/wp-content\/gallery\/konkursbibl2015\/thumbs\/thumbs_20150515_132854-copy.jpg\" width=\"120\" height=\"90\" \/>\r\n\t\t\t\t\t\t\t<\/a>\r\n\t\t<\/div>\r\n\t<\/div>\r\n\t\r\n\t\t\r\n \t\t\r\n\t<div id=\"ngg-image-2617\" class=\"ngg-gallery-thumbnail-box\"  >\r\n\t\t<div class=\"ngg-gallery-thumbnail\" >\r\n\t\t\t<a href=\"https:\/\/spbielsk.pl\/wp-content\/gallery\/konkursbibl2015\/20150515_134050-copy.jpg\" title=\" \"   rel=\"lightbox[1580]\">\r\n\t\t\t\t\t\t\t\t<img decoding=\"async\" title=\"20150515_134050-copy\" alt=\"20150515_134050-copy\" src=\"https:\/\/spbielsk.pl\/wp-content\/gallery\/konkursbibl2015\/thumbs\/thumbs_20150515_134050-copy.jpg\" width=\"120\" height=\"90\" \/>\r\n\t\t\t\t\t\t\t<\/a>\r\n\t\t<\/div>\r\n\t<\/div>\r\n\t\r\n\t\t\r\n \t\t\r\n\t<div id=\"ngg-image-2618\" class=\"ngg-gallery-thumbnail-box\"  >\r\n\t\t<div class=\"ngg-gallery-thumbnail\" >\r\n\t\t\t<a href=\"https:\/\/spbielsk.pl\/wp-content\/gallery\/konkursbibl2015\/20150515_134210-copy.jpg\" title=\" \"   rel=\"lightbox[1580]\">\r\n\t\t\t\t\t\t\t\t<img loading=\"lazy\" decoding=\"async\" title=\"20150515_134210-copy\" alt=\"20150515_134210-copy\" src=\"https:\/\/spbielsk.pl\/wp-content\/gallery\/konkursbibl2015\/thumbs\/thumbs_20150515_134210-copy.jpg\" width=\"120\" height=\"90\" \/>\r\n\t\t\t\t\t\t\t<\/a>\r\n\t\t<\/div>\r\n\t<\/div>\r\n\t\r\n\t\t\r\n \t\t\r\n\t<div id=\"ngg-image-2619\" class=\"ngg-gallery-thumbnail-box\"  >\r\n\t\t<div class=\"ngg-gallery-thumbnail\" >\r\n\t\t\t<a href=\"https:\/\/spbielsk.pl\/wp-content\/gallery\/konkursbibl2015\/20150515_134245-copy.jpg\" title=\" \"   rel=\"lightbox[1580]\">\r\n\t\t\t\t\t\t\t\t<img loading=\"lazy\" decoding=\"async\" title=\"20150515_134245-copy\" alt=\"20150515_134245-copy\" src=\"https:\/\/spbielsk.pl\/wp-content\/gallery\/konkursbibl2015\/thumbs\/thumbs_20150515_134245-copy.jpg\" width=\"120\" height=\"90\" \/>\r\n\t\t\t\t\t\t\t<\/a>\r\n\t\t<\/div>\r\n\t<\/div>\r\n\t\r\n\t\t\r\n \t\t\r\n\t<div id=\"ngg-image-2620\" class=\"ngg-gallery-thumbnail-box\"  >\r\n\t\t<div class=\"ngg-gallery-thumbnail\" >\r\n\t\t\t<a href=\"https:\/\/spbielsk.pl\/wp-content\/gallery\/konkursbibl2015\/20150515_134431-copy.jpg\" title=\" \"   rel=\"lightbox[1580]\">\r\n\t\t\t\t\t\t\t\t<img loading=\"lazy\" decoding=\"async\" title=\"20150515_134431-copy\" alt=\"20150515_134431-copy\" src=\"https:\/\/spbielsk.pl\/wp-content\/gallery\/konkursbibl2015\/thumbs\/thumbs_20150515_134431-copy.jpg\" width=\"120\" height=\"90\" \/>\r\n\t\t\t\t\t\t\t<\/a>\r\n\t\t<\/div>\r\n\t<\/div>\r\n\t\r\n\t\t\r\n \t\t\r\n\t<div id=\"ngg-image-2621\" class=\"ngg-gallery-thumbnail-box\"  >\r\n\t\t<div class=\"ngg-gallery-thumbnail\" >\r\n\t\t\t<a href=\"https:\/\/spbielsk.pl\/wp-content\/gallery\/konkursbibl2015\/20150515_134649-copy.jpg\" title=\" \"   rel=\"lightbox[1580]\">\r\n\t\t\t\t\t\t\t\t<img loading=\"lazy\" decoding=\"async\" title=\"20150515_134649-copy\" alt=\"20150515_134649-copy\" src=\"https:\/\/spbielsk.pl\/wp-content\/gallery\/konkursbibl2015\/thumbs\/thumbs_20150515_134649-copy.jpg\" width=\"120\" height=\"90\" \/>\r\n\t\t\t\t\t\t\t<\/a>\r\n\t\t<\/div>\r\n\t<\/div>\r\n\t\r\n\t\t\r\n \t \t\r\n\t<!-- Pagination -->\r\n \t<div class='ngg-clear'><\/div>\n \t\r\n<\/div>\r\n\r\n<\/p>\n","protected":false},"excerpt":{"rendered":"<p>XXI Diecezjalny Konkurs Biblijny nt.: \u201eEwangelista \u0141ukasz i jego Ewangelia\u201d. dla uczni\u00f3w szk\u00f3\u0142 podstawowych odby\u0142 si\u0119 15 maja 2015 roku w Szkole Podstawowej nr.5 w P\u0142ocku-Radziwiu. W finale konkursu biblijnego wzi\u0119\u0142o udzia\u0142 55 uczestnik\u00f3w z ca\u0142ej diecezji ( tj. z 124 parafii, z 26 dekanat\u00f3w w diecezji.)<\/p>\n","protected":false},"author":1,"featured_media":0,"comment_status":"closed","ping_status":"closed","sticky":false,"template":"","format":"standard","meta":{"footnotes":""},"categories":[5],"tags":[],"class_list":["post-1580","post","type-post","status-publish","format-standard","hentry","category-s-p-bielsk"],"_links":{"self":[{"href":"https:\/\/spbielsk.pl\/index.php?rest_route=\/wp\/v2\/posts\/1580","targetHints":{"allow":["GET"]}}],"collection":[{"href":"https:\/\/spbielsk.pl\/index.php?rest_route=\/wp\/v2\/posts"}],"about":[{"href":"https:\/\/spbielsk.pl\/index.php?rest_route=\/wp\/v2\/types\/post"}],"author":[{"embeddable":true,"href":"https:\/\/spbielsk.pl\/index.php?rest_route=\/wp\/v2\/users\/1"}],"replies":[{"embeddable":true,"href":"https:\/\/spbielsk.pl\/index.php?rest_route=%2Fwp%2Fv2%2Fcomments&post=1580"}],"version-history":[{"count":4,"href":"https:\/\/spbielsk.pl\/index.php?rest_route=\/wp\/v2\/posts\/1580\/revisions"}],"predecessor-version":[{"id":1585,"href":"https:\/\/spbielsk.pl\/index.php?rest_route=\/wp\/v2\/posts\/1580\/revisions\/1585"}],"wp:attachment":[{"href":"https:\/\/spbielsk.pl\/index.php?rest_route=%2Fwp%2Fv2%2Fmedia&parent=1580"}],"wp:term":[{"taxonomy":"category","embeddable":true,"href":"https:\/\/spbielsk.pl\/index.php?rest_route=%2Fwp%2Fv2%2Fcategories&post=1580"},{"taxonomy":"post_tag","embeddable":true,"href":"https:\/\/spbielsk.pl\/index.php?rest_route=%2Fwp%2Fv2%2Ftags&post=1580"}],"curies":[{"name":"wp","href":"https:\/\/api.w.org\/{rel}","templated":true}]}}