{"id":1385,"date":"2015-04-15T19:27:07","date_gmt":"2015-04-15T18:27:07","guid":{"rendered":"http:\/\/spbielsk.pl\/?p=1385"},"modified":"2015-04-29T06:52:20","modified_gmt":"2015-04-29T05:52:20","slug":"wiosenne-przedstawienie","status":"publish","type":"post","link":"https:\/\/spbielsk.pl\/?p=1385","title":{"rendered":"WIOSENNE PRZEDSTAWIENIE"},"content":{"rendered":"<p>30 marca w naszej szkole odby\u0142o si\u0119 przedstawienie dla uczni\u00f3w klas I \u2013 III z okazji Pierwszego Dnia Wiosny. Aktorzy ze szkolnej \u015bwietlicy wcielili si\u0119 w rol\u0119 wiosennych bohater\u00f3w, a na koniec przedstawienia zaprezentowali swoje umiej\u0119tno\u015bci wokalne.<!--more--><\/p>\n<p style=\"text-align: center;\">\u00a0\r\n<div class=\"ngg-galleryoverview\" id=\"ngg-gallery-90-1385\">\r\n\r\n\t<!-- Slideshow link -->\r\n\t<div class=\"slideshowlink\">\r\n\t\t<a class=\"slideshowlink\" href=\"https:\/\/spbielsk.pl\/?p=1385&amp;show=slide\">\r\n\t\t\t[Show slideshow]\t\t<\/a>\r\n\t<\/div>\r\n\r\n\t\r\n\t<!-- Thumbnails -->\r\n\t\t\r\n\t<div id=\"ngg-image-1950\" class=\"ngg-gallery-thumbnail-box\"  >\r\n\t\t<div class=\"ngg-gallery-thumbnail\" >\r\n\t\t\t<a href=\"https:\/\/spbielsk.pl\/wp-content\/gallery\/przedstwiosswiet15\/20150330_100159-copy.jpg\" title=\" \"   rel=\"lightbox[1385]\">\r\n\t\t\t\t\t\t\t\t<img decoding=\"async\" title=\"20150330_100159-copy\" alt=\"20150330_100159-copy\" src=\"https:\/\/spbielsk.pl\/wp-content\/gallery\/przedstwiosswiet15\/thumbs\/thumbs_20150330_100159-copy.jpg\" width=\"120\" height=\"90\" \/>\r\n\t\t\t\t\t\t\t<\/a>\r\n\t\t<\/div>\r\n\t<\/div>\r\n\t\r\n\t\t\r\n \t\t\r\n\t<div id=\"ngg-image-1951\" class=\"ngg-gallery-thumbnail-box\"  >\r\n\t\t<div class=\"ngg-gallery-thumbnail\" >\r\n\t\t\t<a href=\"https:\/\/spbielsk.pl\/wp-content\/gallery\/przedstwiosswiet15\/20150330_100246-copy.jpg\" title=\" \"   rel=\"lightbox[1385]\">\r\n\t\t\t\t\t\t\t\t<img decoding=\"async\" title=\"20150330_100246-copy\" alt=\"20150330_100246-copy\" src=\"https:\/\/spbielsk.pl\/wp-content\/gallery\/przedstwiosswiet15\/thumbs\/thumbs_20150330_100246-copy.jpg\" width=\"120\" height=\"90\" \/>\r\n\t\t\t\t\t\t\t<\/a>\r\n\t\t<\/div>\r\n\t<\/div>\r\n\t\r\n\t\t\r\n \t\t\r\n\t<div id=\"ngg-image-1952\" class=\"ngg-gallery-thumbnail-box\"  >\r\n\t\t<div class=\"ngg-gallery-thumbnail\" >\r\n\t\t\t<a href=\"https:\/\/spbielsk.pl\/wp-content\/gallery\/przedstwiosswiet15\/20150330_100442-copy.jpg\" title=\" \"   rel=\"lightbox[1385]\">\r\n\t\t\t\t\t\t\t\t<img decoding=\"async\" title=\"20150330_100442-copy\" alt=\"20150330_100442-copy\" src=\"https:\/\/spbielsk.pl\/wp-content\/gallery\/przedstwiosswiet15\/thumbs\/thumbs_20150330_100442-copy.jpg\" width=\"120\" height=\"90\" \/>\r\n\t\t\t\t\t\t\t<\/a>\r\n\t\t<\/div>\r\n\t<\/div>\r\n\t\r\n\t\t\r\n \t\t\r\n\t<div id=\"ngg-image-1953\" class=\"ngg-gallery-thumbnail-box\"  >\r\n\t\t<div class=\"ngg-gallery-thumbnail\" >\r\n\t\t\t<a href=\"https:\/\/spbielsk.pl\/wp-content\/gallery\/przedstwiosswiet15\/20150330_100714-copy.jpg\" title=\" \"   rel=\"lightbox[1385]\">\r\n\t\t\t\t\t\t\t\t<img loading=\"lazy\" decoding=\"async\" title=\"20150330_100714-copy\" alt=\"20150330_100714-copy\" src=\"https:\/\/spbielsk.pl\/wp-content\/gallery\/przedstwiosswiet15\/thumbs\/thumbs_20150330_100714-copy.jpg\" width=\"120\" height=\"90\" \/>\r\n\t\t\t\t\t\t\t<\/a>\r\n\t\t<\/div>\r\n\t<\/div>\r\n\t\r\n\t\t\r\n \t\t\r\n\t<div id=\"ngg-image-1954\" class=\"ngg-gallery-thumbnail-box\"  >\r\n\t\t<div class=\"ngg-gallery-thumbnail\" >\r\n\t\t\t<a href=\"https:\/\/spbielsk.pl\/wp-content\/gallery\/przedstwiosswiet15\/20150330_100838-copy.jpg\" title=\" \"   rel=\"lightbox[1385]\">\r\n\t\t\t\t\t\t\t\t<img loading=\"lazy\" decoding=\"async\" title=\"20150330_100838-copy\" alt=\"20150330_100838-copy\" src=\"https:\/\/spbielsk.pl\/wp-content\/gallery\/przedstwiosswiet15\/thumbs\/thumbs_20150330_100838-copy.jpg\" width=\"120\" height=\"90\" \/>\r\n\t\t\t\t\t\t\t<\/a>\r\n\t\t<\/div>\r\n\t<\/div>\r\n\t\r\n\t\t\r\n \t\t\r\n\t<div id=\"ngg-image-1955\" class=\"ngg-gallery-thumbnail-box\"  >\r\n\t\t<div class=\"ngg-gallery-thumbnail\" >\r\n\t\t\t<a href=\"https:\/\/spbielsk.pl\/wp-content\/gallery\/przedstwiosswiet15\/20150330_100848-copy.jpg\" title=\" \"   rel=\"lightbox[1385]\">\r\n\t\t\t\t\t\t\t\t<img loading=\"lazy\" decoding=\"async\" title=\"20150330_100848-copy\" alt=\"20150330_100848-copy\" src=\"https:\/\/spbielsk.pl\/wp-content\/gallery\/przedstwiosswiet15\/thumbs\/thumbs_20150330_100848-copy.jpg\" width=\"120\" height=\"90\" \/>\r\n\t\t\t\t\t\t\t<\/a>\r\n\t\t<\/div>\r\n\t<\/div>\r\n\t\r\n\t\t\r\n \t\t\r\n\t<div id=\"ngg-image-1956\" class=\"ngg-gallery-thumbnail-box\"  >\r\n\t\t<div class=\"ngg-gallery-thumbnail\" >\r\n\t\t\t<a href=\"https:\/\/spbielsk.pl\/wp-content\/gallery\/przedstwiosswiet15\/20150330_100905-copy.jpg\" title=\" \"   rel=\"lightbox[1385]\">\r\n\t\t\t\t\t\t\t\t<img loading=\"lazy\" decoding=\"async\" title=\"20150330_100905-copy\" alt=\"20150330_100905-copy\" src=\"https:\/\/spbielsk.pl\/wp-content\/gallery\/przedstwiosswiet15\/thumbs\/thumbs_20150330_100905-copy.jpg\" width=\"120\" height=\"90\" \/>\r\n\t\t\t\t\t\t\t<\/a>\r\n\t\t<\/div>\r\n\t<\/div>\r\n\t\r\n\t\t\r\n \t\t\r\n\t<div id=\"ngg-image-1957\" class=\"ngg-gallery-thumbnail-box\"  >\r\n\t\t<div class=\"ngg-gallery-thumbnail\" >\r\n\t\t\t<a href=\"https:\/\/spbielsk.pl\/wp-content\/gallery\/przedstwiosswiet15\/20150330_100936-copy.jpg\" title=\" \"   rel=\"lightbox[1385]\">\r\n\t\t\t\t\t\t\t\t<img loading=\"lazy\" decoding=\"async\" title=\"20150330_100936-copy\" alt=\"20150330_100936-copy\" src=\"https:\/\/spbielsk.pl\/wp-content\/gallery\/przedstwiosswiet15\/thumbs\/thumbs_20150330_100936-copy.jpg\" width=\"120\" height=\"90\" \/>\r\n\t\t\t\t\t\t\t<\/a>\r\n\t\t<\/div>\r\n\t<\/div>\r\n\t\r\n\t\t\r\n \t\t\r\n\t<div id=\"ngg-image-1958\" class=\"ngg-gallery-thumbnail-box\"  >\r\n\t\t<div class=\"ngg-gallery-thumbnail\" >\r\n\t\t\t<a href=\"https:\/\/spbielsk.pl\/wp-content\/gallery\/przedstwiosswiet15\/20150330_101400-copy.jpg\" title=\" \"   rel=\"lightbox[1385]\">\r\n\t\t\t\t\t\t\t\t<img loading=\"lazy\" decoding=\"async\" title=\"20150330_101400-copy\" alt=\"20150330_101400-copy\" src=\"https:\/\/spbielsk.pl\/wp-content\/gallery\/przedstwiosswiet15\/thumbs\/thumbs_20150330_101400-copy.jpg\" width=\"120\" height=\"90\" \/>\r\n\t\t\t\t\t\t\t<\/a>\r\n\t\t<\/div>\r\n\t<\/div>\r\n\t\r\n\t\t\r\n \t \t\r\n\t<!-- Pagination -->\r\n \t<div class='ngg-clear'><\/div>\n \t\r\n<\/div>\r\n\r\n<\/p>\n<p>&nbsp;<\/p>\n","protected":false},"excerpt":{"rendered":"<p>30 marca w naszej szkole odby\u0142o si\u0119 przedstawienie dla uczni\u00f3w klas I \u2013 III z okazji Pierwszego Dnia Wiosny. Aktorzy ze szkolnej \u015bwietlicy wcielili si\u0119 w rol\u0119 wiosennych bohater\u00f3w, a na koniec przedstawienia zaprezentowali swoje umiej\u0119tno\u015bci wokalne.<\/p>\n","protected":false},"author":1,"featured_media":0,"comment_status":"closed","ping_status":"closed","sticky":false,"template":"","format":"gallery","meta":{"footnotes":""},"categories":[5],"tags":[],"class_list":["post-1385","post","type-post","status-publish","format-gallery","hentry","category-s-p-bielsk","post_format-post-format-gallery"],"_links":{"self":[{"href":"https:\/\/spbielsk.pl\/index.php?rest_route=\/wp\/v2\/posts\/1385","targetHints":{"allow":["GET"]}}],"collection":[{"href":"https:\/\/spbielsk.pl\/index.php?rest_route=\/wp\/v2\/posts"}],"about":[{"href":"https:\/\/spbielsk.pl\/index.php?rest_route=\/wp\/v2\/types\/post"}],"author":[{"embeddable":true,"href":"https:\/\/spbielsk.pl\/index.php?rest_route=\/wp\/v2\/users\/1"}],"replies":[{"embeddable":true,"href":"https:\/\/spbielsk.pl\/index.php?rest_route=%2Fwp%2Fv2%2Fcomments&post=1385"}],"version-history":[{"count":6,"href":"https:\/\/spbielsk.pl\/index.php?rest_route=\/wp\/v2\/posts\/1385\/revisions"}],"predecessor-version":[{"id":1493,"href":"https:\/\/spbielsk.pl\/index.php?rest_route=\/wp\/v2\/posts\/1385\/revisions\/1493"}],"wp:attachment":[{"href":"https:\/\/spbielsk.pl\/index.php?rest_route=%2Fwp%2Fv2%2Fmedia&parent=1385"}],"wp:term":[{"taxonomy":"category","embeddable":true,"href":"https:\/\/spbielsk.pl\/index.php?rest_route=%2Fwp%2Fv2%2Fcategories&post=1385"},{"taxonomy":"post_tag","embeddable":true,"href":"https:\/\/spbielsk.pl\/index.php?rest_route=%2Fwp%2Fv2%2Ftags&post=1385"}],"curies":[{"name":"wp","href":"https:\/\/api.w.org\/{rel}","templated":true}]}}